{"id":124914,"date":"2025-12-30T16:35:32","date_gmt":"2025-12-30T16:35:32","guid":{"rendered":"https:\/\/www.europesays.com\/no\/124914\/"},"modified":"2025-12-30T16:35:32","modified_gmt":"2025-12-30T16:35:32","slug":"passasjerene-matte-vente-i-flyet-pa-tromso-lufthavn-i-fem-timer-nordlys","status":"publish","type":"post","link":"https:\/\/www.europesays.com\/no\/124914\/","title":{"rendered":"Passasjerene m\u00e5tte vente i flyet p\u00e5 Troms\u00f8 lufthavn i fem timer &#8211; Nordlys"},"content":{"rendered":"<ol>\n<li><a href=\"https:\/\/news.google.com\/rss\/articles\/CBMiowFBVV95cUxPdFJQS3FyXzJwb09RWUhXTVJ5Y2h2RnBsbGp6SlRXd2hqVVlQS2Q1RXM4X0dHcGIxQmhROG5CMDFkQVNsbXd6VGFJY0J6SHFTMUlrTWNiNW5uT1BlSGhMVU1ZcXVVN1UyVjBBbGtGYnM1M2N6MHNaRkM2QUdEaHhOMDlwOEI1am1HcmNKemxtUElRMGV0RnZYMTFzT1E5YU9nR3R3?oc=5\" target=\"_blank\" rel=\"nofollow noopener\">Passasjerene m\u00e5tte vente i flyet p\u00e5 Troms\u00f8 lufthavn i fem timer<\/a>&nbsp;&nbsp;Nordlys<\/li>\n<li><a href=\"https:\/\/news.google.com\/rss\/articles\/CBMilwFBVV95cUxOZDBEZi01X0RLaFlTcnZZUkpQWlh0bWVRUWFET2FnNnhvU3N2M3RwdGVYM0tHS2M2VnlwWUZMTjFUWWd5Yjd0VDdoT1JoVFYyeElYcDhCeTJYaHRWeTVqVnp3NUY0RUp5YTF1VlFsTUQ2R0Vmd0hiS1FkZ0UtWm9XSU54bUtYUlh0NlRVdmg1QmhXMGpqMm1R?oc=5\" target=\"_blank\" rel=\"nofollow noopener\">V\u00e6rtr\u00f8bbel for flere fly &#8211; ga opp \u00e5 lande<\/a>&nbsp;&nbsp;adressa.no<\/li>\n<li><a href=\"https:\/\/news.google.com\/rss\/articles\/CBMi6gFBVV95cUxOWVdwQkEtTHJia0xERk9PTXVCcnJjWGNxVDRsVHJtN3ZVa2FqbXN2elc2WHl0SnZXVU1BS1hXZml4eUxQTzNwTlJnWkJXMlJZTUJldUpsd3BMUXBqX3N2akVIY254TFlzdXVCRzgycDRmSi1FaHF2R2NpX1d4WnI2N210YnBBcFhXc2VYVi1BZjN1QWJMcDdDY2xqSnpRcFRVVGhvRTBNcmYxbWM3YmRuY1RVQ1dfeVY2Znk4QzFVR0NERWVKMVhsSU9yQXNISThIWnVMYmVfWkV6OURMZUd2NFlPR01EYXIzMVE?oc=5\" target=\"_blank\" rel=\"nofollow noopener\">Avinor-ledelsen i Troms\u00f8 b\u00f8r kalles inn p\u00e5 teppet. Vi kan virkelig ikke fremst\u00e5 s\u00e5 amat\u00f8rmessig for turistene!<\/a>&nbsp;&nbsp;Nordnorsk debatt<\/li>\n<li><a href=\"https:\/\/news.google.com\/rss\/articles\/CBMie0FVX3lxTE9jVnZqWVhYbE1CcnB4anVlNDluWlgxbW1JY0dJNkVjYmNVY3gxbnVQSnJfbmpPazM2WmJ3TG5nSTAyUEJZRG95WjZMWkttWE8tX2ZBZ2ZKU2liV1YtNzl4WUdKaklWT3J4dmRMLWdjWDFvcjQzMmQ0SG1rZw?oc=5\" target=\"_blank\" rel=\"nofollow noopener\">Ruskev\u00ear skapar tr\u00f8bbel p\u00e5 vegane \u2013 Siste nytt<\/a>&nbsp;&nbsp;NRK<\/li>\n<li><a href=\"https:\/\/news.google.com\/rss\/articles\/CBMifkFVX3lxTE9WcEdqVU5YaXc2dHZud09LaVdMZlJ6RUFRaU04azduYXVoZXBxbnZKQXhtMmdsT1R0QWVqNHJHV1dsNE9VY3RacGV5RmlhVW5RWTJST2FqYkpBTHAxejAyTURFbnpjTHpMUmVwVUhMdmpkS0ZsMjBwR2Iwbng2dw?oc=5\" target=\"_blank\" rel=\"nofollow noopener\">Flytrafikk, Avganger | Fortsatt forsinkelser p\u00e5 flyplassen<\/a>&nbsp;&nbsp;Nordlys<\/li>\n<\/ol>\n","protected":false},"excerpt":{"rendered":"Passasjerene m\u00e5tte vente i flyet p\u00e5 Troms\u00f8 lufthavn i fem timer&nbsp;&nbsp;Nordlys V\u00e6rtr\u00f8bbel for flere fly &#8211; ga opp&hellip;\n","protected":false},"author":2,"featured_media":124915,"comment_status":"","ping_status":"","sticky":false,"template":"","format":"standard","meta":{"footnotes":""},"categories":[10],"tags":[20,21,24,25,15,22,23,13,30,28,29,14,16,26,27],"class_list":{"0":"post-124914","1":"post","2":"type-post","3":"status-publish","4":"format-standard","5":"has-post-thumbnail","7":"category-norge","8":"tag-breaking-news","9":"tag-breakingnews","10":"tag-featured-news","11":"tag-featurednews","12":"tag-headlines","13":"tag-latest-news","14":"tag-latestnews","15":"tag-news","16":"tag-no","17":"tag-norge","18":"tag-norway","19":"tag-nyheter","20":"tag-overskrifter","21":"tag-top-stories","22":"tag-topstories"},"share_on_mastodon":{"url":"https:\/\/pubeurope.com\/@no\/115809492810922226","error":""},"_links":{"self":[{"href":"https:\/\/www.europesays.com\/no\/wp-json\/wp\/v2\/posts\/124914","targetHints":{"allow":["GET"]}}],"collection":[{"href":"https:\/\/www.europesays.com\/no\/wp-json\/wp\/v2\/posts"}],"about":[{"href":"https:\/\/www.europesays.com\/no\/wp-json\/wp\/v2\/types\/post"}],"author":[{"embeddable":true,"href":"https:\/\/www.europesays.com\/no\/wp-json\/wp\/v2\/users\/2"}],"replies":[{"embeddable":true,"href":"https:\/\/www.europesays.com\/no\/wp-json\/wp\/v2\/comments?post=124914"}],"version-history":[{"count":0,"href":"https:\/\/www.europesays.com\/no\/wp-json\/wp\/v2\/posts\/124914\/revisions"}],"wp:featuredmedia":[{"embeddable":true,"href":"https:\/\/www.europesays.com\/no\/wp-json\/wp\/v2\/media\/124915"}],"wp:attachment":[{"href":"https:\/\/www.europesays.com\/no\/wp-json\/wp\/v2\/media?parent=124914"}],"wp:term":[{"taxonomy":"category","embeddable":true,"href":"https:\/\/www.europesays.com\/no\/wp-json\/wp\/v2\/categories?post=124914"},{"taxonomy":"post_tag","embeddable":true,"href":"https:\/\/www.europesays.com\/no\/wp-json\/wp\/v2\/tags?post=124914"}],"curies":[{"name":"wp","href":"https:\/\/api.w.org\/{rel}","templated":true}]}}