{"id":124917,"date":"2025-12-30T16:43:14","date_gmt":"2025-12-30T16:43:14","guid":{"rendered":"https:\/\/www.europesays.com\/no\/124917\/"},"modified":"2025-12-30T16:43:14","modified_gmt":"2025-12-30T16:43:14","slug":"debatt-butikkdod-butikkdoden-i-bergen-sentrum-er-ikke-et-forbrukerproblem-men-et-planleggingsproblem","status":"publish","type":"post","link":"https:\/\/www.europesays.com\/no\/124917\/","title":{"rendered":"Debatt, Butikkd\u00f8d | Butikkd\u00f8den i Bergen sentrum er ikke et forbrukerproblem, men et planleggingsproblem"},"content":{"rendered":"\n<p><b>Et bysentrum konkurrerer<\/b> ikke p\u00e5 pris eller bekvemmelighet, men p\u00e5 kvalitet, opplevelse og egenart. N\u00e5r byrom, gater og f\u00f8rsteetasjer ikke inviterer til opphold, handel og tilfeldige m\u00f8ter, forsvinner ogs\u00e5 grunnlaget for lokal handel.<\/p>\n<p>Dette er et fysisk og planfaglig ansvar, ikke et individuelt forbrukervalg.<\/p>\n<p>Da jeg leste artikkelen i <a href=\"https:\/\/www.ba.no\/frykter-for-fremtiden-til-butikkene-i-sentrum-jeg-felte-en-tare\/s\/5-8-3256260\" rel=\"Follow nofollow noopener\" target=\"_blank\">Bergensavisen p\u00e5 nett 17. desember<\/a> om sjefen for H\u00f8yer Bergen, Benjamin Michael Stefan Sw\u00e4rd, og hans hjertesukk over butikkd\u00f8den i sentrum, ble jeg sittende igjen med en uro.<\/p>\n<p>M\u00f8rklagte butikkvinduer er ikke bare et uttrykk for \u00f8konomiske utfordringer i varehandelen. De er et synlig tegn p\u00e5 at noe svikter i byens struktur, hverdagsliv og identitet.<\/p>\n<p>Men dersom analysen stopper ved at folk handler for lite i sentrum, bommer vi p\u00e5 selve \u00e5rsaken.<\/p>\n<p>  <a href=\"https:\/\/www.ba.no\/5-8-3256260\" class=\"related-teaser has-image default-story-teaser article--c-eRUmMG article--c-eRUmMG-jKCPdD-design-default\" rel=\"nofollow noopener\" target=\"_blank\"><\/p>\n<p>    <img decoding=\"async\" loading=\"lazy\"  src=\"https:\/\/www.europesays.com\/no\/wp-content\/uploads\/2025\/12\/6+%282%29.jpg\" alt=\"\" class=\"brick-c-cFOWSL\" style=\"\"\/><\/p>\n<p>\n            Les ogs\u00e5<\/p>\n<p>              Frykter for fremtiden til butikkene i sentrum: \u2013 Jeg felte en t\u00e5re\n        <\/p>\n<p>  <\/a><\/p>\n<p><b>Butikkd\u00f8den i bysentrene <\/b>handler ikke f\u00f8rst og fremst om moral, netthandel eller manglende lojalitet. Den er et resultat av flere ti\u00e5r med feilsl\u00e5tt byutvikling, der sentrum gradvis er blitt vanskeligere \u00e5 bruke, vanskeligere \u00e5 n\u00e5 og mindre relevant for stadig flere.<\/p>\n<p>Dette er godt dokumentert i faglitteraturen:<\/p>\n<p>Jane Jacobs, urbanist og en av det 20. \u00e5rhundrets viktigste bytenkere, viste allerede p\u00e5 1960-tallet hvordan handel forutsetter tette, blandede bymilj\u00f8er med kontinuerlig fottrafikk og menneskelig skala.<\/p>\n<p>Senere har arkitekter og byplanleggere som Leon Krier, Nir Haim Buras og Christopher Alexander pekt p\u00e5 det samme. Handel overlever der byer bygges som sammenhengende urbane rom, med aktive f\u00f8rsteetasjer, korte kvartaler og gater folk faktisk oppholder seg i.<\/p>\n<p>Felles for disse stemmene er at de ikke representerer nostalgisk teori, men tidl\u00f8se observasjoner av hvordan byer fungerer sosialt, \u00f8konomisk og romlig.<\/p>\n<p><b>I Bergen har <\/b>utviklingen g\u00e5tt i motsatt retning. Volumhandel er flyttet ut til kj\u00f8pesentre, sentrum er fragmentert i funksjonssoner, og tilgjengelighet er redusert uten at det samtidig er bygget opp et tydelig, attraktivt alternativ.<\/p>\n<p>Samtidig har folks bom\u00f8nster endret seg. De fleste barnefamilier bor i dag utenfor sentrumskjernen, med en hverdag preget av tidsklemme og logistikk.<\/p>\n<p>I en slik virkelighet er det langt enklere \u00e5 opps\u00f8ke kj\u00f8pesentre enn \u00e5 reise helt inn til en bykjerne som tilbyr mindre tilgjengelighet, men ikke mer kvalitet.<\/p>\n<p><b>All handel kan<\/b> ikke utf\u00f8res med kollektivtransport alene. Det er en utopi dersom sentrum ikke samtidig kan tilby noe unikt, noe som faktisk gir folk en grunn til \u00e5 velge byen fremfor standardiserte handelsarenaer som finnes overalt.<\/p>\n<p>Dette er heller ikke en ny situasjon. For over to \u00e5r siden dokumenterte <a href=\"https:\/\/www.bt.no\/btmagasinet\/i\/Xbd3Pn\/bt-talte-antall-tomme-lokaler-i-sentrumskjernen-70-butikker-og-naeringslokaler-sto-tomme\" rel=\"Follow nofollow noopener\" target=\"_blank\">Bergens Tidende at rundt 70 butikklokaler sto tomme i sentrumskjernen<\/a>, etter at n\u00e6r 200 butikker hadde forsvunnet p\u00e5 15 \u00e5r.<\/p>\n<p>Samme \u00e5r skrev <a href=\"https:\/\/www.ba.no\/butikkdod-i-sentrum-einars-overlevde-sa-vidt\/s\/5-8-2248633\" rel=\"Follow nofollow noopener\" target=\"_blank\">Bergensavisen om nisjebutikken Brim &amp; Tindar i \u00d8vregaten<\/a>, som s\u00e5 vidt overlevde etter kort driftstid fordi kundegrunnlaget utenfor Torgallmenningen var for svakt.<\/p>\n<p><b>Historien illustrerer et<\/b> m\u00f8nster: Butikker forsvinner ikke fordi de er d\u00e5rlig drevet, men fordi byen rundt dem ikke produserer nok hverdagsliv.<\/p>\n<p>Netthandel er derfor ikke d\u00f8dsst\u00f8tet for bysentrene. Den er katalysatoren som avsl\u00f8rer hvor strukturen allerede er svak.<\/p>\n<p>Da jeg leste Sw\u00e4rds hjertesukk, opplevde jeg det derfor som et varsko, ikke til forbrukerne, men til byens politiske og administrative ledelse.<\/p>\n<p><a href=\"https:\/\/www.arkitektur.no\/meninger\/debatt\/hvorfor-bygger-vi-fortsatt-byer-som-ikke-fungerer\/\" rel=\"Follow nofollow noopener\" target=\"_blank\">I en kronikk publisert p\u00e5 arkitektur.no 15. desember<\/a> peker jeg p\u00e5 hvordan norske byer systematisk har undergravd sine egne sentrum gjennom planlegging som prioriterer volum, effektivitet og gjennomstr\u00f8mning fremfor menneskelig skala og stedskvalitet.<\/p>\n<p><b>Butikkd\u00f8den i Bergen<\/b> er ikke et naturfenomen. Den er et resultat av politiske valg. Skal utviklingen snus, m\u00e5 ogs\u00e5 ansvaret tas der det h\u00f8rer hjemme.<\/p>\n<p>Et levende sentrum kan ikke vedtas i strategidokumenter eller overlates til forbrukernes samvittighet. Det m\u00e5 bygges, med vilje.<\/p>\n","protected":false},"excerpt":{"rendered":"Et bysentrum konkurrerer ikke p\u00e5 pris eller bekvemmelighet, men p\u00e5 kvalitet, opplevelse og egenart. N\u00e5r byrom, gater og&hellip;\n","protected":false},"author":2,"featured_media":124918,"comment_status":"","ping_status":"","sticky":false,"template":"","format":"standard","meta":{"footnotes":""},"categories":[10],"tags":[36,444,20,21,14745,37,24,25,15,22,23,13,30,28,29,14,1533,16,285,26,27],"class_list":{"0":"post-124917","1":"post","2":"type-post","3":"status-publish","4":"format-standard","5":"has-post-thumbnail","7":"category-norge","8":"tag-art","9":"tag-bergen","10":"tag-breaking-news","11":"tag-breakingnews","12":"tag-butikkdod","13":"tag-debatt","14":"tag-featured-news","15":"tag-featurednews","16":"tag-headlines","17":"tag-latest-news","18":"tag-latestnews","19":"tag-news","20":"tag-no","21":"tag-norge","22":"tag-norway","23":"tag-nyheter","24":"tag-opinion","25":"tag-overskrifter","26":"tag-sentrum","27":"tag-top-stories","28":"tag-topstories"},"share_on_mastodon":{"url":"https:\/\/pubeurope.com\/@no\/115809524398935680","error":""},"_links":{"self":[{"href":"https:\/\/www.europesays.com\/no\/wp-json\/wp\/v2\/posts\/124917","targetHints":{"allow":["GET"]}}],"collection":[{"href":"https:\/\/www.europesays.com\/no\/wp-json\/wp\/v2\/posts"}],"about":[{"href":"https:\/\/www.europesays.com\/no\/wp-json\/wp\/v2\/types\/post"}],"author":[{"embeddable":true,"href":"https:\/\/www.europesays.com\/no\/wp-json\/wp\/v2\/users\/2"}],"replies":[{"embeddable":true,"href":"https:\/\/www.europesays.com\/no\/wp-json\/wp\/v2\/comments?post=124917"}],"version-history":[{"count":0,"href":"https:\/\/www.europesays.com\/no\/wp-json\/wp\/v2\/posts\/124917\/revisions"}],"wp:featuredmedia":[{"embeddable":true,"href":"https:\/\/www.europesays.com\/no\/wp-json\/wp\/v2\/media\/124918"}],"wp:attachment":[{"href":"https:\/\/www.europesays.com\/no\/wp-json\/wp\/v2\/media?parent=124917"}],"wp:term":[{"taxonomy":"category","embeddable":true,"href":"https:\/\/www.europesays.com\/no\/wp-json\/wp\/v2\/categories?post=124917"},{"taxonomy":"post_tag","embeddable":true,"href":"https:\/\/www.europesays.com\/no\/wp-json\/wp\/v2\/tags?post=124917"}],"curies":[{"name":"wp","href":"https:\/\/api.w.org\/{rel}","templated":true}]}}