{"id":124923,"date":"2025-12-30T16:50:07","date_gmt":"2025-12-30T16:50:07","guid":{"rendered":"https:\/\/www.europesays.com\/no\/124923\/"},"modified":"2025-12-30T16:50:07","modified_gmt":"2025-12-30T16:50:07","slug":"fulle-sengeposter-pa-sjukehuset-mye-influensa","status":"publish","type":"post","link":"https:\/\/www.europesays.com\/no\/124923\/","title":{"rendered":"Fulle senge\u00adposter p\u00e5 sjukehuset \u2013 mye influensa"},"content":{"rendered":"<p data-testid=\"textWithMarkup-text\" data-v-81d7dc2b=\"\" data-v-62d58f52=\"\">Det sier klinikksjef Elisabeth Siebke.<\/p>\n<p data-testid=\"textWithMarkup-text\" data-v-81d7dc2b=\"\" data-v-62d58f52=\"\">Tirsdag midt p\u00e5 dag var det 15 pasienter i akuttmottaket i \u00c5lesund. Samtidig var det 26 innlagte p\u00e5 kirurgisk sengepost selv om det egentlig er plass til 20. P\u00e5 hele sjukehuset var det fem ledige sengeplasser for voksne, if\u00f8lge oversikten hun sitter med. <\/p>\n<p data-testid=\"textWithMarkup-markup\" data-v-62d58f52=\"\"><strong>\u2013 Som regel blir noen skrevet ut i l\u00f8pet av dagen.<\/strong><\/p>\n<p data-testid=\"textWithMarkup-markup\" data-v-62d58f52=\"\">\u2013 Og hvis ikke?<\/p>\n<p data-testid=\"textWithMarkup-text\" data-v-81d7dc2b=\"\" data-v-62d58f52=\"\">\u2013 Da blir det korridorseng. Alle sjukehusa i fylket samarbeider godt n\u00e5r det blir fullt. Ansatte har gjort en stor innsats for \u00e5 sikre et forsvarlig tilbud til befolkningen. Vi har kontroll p\u00e5 situasjonen, sier Siebke.<\/p>\n<p>Mer eller mindre hele jula<\/p>\n<p data-testid=\"textWithMarkup-markup\" data-v-62d58f52=\"\"><strong>85 prosent belegg p\u00e5 sengepostene er et nasjonalt m\u00e5l. Da kan bemanningen planlegges p\u00e5 en forsvarlig m\u00e5te. I jula har de v\u00e6rt godt over dette. Likevel har det alts\u00e5 g\u00e5tt bra, if\u00f8lge Siebke.<\/strong><\/p>\n<p data-testid=\"textWithMarkup-text\" data-v-81d7dc2b=\"\" data-v-62d58f52=\"\">Hvor mange pasienter de har hatt liggende p\u00e5 korridor den siste uka, har hun ikke oversikt over. <\/p>\n<p data-testid=\"textWithMarkup-text\" data-v-81d7dc2b=\"\" data-v-62d58f52=\"\">\u2013 Noen ganger kommer det inn pasienter som har en smittsom sjukdom som tilsier at de m\u00e5 ligge aleine. Da m\u00e5 kanskje to andre p\u00e5 gangen. Noen eldre har ogs\u00e5 et stort behov for ro. Ogs\u00e5 da er det kanskje andre som m\u00e5 ligge i korridoren. S\u00e5 det er mange krav. Jeg er s\u00e5 imponert over medarbeiderne, sier Siebke.<\/p>\n<p>2026<\/p>\n<p data-testid=\"textWithMarkup-markup\" data-v-62d58f52=\"\">\u2013 Det er strenge sparekrav p\u00e5 sjukehusa. Har du noe \u00f8nske for budsjettet ditt i 2026? <\/p>\n<p data-testid=\"textWithMarkup-text\" data-v-81d7dc2b=\"\" data-v-62d58f52=\"\">\u2013 \u00d8nsket for 2026 er at vi lykkes i \u00e5 balansere trygt helsetilbud til befolkningen, forsvarlige arbeidsforhold for ansatte og mulighet for utvikling innenfor tildelte rammer. Vi har en flott organisasjon som vi m\u00e5 og skal bevare, sier Siebke.<\/p>\n","protected":false},"excerpt":{"rendered":"Det sier klinikksjef Elisabeth Siebke. Tirsdag midt p\u00e5 dag var det 15 pasienter i akuttmottaket i \u00c5lesund. Samtidig&hellip;\n","protected":false},"author":2,"featured_media":124924,"comment_status":"","ping_status":"","sticky":false,"template":"","format":"standard","meta":{"footnotes":""},"categories":[10],"tags":[20,21,24,25,15,22,23,13,30,28,29,14,16,26,27],"class_list":{"0":"post-124923","1":"post","2":"type-post","3":"status-publish","4":"format-standard","5":"has-post-thumbnail","7":"category-norge","8":"tag-breaking-news","9":"tag-breakingnews","10":"tag-featured-news","11":"tag-featurednews","12":"tag-headlines","13":"tag-latest-news","14":"tag-latestnews","15":"tag-news","16":"tag-no","17":"tag-norge","18":"tag-norway","19":"tag-nyheter","20":"tag-overskrifter","21":"tag-top-stories","22":"tag-topstories"},"share_on_mastodon":{"url":"https:\/\/pubeurope.com\/@no\/115809551829261946","error":""},"_links":{"self":[{"href":"https:\/\/www.europesays.com\/no\/wp-json\/wp\/v2\/posts\/124923","targetHints":{"allow":["GET"]}}],"collection":[{"href":"https:\/\/www.europesays.com\/no\/wp-json\/wp\/v2\/posts"}],"about":[{"href":"https:\/\/www.europesays.com\/no\/wp-json\/wp\/v2\/types\/post"}],"author":[{"embeddable":true,"href":"https:\/\/www.europesays.com\/no\/wp-json\/wp\/v2\/users\/2"}],"replies":[{"embeddable":true,"href":"https:\/\/www.europesays.com\/no\/wp-json\/wp\/v2\/comments?post=124923"}],"version-history":[{"count":0,"href":"https:\/\/www.europesays.com\/no\/wp-json\/wp\/v2\/posts\/124923\/revisions"}],"wp:featuredmedia":[{"embeddable":true,"href":"https:\/\/www.europesays.com\/no\/wp-json\/wp\/v2\/media\/124924"}],"wp:attachment":[{"href":"https:\/\/www.europesays.com\/no\/wp-json\/wp\/v2\/media?parent=124923"}],"wp:term":[{"taxonomy":"category","embeddable":true,"href":"https:\/\/www.europesays.com\/no\/wp-json\/wp\/v2\/categories?post=124923"},{"taxonomy":"post_tag","embeddable":true,"href":"https:\/\/www.europesays.com\/no\/wp-json\/wp\/v2\/tags?post=124923"}],"curies":[{"name":"wp","href":"https:\/\/api.w.org\/{rel}","templated":true}]}}