{"id":124925,"date":"2025-12-30T16:58:08","date_gmt":"2025-12-30T16:58:08","guid":{"rendered":"https:\/\/www.europesays.com\/no\/124925\/"},"modified":"2025-12-30T16:58:08","modified_gmt":"2025-12-30T16:58:08","slug":"rykket-ut-brann-i-en-ledning","status":"publish","type":"post","link":"https:\/\/www.europesays.com\/no\/124925\/","title":{"rendered":"Rykket ut &#8211; brann i en ledning"},"content":{"rendered":"<p>Politiet melder om et branntill\u00f8p i en enebolig p\u00e5 Borkenes.<\/p>\n<p>Beboer har slukket brannen selv, men har pustet inn litt pulver fra brannslukningsapparatet, opplyste Troms politidistrikt klokka 16.05.<\/p>\n<p><strong>Det har v\u00e6rt brann i en ledning til en lampe. Brannvesenet jobber med utlufting og beboeren blir unders\u00f8kt av ambulansepersonell p\u00e5 stedet, skriver politiet i en oppdatert melding klokka 16.36.<\/strong><\/p>\n<p>Sak opprettes.<\/p>\n","protected":false},"excerpt":{"rendered":"Politiet melder om et branntill\u00f8p i en enebolig p\u00e5 Borkenes. Beboer har slukket brannen selv, men har pustet&hellip;\n","protected":false},"author":2,"featured_media":124926,"comment_status":"","ping_status":"","sticky":false,"template":"","format":"standard","meta":{"footnotes":""},"categories":[10],"tags":[371,20,21,24,25,15,2705,22,23,13,30,28,29,14,16,254,26,27],"class_list":{"0":"post-124925","1":"post","2":"type-post","3":"status-publish","4":"format-standard","5":"has-post-thumbnail","7":"category-norge","8":"tag-borkenes","9":"tag-breaking-news","10":"tag-breakingnews","11":"tag-featured-news","12":"tag-featurednews","13":"tag-headlines","14":"tag-kvaefjord","15":"tag-latest-news","16":"tag-latestnews","17":"tag-news","18":"tag-no","19":"tag-norge","20":"tag-norway","21":"tag-nyheter","22":"tag-overskrifter","23":"tag-politi","24":"tag-top-stories","25":"tag-topstories"},"share_on_mastodon":{"url":"https:\/\/pubeurope.com\/@no\/115809583263827128","error":""},"_links":{"self":[{"href":"https:\/\/www.europesays.com\/no\/wp-json\/wp\/v2\/posts\/124925","targetHints":{"allow":["GET"]}}],"collection":[{"href":"https:\/\/www.europesays.com\/no\/wp-json\/wp\/v2\/posts"}],"about":[{"href":"https:\/\/www.europesays.com\/no\/wp-json\/wp\/v2\/types\/post"}],"author":[{"embeddable":true,"href":"https:\/\/www.europesays.com\/no\/wp-json\/wp\/v2\/users\/2"}],"replies":[{"embeddable":true,"href":"https:\/\/www.europesays.com\/no\/wp-json\/wp\/v2\/comments?post=124925"}],"version-history":[{"count":0,"href":"https:\/\/www.europesays.com\/no\/wp-json\/wp\/v2\/posts\/124925\/revisions"}],"wp:featuredmedia":[{"embeddable":true,"href":"https:\/\/www.europesays.com\/no\/wp-json\/wp\/v2\/media\/124926"}],"wp:attachment":[{"href":"https:\/\/www.europesays.com\/no\/wp-json\/wp\/v2\/media?parent=124925"}],"wp:term":[{"taxonomy":"category","embeddable":true,"href":"https:\/\/www.europesays.com\/no\/wp-json\/wp\/v2\/categories?post=124925"},{"taxonomy":"post_tag","embeddable":true,"href":"https:\/\/www.europesays.com\/no\/wp-json\/wp\/v2\/tags?post=124925"}],"curies":[{"name":"wp","href":"https:\/\/api.w.org\/{rel}","templated":true}]}}