{"id":124927,"date":"2025-12-30T17:04:08","date_gmt":"2025-12-30T17:04:08","guid":{"rendered":"https:\/\/www.europesays.com\/no\/124927\/"},"modified":"2025-12-30T17:04:08","modified_gmt":"2025-12-30T17:04:08","slug":"george-clooney-frankrike-george-clooney-blir-franskmann-og-forlater-usa","status":"publish","type":"post","link":"https:\/\/www.europesays.com\/no\/124927\/","title":{"rendered":"George Clooney, Frankrike | George Clooney blir franskmann og forlater USA"},"content":{"rendered":"\n<p>Det er franske myndigheter som opplyser at George Clooney, kona Amal og tvillingene deres, Ella og Alexander (8 \u00e5r), har f\u00e5tt fransk statsborgerskap, skriver <a rel=\"Follow nofollow noopener\" href=\"https:\/\/www.cbsnews.com\/news\/george-clooney-wife-twins-french-citizenship\/?\" target=\"_blank\">CBS News<\/a>. Det ble offentliggjort i Journal Officiel, som et fra franske myndigheter.<\/p>\n<p>64 \u00e5r gamle Clooney har blitt fransk borger med fornavnet \u00abGeorge\u00bb og mellomnavnet \u00abTimothy\u00bb. Hans 47 \u00e5r gamle kone vil fortsette \u00e5 bruke sitt pikenavn, Amal Alamuddin.<\/p>\n<p>Menneskerettsadvokaten og skuespilleren vil bosette seg p\u00e5 eiendommen i Frankrike som paret kj\u00f8pte i 2021. Den ligger i Brignoles s\u00f8r i Frankrike, cirka to timer fra Cannes og Marseille. Kommunen har i underkant av 20.000 innbyggere. I et intervju med magasinet Esquire i oktober beskrev Clooney g\u00e5rden i Frankrike som parets prim\u00e6rbolig.<\/p>\n<p>\u00abJeg elsker den franske kulturen og spr\u00e5ket, selv om jeg fortsatt er d\u00e5rlig p\u00e5 det etter 400 dager med kurs\u00bb, sa Clooney til den franske radiokanalen RTL i desember.<\/p>\n<p>Avgj\u00f8relsen om \u00e5 flytte permanent til Frankrike, gjorde paret av hensyn til barna.<\/p>\n<p><b>Fra juli: <a class=\"simple-relation related-teaser article--c-eRUmMG article--c-eRUmMG-fZoQSp-design-nettavisen article--c-eRUmMG-gwthdJ-cv\" href=\"https:\/\/www.nettavisen.no\/jeg-haper-druser-rotta-amal-clooney-har-hatt-en-fryktelig-uke\/s\/5-95-2534663\" rel=\"nofollow noopener\" target=\"_blank\">\u2013 Jeg h\u00e5per druser-rotta Amal Clooney har hatt en fryktelig uke<\/a><\/b><\/p>\n<p>\u2013 Jeg var bekymret for \u00e5 oppdra barna v\u00e5re i LA, i Hollywoods kultur. Jeg vil ikke at de skal g\u00e5 rundt og bekymre seg for paparazzier (fotografer red. anm.). Jeg vil ikke at de skal bli sammenlignet med andres ber\u00f8mte barn, sa Clooney i intervjuet med magasinet.<\/p>\n<p>Clooney sier at de \u00e5tte \u00e5r gamle tvillingene n\u00e5 vokser opp i Frankrike, langt unna rampelyset.<\/p>\n<p>\u2013 De bruker ikke iPad-ene sine. De spiser middag med voksne og m\u00e5 ta oppvasken. De har et mye bedre liv, sier han.<\/p>\n<p>Clooney er fra Kentucky. Det er uklart om han vil beholde sitt amerikanske statsborgerskap. Kona er fra Libanon og har vokst opp i Storbritannia. Tvillingene er f\u00f8dt i London.<\/p>\n<p>Ekteparet eier ogs\u00e5 en eiendom i Comosj\u00f8en-regionen i Italia, samt en historisk herreg\u00e5rd i England, en leilighet i New York og en eiendom i Kentucky.<\/p>\n","protected":false},"excerpt":{"rendered":"Det er franske myndigheter som opplyser at George Clooney, kona Amal og tvillingene deres, Ella og Alexander (8&hellip;\n","protected":false},"author":2,"featured_media":124928,"comment_status":"","ping_status":"","sticky":false,"template":"","format":"standard","meta":{"footnotes":""},"categories":[12],"tags":[20,21,24,25,15,22,23,13,30,28,29,14,16,26,27,42,43,44,45],"class_list":{"0":"post-124927","1":"post","2":"type-post","3":"status-publish","4":"format-standard","5":"has-post-thumbnail","7":"category-verden","8":"tag-breaking-news","9":"tag-breakingnews","10":"tag-featured-news","11":"tag-featurednews","12":"tag-headlines","13":"tag-latest-news","14":"tag-latestnews","15":"tag-news","16":"tag-no","17":"tag-norge","18":"tag-norway","19":"tag-nyheter","20":"tag-overskrifter","21":"tag-top-stories","22":"tag-topstories","23":"tag-verden","24":"tag-world","25":"tag-world-news","26":"tag-worldnews"},"share_on_mastodon":{"url":"https:\/\/pubeurope.com\/@no\/115809606980287009","error":""},"_links":{"self":[{"href":"https:\/\/www.europesays.com\/no\/wp-json\/wp\/v2\/posts\/124927","targetHints":{"allow":["GET"]}}],"collection":[{"href":"https:\/\/www.europesays.com\/no\/wp-json\/wp\/v2\/posts"}],"about":[{"href":"https:\/\/www.europesays.com\/no\/wp-json\/wp\/v2\/types\/post"}],"author":[{"embeddable":true,"href":"https:\/\/www.europesays.com\/no\/wp-json\/wp\/v2\/users\/2"}],"replies":[{"embeddable":true,"href":"https:\/\/www.europesays.com\/no\/wp-json\/wp\/v2\/comments?post=124927"}],"version-history":[{"count":0,"href":"https:\/\/www.europesays.com\/no\/wp-json\/wp\/v2\/posts\/124927\/revisions"}],"wp:featuredmedia":[{"embeddable":true,"href":"https:\/\/www.europesays.com\/no\/wp-json\/wp\/v2\/media\/124928"}],"wp:attachment":[{"href":"https:\/\/www.europesays.com\/no\/wp-json\/wp\/v2\/media?parent=124927"}],"wp:term":[{"taxonomy":"category","embeddable":true,"href":"https:\/\/www.europesays.com\/no\/wp-json\/wp\/v2\/categories?post=124927"},{"taxonomy":"post_tag","embeddable":true,"href":"https:\/\/www.europesays.com\/no\/wp-json\/wp\/v2\/tags?post=124927"}],"curies":[{"name":"wp","href":"https:\/\/api.w.org\/{rel}","templated":true}]}}