{"id":124929,"date":"2025-12-30T17:05:15","date_gmt":"2025-12-30T17:05:15","guid":{"rendered":"https:\/\/www.europesays.com\/no\/124929\/"},"modified":"2025-12-30T17:05:15","modified_gmt":"2025-12-30T17:05:15","slug":"her-blir-det-felles-fyrverkeri-pa-nyttarsaften-vol-no","status":"publish","type":"post","link":"https:\/\/www.europesays.com\/no\/124929\/","title":{"rendered":"(+) Her blir det felles fyrverkeri p\u00e5 nytt\u00e5rsaften &#8211; vol.no"},"content":{"rendered":"<ol>\n<li><a href=\"https:\/\/news.google.com\/rss\/articles\/CBMijAFBVV95cUxQelNXLXZSNmFGcUxicnN4X29YcHMtNl9YRXhpWW9DT3ZDdkpjdEVNXzlIZC1VVDBLN2RmM2M5LTZtQnlyREJIMVA3dFRNYzRWV1lPNFNJYWVrbnNPbWpXbUJBQ2NreGZXTXNzeGg2cEh5aFI1N3Z4OTFYN2tVdXVwYU5wSm9hYWwtTXBRbw?oc=5\" target=\"_blank\" rel=\"nofollow noopener\">(+) Her blir det felles fyrverkeri p\u00e5 nytt\u00e5rsaften<\/a>&nbsp;&nbsp;vol.no<\/li>\n<li><a href=\"https:\/\/news.google.com\/rss\/articles\/CBMilAFBVV95cUxPc0VXc3pWb3lneVNpTjFkQU02S0tzQzZ2YmxNbmZpeHVQTVFOYzRKZDMxUmJ6WVdEZjM2d0xwSm5IcmxCMlloaDNzRFlqN2hKc2g4Mmd6b0hMNmxyRnVYTWlSaG1NRDlzTmJFckljTk5CbFAzTnpwT1h2eEhrUnVWSjczcjhlRm5lcFE2VTFiWFZqblNE?oc=5\" target=\"_blank\" rel=\"nofollow noopener\">Lurer du p\u00e5 hvor det smeller p\u00e5 nytt\u00e5rsaften?<\/a>&nbsp;&nbsp;Stavanger Aftenblad<\/li>\n<li><a href=\"https:\/\/news.google.com\/rss\/articles\/CBMinwFBVV95cUxQQnNjemtHSThNRXdSWjVZMVhHQW5QWHpkemFhTFFlQXNUeW5GYWdGSkd2QWU1RDJYcDJPaEZYMmY3akliU2g0V0JqU25Cb2h1TFJqT2Q2SWpkQ2RnOGRKMkE4TFA2NEtFYmxFQXV3cEVSSHJhU00zNnEwYnRsNmVSYS1xWWVBZkNvcU10TUNIU1g4VjI1YzI3RmVCdGFGWG8?oc=5\" target=\"_blank\" rel=\"nofollow noopener\">Bare ett felles fyrverkeri i Strand, Hjelmeland og Forsand<\/a>&nbsp;&nbsp;Strandbuen<\/li>\n<li><a href=\"https:\/\/news.google.com\/rss\/articles\/CBMieEFVX3lxTFBCVk9UTnFiMjlFVFl1SldVRE5fS1Y1am1mSG5NbVJxMmNtYWdHVXNwS29kbTBPZFZFTWN6MHljX0ZldHFfbjNrT2E4SmRzM1Q3dlRBZFdoa3NZNXZRbWJ3NUxRLWNqTVF2dzZET1F3b1ZrQUZ4NUg2bw?oc=5\" target=\"_blank\" rel=\"nofollow noopener\">Slik blir fyrverkeriet i \u00e5r<\/a>&nbsp;&nbsp;vestnytt.no<\/li>\n<li><a href=\"https:\/\/news.google.com\/rss\/articles\/CBMiiAFBVV95cUxQNzN2ZzZlTFJ0NGRvb1F4eDZ6ZVZCX0VpX0l6WmRkMFZEU0VMNGdobkxvZFFlRVVmeEpkT2J3dEkwWVBoZUZRalEtTzVHRjBqcGtLZkF0c0hZTndDWnYycHBRQUt2UklDWlZLMzFCUEd0bklkRVJxT19aUTIwQnpaV2Z1NzZmTXNI?oc=5\" target=\"_blank\" rel=\"nofollow noopener\">Festfyrverkeri p\u00e5 nytt\u00e5rsaftan<\/a>&nbsp;&nbsp;\u00d8ygarden kommune<\/li>\n<\/ol>\n","protected":false},"excerpt":{"rendered":"(+) Her blir det felles fyrverkeri p\u00e5 nytt\u00e5rsaften&nbsp;&nbsp;vol.no Lurer du p\u00e5 hvor det smeller p\u00e5 nytt\u00e5rsaften?&nbsp;&nbsp;Stavanger Aftenblad Bare&hellip;\n","protected":false},"author":2,"featured_media":124930,"comment_status":"","ping_status":"","sticky":false,"template":"","format":"standard","meta":{"footnotes":""},"categories":[10],"tags":[3396,20,21,14747,24,25,10497,1107,15,22,23,13,30,28,29,14,13381,16,3482,3673,12202,26,27,1106],"class_list":{"0":"post-124929","1":"post","2":"type-post","3":"status-publish","4":"format-standard","5":"has-post-thumbnail","7":"category-norge","8":"tag-andoya","9":"tag-breaking-news","10":"tag-breakingnews","11":"tag-dverberg","12":"tag-featured-news","13":"tag-featurednews","14":"tag-fyrverkeri","15":"tag-hadsel","16":"tag-headlines","17":"tag-latest-news","18":"tag-latestnews","19":"tag-news","20":"tag-no","21":"tag-norge","22":"tag-norway","23":"tag-nyheter","24":"tag-nyttarsaften","25":"tag-overskrifter","26":"tag-oksnes","27":"tag-sortland","28":"tag-stokmarknes","29":"tag-top-stories","30":"tag-topstories","31":"tag-vesteralen"},"share_on_mastodon":{"url":"https:\/\/pubeurope.com\/@no\/115809610790575774","error":""},"_links":{"self":[{"href":"https:\/\/www.europesays.com\/no\/wp-json\/wp\/v2\/posts\/124929","targetHints":{"allow":["GET"]}}],"collection":[{"href":"https:\/\/www.europesays.com\/no\/wp-json\/wp\/v2\/posts"}],"about":[{"href":"https:\/\/www.europesays.com\/no\/wp-json\/wp\/v2\/types\/post"}],"author":[{"embeddable":true,"href":"https:\/\/www.europesays.com\/no\/wp-json\/wp\/v2\/users\/2"}],"replies":[{"embeddable":true,"href":"https:\/\/www.europesays.com\/no\/wp-json\/wp\/v2\/comments?post=124929"}],"version-history":[{"count":0,"href":"https:\/\/www.europesays.com\/no\/wp-json\/wp\/v2\/posts\/124929\/revisions"}],"wp:featuredmedia":[{"embeddable":true,"href":"https:\/\/www.europesays.com\/no\/wp-json\/wp\/v2\/media\/124930"}],"wp:attachment":[{"href":"https:\/\/www.europesays.com\/no\/wp-json\/wp\/v2\/media?parent=124929"}],"wp:term":[{"taxonomy":"category","embeddable":true,"href":"https:\/\/www.europesays.com\/no\/wp-json\/wp\/v2\/categories?post=124929"},{"taxonomy":"post_tag","embeddable":true,"href":"https:\/\/www.europesays.com\/no\/wp-json\/wp\/v2\/tags?post=124929"}],"curies":[{"name":"wp","href":"https:\/\/api.w.org\/{rel}","templated":true}]}}