{"id":124933,"date":"2025-12-30T17:11:07","date_gmt":"2025-12-30T17:11:07","guid":{"rendered":"https:\/\/www.europesays.com\/no\/124933\/"},"modified":"2025-12-30T17:11:07","modified_gmt":"2025-12-30T17:11:07","slug":"volodymyr-zelenskyj-ukraina-zelenskyj-varsler-nye-ukraina-toppmoter","status":"publish","type":"post","link":"https:\/\/www.europesays.com\/no\/124933\/","title":{"rendered":"Volodymyr Zelenskyj, Ukraina | Zelenskyj varsler nye Ukraina-toppm\u00f8ter"},"content":{"rendered":"\n<p>F\u00f8rst skal de nasjonale sikkerhetsr\u00e5dgiverne fra landene i koalisjonen m\u00f8tes 3. januar i Ukraina, sier Zelenskyj p\u00e5 X.<\/p>\n<p><b>Les ogs\u00e5:<\/b> <a href=\"https:\/\/www.nettavisen.no\/nyheter\/anklager-russland-for-logn-etter-pastatt-boligangrep-helt-usannsynlig\/s\/5-95-2801618\" rel=\"Follow nofollow noopener\" target=\"_blank\">Anklager Putin for l\u00f8gn: \u2013 Ingen av naboene har h\u00f8rt noe<\/a><\/p>\n<p>Tre dager senere, 6. januar, skal lederne av landene m\u00f8tes i Paris, if\u00f8lge den ukrainske presidenten.<\/p>\n<p>\u2013  Jeg er takknemlig overfor President Trumps team for deres villighet til \u00e5 delta i alle effektive formater. I dag var teamene v\u00e5re i kontakt, og jeg har n\u00e5 diskutert med Rustem v\u00e5re neste skritt og prioriteringer i forhandlingene. Vi mister ikke en eneste dag. Takk!, er noe av det han skriver p\u00e5 X.<\/p>\n<p>St\u00f8re deltok<\/p>\n<p>Statsminister Jonas Gahr St\u00f8re (Ap) deltok i samtalene, opplyser Statsministerens kontor (SMK) til NTB.<\/p>\n<p>Tysklands forbundskansler Friedrich Merz sa etter m\u00f8tet at de europeiske statslederne fortsetter \u00e5 presse p\u00e5 for \u00e5 f\u00e5 fremdrift i fredsforhandlingene om Ukraina. Han sier at man n\u00e5 trenger \u00ab\u00e5penhet og \u00e6rlighet fra alle parter, ogs\u00e5 Russland\u00bb.<\/p>\n<p><b>Les ogs\u00e5:<\/b> <a href=\"https:\/\/www.nettavisen.no\/nyheter\/avviser-putins-pastand-om-full-russisk-seier-i-kupjansk-russiske-styrker-omringet\/s\/5-95-2800417\" rel=\"Follow nofollow noopener\" target=\"_blank\">Sl\u00e5r alarm: \u2013 Russiske styrker omringet<\/a><\/p>\n<p>If\u00f8lge Merz deltok ogs\u00e5 Canada p\u00e5 telefonm\u00f8tet, mens det polske nyhetsmediet TVN 24 har meldt at Danmarks statsminister Mette Frederiksen samt stats- og regjeringssjefer fra land som Tyskland, Frankrike og Italia var blant dem som deltok.<\/p>\n<p>Tusk: Fred er i sikte<\/p>\n<p>Blant dem som er optimistiske om en n\u00e6r forest\u00e5ende l\u00f8sning, er Polens statsminister Donald Tusk. Han sa tirsdag at han mener det snart kan bli fred i Ukraina.<\/p>\n<p>\u2013 Fred er i sikte. Det er ingen tvil om at det har skjedd ting som gir grunn til \u00e5 h\u00e5pe at denne krigen kan ta slutt ganske raskt. Men det er fortsatt et h\u00e5p og langt fra 100 prosent sikkert, sa Tusk p\u00e5 et regjeringsm\u00f8te.<\/p>\n<p>Han kom med uttalelsen til tross for at Kreml har sagt at de vil innta en hardere forhandlingsposisjon etter \u00e5 ha beskyldt Kyiv for \u00e5 ha angrepet en av Vladimir Putins presidentresidenser.<\/p>\n<p><b>Les ogs\u00e5:<\/b> <a href=\"https:\/\/www.nettavisen.no\/nyheter\/nytt-europeisk-mote-om-ukraina-merz-ber-om-full-apenhet\/s\/5-95-2802210\" rel=\"Follow nofollow noopener\" target=\"_blank\">Ber om \u00ab\u00e5penhet og \u00e6rlighet\u00bb i fredsforhandlingene<\/a><\/p>\n<p>Denne p\u00e5standen har Kyiv avvist som grunnl\u00f8s, og sier den kun blir brukt som et p\u00e5skudd til \u00e5 forlenge konflikten. Russland har s\u00e5 langt ikke lagt fram bevis for angrepet.<\/p>\n<p>\u2013 N\u00e5r jeg sier at fred er i sikte, snakker jeg om de kommende ukene, ikke de kommende m\u00e5nedene eller \u00e5rene, fortsatte Tusk, som mente at man allerede i l\u00f8pet av januar m\u00e5 komme sammen for \u00e5 fatte beslutninger om Ukrainas framtid.<\/p>\n<p>Nytt russisk angrep<\/p>\n<p>Samme dag gjennomf\u00f8rte Russland nye angrep mot Ukrainas Odesa-region. Et sivilt Panama-registrert skip lastet med korn ble skadet, og oljelagringstanker ble ogs\u00e5 truffet.<\/p>\n<p>\u00c9n person ble s\u00e5ret, skriver Ukrainas visestatsminister Oleksij Kuleba p\u00e5 meldingstjenesten Telegram.<\/p>\n<p>\u2013 Dette er enda et m\u00e5lrettet angrep fra Russland p\u00e5 sivil havneinfrastruktur. Fienden pr\u00f8ver \u00e5 forstyrre logistikken og vanskeliggj\u00f8re skipsfarten, sa Kuleba.<\/p>\n<p>Odesa og regionen rundt er hjemsted for flere havner ved Svartehavet som er avgj\u00f8rende for Ukrainas utenrikshandel og for \u00e5 opprettholde krigs\u00f8konomien.<\/p>\n<p>(NTB\/Nettavisen)<\/p>\n","protected":false},"excerpt":{"rendered":"F\u00f8rst skal de nasjonale sikkerhetsr\u00e5dgiverne fra landene i koalisjonen m\u00f8tes 3. januar i Ukraina, sier Zelenskyj p\u00e5 X.&hellip;\n","protected":false},"author":2,"featured_media":124934,"comment_status":"","ping_status":"","sticky":false,"template":"","format":"standard","meta":{"footnotes":""},"categories":[12],"tags":[20,21,24,25,15,22,23,13,30,28,29,14,16,26,27,42,43,44,45],"class_list":{"0":"post-124933","1":"post","2":"type-post","3":"status-publish","4":"format-standard","5":"has-post-thumbnail","7":"category-verden","8":"tag-breaking-news","9":"tag-breakingnews","10":"tag-featured-news","11":"tag-featurednews","12":"tag-headlines","13":"tag-latest-news","14":"tag-latestnews","15":"tag-news","16":"tag-no","17":"tag-norge","18":"tag-norway","19":"tag-nyheter","20":"tag-overskrifter","21":"tag-top-stories","22":"tag-topstories","23":"tag-verden","24":"tag-world","25":"tag-world-news","26":"tag-worldnews"},"share_on_mastodon":{"url":"https:\/\/pubeurope.com\/@no\/115809634464759647","error":""},"_links":{"self":[{"href":"https:\/\/www.europesays.com\/no\/wp-json\/wp\/v2\/posts\/124933","targetHints":{"allow":["GET"]}}],"collection":[{"href":"https:\/\/www.europesays.com\/no\/wp-json\/wp\/v2\/posts"}],"about":[{"href":"https:\/\/www.europesays.com\/no\/wp-json\/wp\/v2\/types\/post"}],"author":[{"embeddable":true,"href":"https:\/\/www.europesays.com\/no\/wp-json\/wp\/v2\/users\/2"}],"replies":[{"embeddable":true,"href":"https:\/\/www.europesays.com\/no\/wp-json\/wp\/v2\/comments?post=124933"}],"version-history":[{"count":0,"href":"https:\/\/www.europesays.com\/no\/wp-json\/wp\/v2\/posts\/124933\/revisions"}],"wp:featuredmedia":[{"embeddable":true,"href":"https:\/\/www.europesays.com\/no\/wp-json\/wp\/v2\/media\/124934"}],"wp:attachment":[{"href":"https:\/\/www.europesays.com\/no\/wp-json\/wp\/v2\/media?parent=124933"}],"wp:term":[{"taxonomy":"category","embeddable":true,"href":"https:\/\/www.europesays.com\/no\/wp-json\/wp\/v2\/categories?post=124933"},{"taxonomy":"post_tag","embeddable":true,"href":"https:\/\/www.europesays.com\/no\/wp-json\/wp\/v2\/tags?post=124933"}],"curies":[{"name":"wp","href":"https:\/\/api.w.org\/{rel}","templated":true}]}}