{"id":124935,"date":"2025-12-30T17:12:27","date_gmt":"2025-12-30T17:12:27","guid":{"rendered":"https:\/\/www.europesays.com\/no\/124935\/"},"modified":"2025-12-30T17:12:27","modified_gmt":"2025-12-30T17:12:27","slug":"to-siktet-for-korrupsjon-knyttet-til-follobanen-prosjektet-erkjenner-skyld","status":"publish","type":"post","link":"https:\/\/www.europesays.com\/no\/124935\/","title":{"rendered":"To siktet for korrupsjon knyttet til Follobanen-prosjektet \u2013 erkjenner skyld"},"content":{"rendered":"<p class=\"txt-ind\">De to var ledere \u2013 \u00e9n fra Bane Nor, og \u00e9n fra en entrepren\u00f8r \u2013 og Bane Nors Follobaneprosjektet ble fakturert for arbeidene, melder <a href=\"https:\/\/anlegg.bygg.no\/follobane-svindelen-siktet-for-grov-korrupsjon-og-grov-utroskap\/2873950\" target=\"_blank\" rel=\"noopener nofollow\">Byggindustrien<\/a>.<\/p>\n<p class=\"txt-ind\">Saken skal g\u00e5 for Follo og Nordre \u00d8stfold tingrett 20. januar neste \u00e5r som tilst\u00e5elsessak.<\/p>\n<p class=\"txt-ind\">Totalt dreier det seg om ulovlig fakturering p\u00e5 over 2,6 millioner kroner. Det er mindre enn det opprinnelige anslaget p\u00e5 n\u00e6r 4 millioner kroner.<\/p>\n<p class=\"txt-ind\">Politiet ser alvorlig p\u00e5 saken, men det er ikke kjent hvilken straffep\u00e5stand p\u00e5talemyndigheten har lagt ned.<\/p>\n<p class=\"txt-ind\">\u2013 Gitt omfanget mener p\u00e5talemyndigheten at resultatet m\u00e5 bli en lengre ubetinget fengselsstraff, sier politiadvokat Isak Dammann i \u00d8st politidistrikt til bransjebladet.<\/p>\n<p class=\"txt-ind\">Forsvareren til den tidligere Bane Nor-ansatte, advokat Bernt Heiberg, sier at hans klient har erkjent straffskyld og er klar til \u00e5 ta konsekvensene.<\/p>\n<p class=\"txt-ind\">Den entrepren\u00f8ransattes forsvarer, advokat Jan Erik Teigum, har tidligere sagt til Byggeindustrien at hans klient vil gj\u00f8re opp for seg, men at de ikke er helt enige med p\u00e5talen om straffeutm\u00e5ling.<\/p>\n<p><a class=\"group clear-both w-full !no-underline my-8 sm:my-12 bg-stone-50 dark:bg-brandStone-700 dark:text-brandNeutral-100 flex items-stretch flex-nowrap\" href=\"https:\/\/www.tu.no\/artikler\/veien-forbi-levanger-skredet-er-apnet\/564275\" rel=\"nofollow noopener\" target=\"_blank\"><img decoding=\"async\" class=\" object-cover h-full w-full transition-transform duration-700 ease-in-out group-hover:scale-[1.05] will-change-transform\" src=\"https:\/\/www.europesays.com\/no\/wp-content\/uploads\/2025\/12\/NTB_ptBBYdwRRi8.jpg\"  alt=\"\u00c9n person omkom i skredet ved Nesvatnet utenfor Levanger.\" loading=\"lazy\"\/><\/p>\n<p>Les ogs\u00e5:<\/p>\n<p class=\"group-hover:underline text-brandNeutral-900 dark:text-brandNeutral-100 mt-2 text-base sm:text-xl leading-5 sm:leading-6 font-bold\">Veien forbi Levanger-skredet er  \u00e5pnet<\/p>\n<p><\/a><\/p>\n","protected":false},"excerpt":{"rendered":"De to var ledere \u2013 \u00e9n fra Bane Nor, og \u00e9n fra en entrepren\u00f8r \u2013 og Bane Nors&hellip;\n","protected":false},"author":2,"featured_media":124936,"comment_status":"","ping_status":"","sticky":false,"template":"","format":"standard","meta":{"footnotes":""},"categories":[10],"tags":[20,21,24,25,12503,15,5129,22,23,13,30,28,29,14,16,26,27],"class_list":{"0":"post-124935","1":"post","2":"type-post","3":"status-publish","4":"format-standard","5":"has-post-thumbnail","7":"category-norge","8":"tag-breaking-news","9":"tag-breakingnews","10":"tag-featured-news","11":"tag-featurednews","12":"tag-follobanen","13":"tag-headlines","14":"tag-jernbane","15":"tag-latest-news","16":"tag-latestnews","17":"tag-news","18":"tag-no","19":"tag-norge","20":"tag-norway","21":"tag-nyheter","22":"tag-overskrifter","23":"tag-top-stories","24":"tag-topstories"},"share_on_mastodon":{"url":"https:\/\/pubeurope.com\/@no\/115809638299570156","error":""},"_links":{"self":[{"href":"https:\/\/www.europesays.com\/no\/wp-json\/wp\/v2\/posts\/124935","targetHints":{"allow":["GET"]}}],"collection":[{"href":"https:\/\/www.europesays.com\/no\/wp-json\/wp\/v2\/posts"}],"about":[{"href":"https:\/\/www.europesays.com\/no\/wp-json\/wp\/v2\/types\/post"}],"author":[{"embeddable":true,"href":"https:\/\/www.europesays.com\/no\/wp-json\/wp\/v2\/users\/2"}],"replies":[{"embeddable":true,"href":"https:\/\/www.europesays.com\/no\/wp-json\/wp\/v2\/comments?post=124935"}],"version-history":[{"count":0,"href":"https:\/\/www.europesays.com\/no\/wp-json\/wp\/v2\/posts\/124935\/revisions"}],"wp:featuredmedia":[{"embeddable":true,"href":"https:\/\/www.europesays.com\/no\/wp-json\/wp\/v2\/media\/124936"}],"wp:attachment":[{"href":"https:\/\/www.europesays.com\/no\/wp-json\/wp\/v2\/media?parent=124935"}],"wp:term":[{"taxonomy":"category","embeddable":true,"href":"https:\/\/www.europesays.com\/no\/wp-json\/wp\/v2\/categories?post=124935"},{"taxonomy":"post_tag","embeddable":true,"href":"https:\/\/www.europesays.com\/no\/wp-json\/wp\/v2\/tags?post=124935"}],"curies":[{"name":"wp","href":"https:\/\/api.w.org\/{rel}","templated":true}]}}