{"id":124939,"date":"2025-12-30T17:17:10","date_gmt":"2025-12-30T17:17:10","guid":{"rendered":"https:\/\/www.europesays.com\/no\/124939\/"},"modified":"2025-12-30T17:17:10","modified_gmt":"2025-12-30T17:17:10","slug":"mo-industripark-industri-hun-blir-ny-styreleder-i-mip-gleder-meg-til-a-laere-mer-om-prosjektene","status":"publish","type":"post","link":"https:\/\/www.europesays.com\/no\/124939\/","title":{"rendered":"Mo Industripark, Industri | Hun blir ny styreleder i MIP: \u2013 Gleder meg til \u00e5 l\u00e6re mer om prosjektene"},"content":{"rendered":"\n<p>Eiendoms- og infrastrukturselskapet Mo Industripark AS kunngj\u00f8r tirsdag ettermiddag i en pressemelding at selskapet har f\u00e5tt ny styreleder.<\/p>\n<p>Den nye styrelederen skal lede styrets arbeid og bidra til gode rammebetingelser for b\u00e5de eksisterende og nye industriakt\u00f8rer, skriver selskapet i pressemeldingen.<\/p>\n<p>\u00d8nsket \u00e5 fratre<\/p>\n<p>Bakgrunnen for styreendringen er at n\u00e5v\u00e6rende styreleder, Susanne N\u00e6vermo-Sand, har \u00f8nsket \u00e5 fratre vervet. Fra \u00e5rsskiftet tiltrer hun en ny stilling i det internasjonale gruveselskapet Boliden, og vil som f\u00f8lge av dette prioritere sine arbeidsoppgaver i ny rolle.<\/p>\n<p>  <a href=\"https:\/\/www.ranablad.no\/5-42-1513269\" class=\"related-teaser has-image default-story-teaser article--c-eRUmMG article--c-eRUmMG-jKCPdD-design-default\" rel=\"nofollow noopener\" target=\"_blank\"><\/p>\n<p>    <img decoding=\"async\" loading=\"lazy\"  src=\"https:\/\/www.europesays.com\/no\/wp-content\/uploads\/2025\/12\/ZusannaZusanna-1.jpg\" alt=\"\" class=\"brick-c-cFOWSL\" style=\"\"\/><\/p>\n<p>\n            Les ogs\u00e5<\/p>\n<p>              Susanne g\u00e5r fra 7 Steel Nordic til svensk gruvegigant: \u2013 Takknemlig for alle de fantastiske folkene jeg har m\u00f8tt p\u00e5 veien\n        <\/p>\n<p>  <\/a><\/p>\n<p>Dermed er det Charlotte Berg-Svendsen som er ny styreleder i Mo Industripark AS.<\/p>\n<p>Berg-Svendsen har juridisk bakgrunn og en MBA, kombinert med bred erfaring fra styrearbeid og strategisk ledelse i norske og internasjonale selskaper. Til daglig er hun CEO i selskapet Cruda, som utvikler b\u00e6rekraftige biokarbonprodukter og CO\u2082-n\u00f8ytral energi ved \u00e5 oppgradere resirkulert trevirke og organiske materialstr\u00f8mmer med lav verdi til bruk i den metallurgiske industrien i Europa.<\/p>\n<p>\u2013 Jeg ser fram til \u00e5 samarbeide tett med eiere, daglig leder og hele \u00f8kosystemet i og rundt Mo Industripark for \u00e5 videreutvikle denne viktige industriparken. Regionen har sterke industrielle tradisjoner og et unikt samspill mellom bedrifter, kompetansemilj\u00f8er og verdikjeder. Dette gir store muligheter for gr\u00f8nn omstilling og ny industriutvikling. Jeg gleder meg til \u00e5 l\u00e6re mer om omr\u00e5det, prosjektene som ligger foran oss og menneskene som gj\u00f8r denne utviklingen mulig, sier Berg-Svendsen i pressemeldingen.<\/p>\n<p>  <a href=\"https:\/\/www.ranablad.no\/5-42-1536606\" class=\"related-teaser has-image default-story-teaser article--c-eRUmMG article--c-eRUmMG-jKCPdD-design-default\" rel=\"nofollow noopener\" target=\"_blank\"><\/p>\n<p>    <img decoding=\"async\" loading=\"lazy\"  src=\"https:\/\/www.europesays.com\/no\/wp-content\/uploads\/2025\/12\/SolfjeldDATA-1.jpg\" alt=\"\" class=\"brick-c-cFOWSL\" style=\"\"\/><\/p>\n<p>\n            Les ogs\u00e5<\/p>\n<p>              Planlegger \u00e5 investere milliarder i nytt AI-datasenter i Rana: \u2013 Kundene st\u00e5r klare og venter p\u00e5 oss\n        <\/p>\n<p>  <\/a><br \/>\n  Sv\u00e6rt tilfreds<\/p>\n<p>Administrerende direkt\u00f8r i Mo Industripark AS, Bj\u00f8rn Ugedal, er sv\u00e6rt tilfreds med styrevalget.<\/p>\n<p>\u2013 Charlotte Berg-Svendsen har solid erfaring innen forretningsutvikling, sirkul\u00e6r\u00f8konomi og b\u00e6rekraftig industri, b\u00e5de nasjonalt og internasjonalt. Denne kompetansen vil v\u00e6re sv\u00e6rt verdifull for Mo Industripark i en fase der videre utvikling, gr\u00f8nn omstilling og tilrettelegging for ny industri st\u00e5r sentralt. Jeg er overbevist om at hun vil bidra positivt inn i et sterkt styre, og ser fram til et godt samarbeid inn i 2026, sier Ugedal.<\/p>\n<p>Han takker ogs\u00e5 Susanne N\u00e6vermo-Sand for sterk innsats og utmerket samarbeid gjennom et viktig \u00e5r for Mo Industripark.<\/p>\n<p>            Mo Industripark AS<\/p>\n<ul>\n<li>Mo Industripark AS er eiendoms- og infrastrukturselskapet i Mo Industripark og er vertskap for over 100 bedrifter som sysselsetter om lag 3.000 ansatte. <\/li>\n<li>Mo Industripark tilrettelegger for bedrifter som samarbeider, styrker hverandre, skaper synergier og bygger et sterkt industrifellesskap rundt sirkularitet og energiutnyttelse. <\/li>\n<li>Sammen med sterke regionale kunnskapsmilj\u00f8er er Mo Industripark en konkurransedyktig og framtidsrettet industriklynge.<\/li>\n<\/ul>\n<p>Kilde: Pressemelding fra Mo Industripark AS<\/p>\n","protected":false},"excerpt":{"rendered":"Eiendoms- og infrastrukturselskapet Mo Industripark AS kunngj\u00f8r tirsdag ettermiddag i en pressemelding at selskapet har f\u00e5tt ny styreleder.&hellip;\n","protected":false},"author":2,"featured_media":124940,"comment_status":"","ping_status":"","sticky":false,"template":"","format":"standard","meta":{"footnotes":""},"categories":[56],"tags":[36,60,61,537,3612,14748,11928,62,30,28,29,1510],"class_list":{"0":"post-124939","1":"post","2":"type-post","3":"status-publish","4":"format-standard","5":"has-post-thumbnail","7":"category-naeringsliv","8":"tag-art","9":"tag-business","10":"tag-economy","11":"tag-industri","12":"tag-lokalt-naeringsliv","13":"tag-mip","14":"tag-mo-industripark","15":"tag-naeringsliv","16":"tag-no","17":"tag-norge","18":"tag-norway","19":"tag-story"},"share_on_mastodon":{"url":"https:\/\/pubeurope.com\/@no\/115809658086689508","error":""},"_links":{"self":[{"href":"https:\/\/www.europesays.com\/no\/wp-json\/wp\/v2\/posts\/124939","targetHints":{"allow":["GET"]}}],"collection":[{"href":"https:\/\/www.europesays.com\/no\/wp-json\/wp\/v2\/posts"}],"about":[{"href":"https:\/\/www.europesays.com\/no\/wp-json\/wp\/v2\/types\/post"}],"author":[{"embeddable":true,"href":"https:\/\/www.europesays.com\/no\/wp-json\/wp\/v2\/users\/2"}],"replies":[{"embeddable":true,"href":"https:\/\/www.europesays.com\/no\/wp-json\/wp\/v2\/comments?post=124939"}],"version-history":[{"count":0,"href":"https:\/\/www.europesays.com\/no\/wp-json\/wp\/v2\/posts\/124939\/revisions"}],"wp:featuredmedia":[{"embeddable":true,"href":"https:\/\/www.europesays.com\/no\/wp-json\/wp\/v2\/media\/124940"}],"wp:attachment":[{"href":"https:\/\/www.europesays.com\/no\/wp-json\/wp\/v2\/media?parent=124939"}],"wp:term":[{"taxonomy":"category","embeddable":true,"href":"https:\/\/www.europesays.com\/no\/wp-json\/wp\/v2\/categories?post=124939"},{"taxonomy":"post_tag","embeddable":true,"href":"https:\/\/www.europesays.com\/no\/wp-json\/wp\/v2\/tags?post=124939"}],"curies":[{"name":"wp","href":"https:\/\/api.w.org\/{rel}","templated":true}]}}