{"id":124943,"date":"2025-12-30T17:19:19","date_gmt":"2025-12-30T17:19:19","guid":{"rendered":"https:\/\/www.europesays.com\/no\/124943\/"},"modified":"2025-12-30T17:19:19","modified_gmt":"2025-12-30T17:19:19","slug":"trafikk-kinn-trafikkulykke-i-kinn","status":"publish","type":"post","link":"https:\/\/www.europesays.com\/no\/124943\/","title":{"rendered":"Trafikk, Kinn | Trafikkulykke i Kinn"},"content":{"rendered":"\n<p>Klokka 11.38 fekk politiet melding om ei trafikkulykke p\u00e5 Oppedalsvegen ved Holvika i Kinn kommune.<\/p>\n<p>Det var ei singelulykke med to menn involvert. Ingen av dei skal vere skadde.<\/p>\n<p>Bilen hadde sklidd og k\u00f8yrt inn i ein mur.<\/p>\n<p>K\u00f8yret\u00f8yet er flytta ut av vegen, og det er ikkje trafikale problem p\u00e5 staden. Bilbergar er bestilt.<\/p>\n<p>Politiet avsluttar p\u00e5 staden, og det blir ikkje oppretta sak. <\/p>\n","protected":false},"excerpt":{"rendered":"Klokka 11.38 fekk politiet melding om ei trafikkulykke p\u00e5 Oppedalsvegen ved Holvika i Kinn kommune. Det var ei&hellip;\n","protected":false},"author":2,"featured_media":231,"comment_status":"","ping_status":"","sticky":false,"template":"","format":"standard","meta":{"footnotes":""},"categories":[10],"tags":[36,20,21,24,25,15,6234,22,23,13,30,28,29,14,16,1510,26,27,224,1204],"class_list":{"0":"post-124943","1":"post","2":"type-post","3":"status-publish","4":"format-standard","5":"has-post-thumbnail","7":"category-norge","8":"tag-art","9":"tag-breaking-news","10":"tag-breakingnews","11":"tag-featured-news","12":"tag-featurednews","13":"tag-headlines","14":"tag-kinn","15":"tag-latest-news","16":"tag-latestnews","17":"tag-news","18":"tag-no","19":"tag-norge","20":"tag-norway","21":"tag-nyheter","22":"tag-overskrifter","23":"tag-story","24":"tag-top-stories","25":"tag-topstories","26":"tag-trafikk","27":"tag-ulykker"},"share_on_mastodon":{"url":"https:\/\/pubeurope.com\/@no\/115809665855285180","error":""},"_links":{"self":[{"href":"https:\/\/www.europesays.com\/no\/wp-json\/wp\/v2\/posts\/124943","targetHints":{"allow":["GET"]}}],"collection":[{"href":"https:\/\/www.europesays.com\/no\/wp-json\/wp\/v2\/posts"}],"about":[{"href":"https:\/\/www.europesays.com\/no\/wp-json\/wp\/v2\/types\/post"}],"author":[{"embeddable":true,"href":"https:\/\/www.europesays.com\/no\/wp-json\/wp\/v2\/users\/2"}],"replies":[{"embeddable":true,"href":"https:\/\/www.europesays.com\/no\/wp-json\/wp\/v2\/comments?post=124943"}],"version-history":[{"count":0,"href":"https:\/\/www.europesays.com\/no\/wp-json\/wp\/v2\/posts\/124943\/revisions"}],"wp:featuredmedia":[{"embeddable":true,"href":"https:\/\/www.europesays.com\/no\/wp-json\/wp\/v2\/media\/231"}],"wp:attachment":[{"href":"https:\/\/www.europesays.com\/no\/wp-json\/wp\/v2\/media?parent=124943"}],"wp:term":[{"taxonomy":"category","embeddable":true,"href":"https:\/\/www.europesays.com\/no\/wp-json\/wp\/v2\/categories?post=124943"},{"taxonomy":"post_tag","embeddable":true,"href":"https:\/\/www.europesays.com\/no\/wp-json\/wp\/v2\/tags?post=124943"}],"curies":[{"name":"wp","href":"https:\/\/api.w.org\/{rel}","templated":true}]}}