{"id":124949,"date":"2025-12-30T17:25:21","date_gmt":"2025-12-30T17:25:21","guid":{"rendered":"https:\/\/www.europesays.com\/no\/124949\/"},"modified":"2025-12-30T17:25:21","modified_gmt":"2025-12-30T17:25:21","slug":"sokte-ly-her-etter-uvaerskaos-innherred-no","status":"publish","type":"post","link":"https:\/\/www.europesays.com\/no\/124949\/","title":{"rendered":"S\u00f8kte ly her etter uv\u00e6rskaos &#8211; innherred.no"},"content":{"rendered":"<ol>\n<li><a href=\"https:\/\/news.google.com\/rss\/articles\/CBMifEFVX3lxTE94eEFQaWhEY2xXUVNhRWZ3QmM4Ulh1QUx1QjN4TWtUanNfbkcyQklXaXB2bzY4aGx4R2daRHpnbmJSMjRiMHcxdFY4cGVZTjl5Mm0yMTJaTkNxNXN0R1BiN09Ca1dtdjdHek9pV1BUdVFBb2xQRGpWWTVleWQ?oc=5\" target=\"_blank\" rel=\"nofollow noopener\">S\u00f8kte ly her etter uv\u00e6rskaos<\/a>&nbsp;&nbsp;innherred.no<\/li>\n<li><a href=\"https:\/\/news.google.com\/rss\/articles\/CBMi6gFBVV95cUxNNXVCSE91dDFaaVQ0YnlIOUptTmZLV3U2TXEzZTEyS0pHSU1vcW8zOE12ZXBBeEpoTTl3US13MlJiNFFiY2xCMmh4Z0lWMlRCVjhqMEt2OV95dHd1Z3BYTzRCc1hVMXNlSFFyM3RwQ0Q5Y1hRbHdCOTVWX3VVR2g0aUNHLWxHTXpiS0xFUWVrbXBWZUFCdkFVcTRsbkNUdk9lZmdMb3h4Vzg4anpkT2VHdXpKc0hncjljZ2M4NTQ4d2V0YmxBUXhVZnhIQVc3TnEtODR0Uk9pekl3bDRCYUYwM3NFV19wb0RydkE?oc=5\" target=\"_blank\" rel=\"nofollow noopener\">Frykter skog for milliarder har g\u00e5tt tapt etter stormen i romjula: \u2013 Ingen verdier er verdt \u00e5 risikere liv for<\/a>&nbsp;&nbsp;Nationen<\/li>\n<li><a href=\"https:\/\/news.google.com\/rss\/articles\/CBMic0FVX3lxTE40SlR4Z2JoZW1qSWRVZmNxdVhRd1VjWUx0QzlZNGZTRUxldGFXelViNzdkWjhpNG1Hc1A5dGNiU01FdmlfWVFKQmhhR0tuYndKNEFhdFliU214bURIa2s5ZmE4eTA5QzMxT05KdW9OQVluLTA?oc=5\" target=\"_blank\" rel=\"nofollow noopener\">&#8211; Prioriterer \u00e5 redde liv<\/a>&nbsp;&nbsp;Dagbladet<\/li>\n<li><a href=\"https:\/\/news.google.com\/rss\/articles\/CBMigwFBVV95cUxNQ2VCMXFiVFZLWU5kQkdVNlFqcHU4dURXSVE2LVhHaFVzZWdWN1Z3ZXBFMXlONWp2LXhIRnlEQTJ6UUJ6Z0pyRHlwRWFCT0FaXzBUOUhZeGZuRFVJazdFNHlCUFBWa1I3dGlwR2xuRDEyZ3FYdkd2NXI5ZG9EMGl5NVJIYw?oc=5\" target=\"_blank\" rel=\"nofollow noopener\">Utenriksstudio &#8211; Tre personer i Sverige d\u00f8de under ekstremv\u00e6r<\/a>&nbsp;&nbsp;Stavanger Aftenblad<\/li>\n<li><a href=\"https:\/\/news.google.com\/rss\/articles\/CBMimwFBVV95cUxQaU9zeTFrNGN2VFVqWVAweXVLNDV0STIwSzluZUxzcGZHQjVhckFWaXBkUlhyVFZpWEQyOUY1dDVlNzB6cDBxMHNwOFVKdGJyVS1PTWxPbVdlTFdER1RWRGZNVHlOZzhUSDRiTHNsSUQ2amNDdUMzeUFab2d1YVVvOFQ2Z01FUTJEUmo1dnpIU3R5dEdsNmZCRFRNMA?oc=5\" target=\"_blank\" rel=\"nofollow noopener\">Fortsatt rundt 70.000 uten str\u00f8m i Sverige og Finland<\/a>&nbsp;&nbsp;lister24.no<\/li>\n<\/ol>\n","protected":false},"excerpt":{"rendered":"S\u00f8kte ly her etter uv\u00e6rskaos&nbsp;&nbsp;innherred.no Frykter skog for milliarder har g\u00e5tt tapt etter stormen i romjula: \u2013 Ingen&hellip;\n","protected":false},"author":2,"featured_media":124950,"comment_status":"","ping_status":"","sticky":false,"template":"","format":"standard","meta":{"footnotes":""},"categories":[12],"tags":[20,21,24,25,15,22,23,13,30,28,29,14,16,26,27,42,43,44,45],"class_list":{"0":"post-124949","1":"post","2":"type-post","3":"status-publish","4":"format-standard","5":"has-post-thumbnail","7":"category-verden","8":"tag-breaking-news","9":"tag-breakingnews","10":"tag-featured-news","11":"tag-featurednews","12":"tag-headlines","13":"tag-latest-news","14":"tag-latestnews","15":"tag-news","16":"tag-no","17":"tag-norge","18":"tag-norway","19":"tag-nyheter","20":"tag-overskrifter","21":"tag-top-stories","22":"tag-topstories","23":"tag-verden","24":"tag-world","25":"tag-world-news","26":"tag-worldnews"},"share_on_mastodon":{"url":"https:\/\/pubeurope.com\/@no\/115809689576193290","error":""},"_links":{"self":[{"href":"https:\/\/www.europesays.com\/no\/wp-json\/wp\/v2\/posts\/124949","targetHints":{"allow":["GET"]}}],"collection":[{"href":"https:\/\/www.europesays.com\/no\/wp-json\/wp\/v2\/posts"}],"about":[{"href":"https:\/\/www.europesays.com\/no\/wp-json\/wp\/v2\/types\/post"}],"author":[{"embeddable":true,"href":"https:\/\/www.europesays.com\/no\/wp-json\/wp\/v2\/users\/2"}],"replies":[{"embeddable":true,"href":"https:\/\/www.europesays.com\/no\/wp-json\/wp\/v2\/comments?post=124949"}],"version-history":[{"count":0,"href":"https:\/\/www.europesays.com\/no\/wp-json\/wp\/v2\/posts\/124949\/revisions"}],"wp:featuredmedia":[{"embeddable":true,"href":"https:\/\/www.europesays.com\/no\/wp-json\/wp\/v2\/media\/124950"}],"wp:attachment":[{"href":"https:\/\/www.europesays.com\/no\/wp-json\/wp\/v2\/media?parent=124949"}],"wp:term":[{"taxonomy":"category","embeddable":true,"href":"https:\/\/www.europesays.com\/no\/wp-json\/wp\/v2\/categories?post=124949"},{"taxonomy":"post_tag","embeddable":true,"href":"https:\/\/www.europesays.com\/no\/wp-json\/wp\/v2\/tags?post=124949"}],"curies":[{"name":"wp","href":"https:\/\/api.w.org\/{rel}","templated":true}]}}