{"id":124951,"date":"2025-12-30T17:26:20","date_gmt":"2025-12-30T17:26:20","guid":{"rendered":"https:\/\/www.europesays.com\/no\/124951\/"},"modified":"2025-12-30T17:26:20","modified_gmt":"2025-12-30T17:26:20","slug":"dei-visste-kva-dei-var-ute-etter-nrk-vestland","status":"publish","type":"post","link":"https:\/\/www.europesays.com\/no\/124951\/","title":{"rendered":"\u2013 Dei visste kva dei var ute etter \u2013 NRK Vestland"},"content":{"rendered":"<p>D\u00e5 tilsette kom p\u00e5 jobb litt f\u00f8r klokka sju tysdag morgon s\u00e5g dei straks at d\u00f8ra til containeren var opna.<\/p>\n<p>Politiet har oppretta sak etter at innbrotstjuvar braut opp fleire hengel\u00e5sar p\u00e5 Europris i Indre Arna, f\u00f8r dei fjerna store mengder fyrverkeri.<\/p>\n<p>Verdien skal vere rundt 100.000 kroner.<\/p>\n<p><img decoding=\"async\"   src=\"data:image\/gif;base64,R0lGODlhAQABAIAAAAAAAP\/\/\/yH5BAEAAAAALAAAAAABAAEAAAIBRAA7\" loading=\"eager\" alt=\"Innbrot hos Europris i Indre Arna i Bergen\" title=\"Foto: Benjamin Dyrdal \/ NRK\"\/><\/p>\n<p class=\"\">Kundane fekk beskjed om at utsalet starta seinare enn planlagd tysdag.<\/p>\n<p>Foto: Benjamin Dyrdal \/ NRK<\/p>\n<p>Dagleg leiar, Sindre Bj\u00f8rndal, seier han raskt s\u00e5g at det vart brukt verkt\u00f8y p\u00e5 \u00e5 f\u00e5 av l\u00e5sane.<\/p>\n<p>\u2013 Den typen dei har forsynt seg av har i hovudsak vore dei meir krutsterke variantane.<\/p>\n<p>Det betyr i hovudsak st\u00f8rre batteri med stor krutmengde.<\/p>\n<p>\u2013 Dei visste kva dei var ute etter.<\/p>\n<p><img decoding=\"async\"   src=\"data:image\/gif;base64,R0lGODlhAQABAIAAAAAAAP\/\/\/yH5BAEAAAAALAAAAAABAAEAAAIBRAA7\" loading=\"eager\" alt=\"Innbrot hos Europris i Indre Arna i Bergen\" title=\"Foto: Benjamin Dyrdal \/ NRK\"\/><\/p>\n<p class=\"\">Butikksjef i Europris, Sindre Bj\u00f8rndal, seier innbrotstjuvane visste kva dei var ute etter.<\/p>\n<p>Foto: Benjamin Dyrdal \/ NRK<\/p>\n<p>Fekk ikkje med seg alt<\/p>\n<p>Europris seier at innbrotstjuvane ikkje fekk med seg alt i containeren. Men hendinga har f\u00f8rt til at det er lagt ut beskjedar til kundane i butikken at salet er utsett til seinare p\u00e5 dagen.<\/p>\n<p>\u00abUtvalet n\u00e5r vi startar vil vere noko\/kraftig redusert\u00bb, st\u00e5r det p\u00e5 eit av skilta.<\/p>\n<p>\u2013 Alt fyrverkeri av klasse 1 var heldigvis inne i butikken. Som no er tillate med dei nye reglane. S\u00e5 vi har ein del utval igjen, ettersom dei ikkje tok med seg alt.<\/p>\n<p><img decoding=\"async\"   src=\"data:image\/gif;base64,R0lGODlhAQABAIAAAAAAAP\/\/\/yH5BAEAAAAALAAAAAABAAEAAAIBRAA7\" loading=\"eager\" alt=\"En bygning med skilt europris og mekonomen. framfor er det fem flaggstenger, en r\u00f8d kontainer og tre gr\u00f8nne tilhengere\" title=\"Foto: Benjamin Ren\u00e9 Dyrdal \/ NRK\"\/><\/p>\n<p class=\"\">Tjuvane fekk med seg fyrverkeri for rundt 100.000 kroner.<\/p>\n<p>Foto: Benjamin Ren\u00e9 Dyrdal \/ NRK<\/p>\n<p>Butikksjefen antydar ogs\u00e5 at det finst videoopptak fr\u00e5 omr\u00e5det, utan at han vil stadfeste det.<\/p>\n<p>\u2013 Eg kan seie p\u00e5 generell basis at politiet har vore her i dag tidleg. Og dei har sikra b\u00e5de fysiske og digitale spor s\u00e5 langt det rekk.<\/p>\n<p>For rundt eit \u00e5r sidan var det eit <a href=\"https:\/\/www.nrk.no\/vestland\/innbrot-i-konteinar-med-fyrverkeri-1.17186607\" ec-id=\"pp:article:1.17186607\" ec-name=\"liknande innbrot\" rel=\"nofollow noopener\" target=\"_blank\">liknande innbrot<\/a> ved Europris Midtunheia i Bergen S\u00f8r, der halvparten av innhaldet var borte. Den gongen uttalte distriktsleiaren i Europris til <a href=\"https:\/\/www.ba.no\/store-mengder-fyrverkeri-skal-ha-blitt-stjalet-ma-ha-vart-gjort-av-profesjonelle\/s\/5-8-2866279\" ec-id=\"https:\/\/www.ba.no\/store-mengder-fyrverkeri-skal-ha-blitt-stjalet-ma-ha-vart-gjort-av-profesjonelle\/s\/5-8-2866279\" ec-name=\"BA\" rel=\"nofollow noopener\" target=\"_blank\">BA<\/a> at han trudde profesjonelle stod bak innbrotet.<\/p>\n<p>Ogs\u00e5 den gongen gjekk tjuvane etter dei st\u00f8rste batteria.<\/p>\n<p>Publisert<\/p>\n<p>30.12.2025, kl. 12.00<\/p>\n","protected":false},"excerpt":{"rendered":"D\u00e5 tilsette kom p\u00e5 jobb litt f\u00f8r klokka sju tysdag morgon s\u00e5g dei straks at d\u00f8ra til containeren&hellip;\n","protected":false},"author":2,"featured_media":124952,"comment_status":"","ping_status":"","sticky":false,"template":"","format":"standard","meta":{"footnotes":""},"categories":[10],"tags":[20,21,24,25,15,22,23,13,30,28,29,14,16,26,27],"class_list":{"0":"post-124951","1":"post","2":"type-post","3":"status-publish","4":"format-standard","5":"has-post-thumbnail","7":"category-norge","8":"tag-breaking-news","9":"tag-breakingnews","10":"tag-featured-news","11":"tag-featurednews","12":"tag-headlines","13":"tag-latest-news","14":"tag-latestnews","15":"tag-news","16":"tag-no","17":"tag-norge","18":"tag-norway","19":"tag-nyheter","20":"tag-overskrifter","21":"tag-top-stories","22":"tag-topstories"},"share_on_mastodon":{"url":"https:\/\/pubeurope.com\/@no\/115809693385831956","error":""},"_links":{"self":[{"href":"https:\/\/www.europesays.com\/no\/wp-json\/wp\/v2\/posts\/124951","targetHints":{"allow":["GET"]}}],"collection":[{"href":"https:\/\/www.europesays.com\/no\/wp-json\/wp\/v2\/posts"}],"about":[{"href":"https:\/\/www.europesays.com\/no\/wp-json\/wp\/v2\/types\/post"}],"author":[{"embeddable":true,"href":"https:\/\/www.europesays.com\/no\/wp-json\/wp\/v2\/users\/2"}],"replies":[{"embeddable":true,"href":"https:\/\/www.europesays.com\/no\/wp-json\/wp\/v2\/comments?post=124951"}],"version-history":[{"count":0,"href":"https:\/\/www.europesays.com\/no\/wp-json\/wp\/v2\/posts\/124951\/revisions"}],"wp:featuredmedia":[{"embeddable":true,"href":"https:\/\/www.europesays.com\/no\/wp-json\/wp\/v2\/media\/124952"}],"wp:attachment":[{"href":"https:\/\/www.europesays.com\/no\/wp-json\/wp\/v2\/media?parent=124951"}],"wp:term":[{"taxonomy":"category","embeddable":true,"href":"https:\/\/www.europesays.com\/no\/wp-json\/wp\/v2\/categories?post=124951"},{"taxonomy":"post_tag","embeddable":true,"href":"https:\/\/www.europesays.com\/no\/wp-json\/wp\/v2\/tags?post=124951"}],"curies":[{"name":"wp","href":"https:\/\/api.w.org\/{rel}","templated":true}]}}