{"id":124953,"date":"2025-12-30T17:28:24","date_gmt":"2025-12-30T17:28:24","guid":{"rendered":"https:\/\/www.europesays.com\/no\/124953\/"},"modified":"2025-12-30T17:28:24","modified_gmt":"2025-12-30T17:28:24","slug":"tour-de-ski-erik-valnes-2","status":"publish","type":"post","link":"https:\/\/www.europesays.com\/no\/124953\/","title":{"rendered":"Tour de Ski, Erik Valnes"},"content":{"rendered":"\n<p>En russisk langrennstrener er p\u00e5 plass i Tour de Ski. Som tilskuer. Det har satt sinnene i kok hos enkelte.<\/p>\n<p>Til TV 2 sier Valnes:<\/p>\n<p>\u2013 Det er det man f\u00e5r, n\u00e5r man begynner \u00e5 invitere d\u00f8ra for russerne. Det er slik det er. De burde ikke v\u00e6rt her i det hele tatt!<\/p>\n<p>TV 2s langrennsekspert, Petter Skinstad, g\u00e5r enda lenger i ford\u00f8mmelsen av at den russiske treneren, Egor Sorin, er sett i Toblach, stedet hvor Tour de Ski starter:<\/p>\n<p>\u2013 Han har som alle andre russere ingenting \u00e5 gj\u00f8re i Toblach. At Sorin og andre russere likevel g\u00e5r over grensene ser vi hver dag i Ukraina, s\u00e5 dette er null prosent overraskende.<\/p>\n<p>Oi!<\/p>\n<p>            Ernst A. Lersveen<\/p>\n<p>Jobbet hele livet som journalist\/reporter. Startet i lokalaviser, s\u00e5 ti \u00e5r i NRK, deretter 28 \u00e5r i TV 2. Har de siste \u00e5rene jobbet med skisport; spesielt langrenn.<\/p>\n<p>  Respekt for at f\u00f8lelser vekkes<\/p>\n<p>Valnes og Skinstad, og alle andre for den del: Til den svenske avisen forteller Egor Sorin at han er p\u00e5 plass for \u00e5 hjelpe de to russiske l\u00f8perne, som av FIS, det internasjonale skiforbundet, er gitt tillatelse til \u00e5 delta i verdenscupen. Men, Sorin understreker at han selv av FIS ikke er gitt n\u00f8ytral status som de to l\u00f8perne. Derfor f\u00e5r han heller ikke akkreditering.<\/p>\n<p><b>Les ogs\u00e5 Ernst A. Lersveen: <a href=\"https:\/\/www.nettavisen.no\/norsk-debatt\/tour-de-ski-var-en-gang-langrennssportens-hoydepunkt\/o\/5-95-2798253\" rel=\"Follow nofollow noopener\" target=\"_blank\">Manndomspr\u00f8ven blir kalt \u00abpjuskete\u00bb<\/a><\/b><\/p>\n<p>\u2013 Jeg har snakket med FIS om hva jeg kan og ikke kan gj\u00f8re og forholder meg til det, forklarer Sorin.<\/p>\n<p>Jeg har respekt for at at krigen vekker sterke f\u00f8lelser.<\/p>\n<p>Samtidig m\u00e5 vi klare \u00e5 skille mellom politikk, krig og enkeltmennesker. S\u00e6rlig n\u00e5r det som her er snakk om, skjer innenfor idrettens eget regelverk.<\/p>\n<p>Og jeg synes at vi skal besinne oss. Her handler det om at to russere deltar under n\u00f8ytralt flagg og en russisk trener som f\u00f8lger reglene til FIS og bist\u00e5r de to langrennsl\u00f8perne.<\/p>\n<p>\u00c5 koble en enkeltperson, som f\u00f8lger idrettens regler, direkte til krigshandlinger i Ukraina, oppleves for meg som urimelig.<\/p>\n<p>Og hva godt f\u00f8rer det til?<\/p>\n<p><b>Les ogs\u00e5 Ernst A. Lersveen: <a href=\"https:\/\/www.nettavisen.no\/norsk-debatt\/gjert-ingebrigtsen-preget-mye-av-det-norske-idrettsaret\/o\/5-95-2795403\" rel=\"Follow nofollow noopener\" target=\"_blank\">\u00c5rets st\u00f8rste nedturer<\/a><\/b><\/p>\n<p>Vi m\u00e5 oppf\u00f8re oss<\/p>\n<p>Det betyr ikke at jeg bagatelliserer krigen. Men, idretten m\u00e5 klare \u00e5 opptre med verdighet.<\/p>\n<p>Jeg synes Valnes og Skinstad iallfall b\u00f8r pr\u00f8ve \u00e5 vise et snev av folkeskikk og respekt. Lytt til hva den britiske l\u00f8peren, Andrew Musgrave, sier til TV 2:<\/p>\n<p>\u2013 FIS har bestemt at de to skal f\u00e5 konkurrere. Da m\u00e5 vi godta det. S\u00e5 m\u00e5 vi skj\u00f8nne at de m\u00e5 ha trener. De kan ikke st\u00e5 her med bl\u00e5 extra og pr\u00f8ve og fikse ski selv.<\/p>\n<p>Vi m\u00e5 oppf\u00f8re oss som folk!<\/p>\n<p>Jeg kan ikke annet enn \u00e5 henstille til at vi viser respekt for andre. Og ikke lar vreden over krigen g\u00e5 utover to uskyldige l\u00f8pere og en trener!<\/p>\n","protected":false},"excerpt":{"rendered":"En russisk langrennstrener er p\u00e5 plass i Tour de Ski. Som tilskuer. Det har satt sinnene i kok&hellip;\n","protected":false},"author":2,"featured_media":124954,"comment_status":"","ping_status":"","sticky":false,"template":"","format":"standard","meta":{"footnotes":""},"categories":[59],"tags":[30,28,29,83,82],"class_list":{"0":"post-124953","1":"post","2":"type-post","3":"status-publish","4":"format-standard","5":"has-post-thumbnail","7":"category-sport","8":"tag-no","9":"tag-norge","10":"tag-norway","11":"tag-sport","12":"tag-sports"},"share_on_mastodon":{"url":"https:\/\/pubeurope.com\/@no\/115809701361115767","error":""},"_links":{"self":[{"href":"https:\/\/www.europesays.com\/no\/wp-json\/wp\/v2\/posts\/124953","targetHints":{"allow":["GET"]}}],"collection":[{"href":"https:\/\/www.europesays.com\/no\/wp-json\/wp\/v2\/posts"}],"about":[{"href":"https:\/\/www.europesays.com\/no\/wp-json\/wp\/v2\/types\/post"}],"author":[{"embeddable":true,"href":"https:\/\/www.europesays.com\/no\/wp-json\/wp\/v2\/users\/2"}],"replies":[{"embeddable":true,"href":"https:\/\/www.europesays.com\/no\/wp-json\/wp\/v2\/comments?post=124953"}],"version-history":[{"count":0,"href":"https:\/\/www.europesays.com\/no\/wp-json\/wp\/v2\/posts\/124953\/revisions"}],"wp:featuredmedia":[{"embeddable":true,"href":"https:\/\/www.europesays.com\/no\/wp-json\/wp\/v2\/media\/124954"}],"wp:attachment":[{"href":"https:\/\/www.europesays.com\/no\/wp-json\/wp\/v2\/media?parent=124953"}],"wp:term":[{"taxonomy":"category","embeddable":true,"href":"https:\/\/www.europesays.com\/no\/wp-json\/wp\/v2\/categories?post=124953"},{"taxonomy":"post_tag","embeddable":true,"href":"https:\/\/www.europesays.com\/no\/wp-json\/wp\/v2\/tags?post=124953"}],"curies":[{"name":"wp","href":"https:\/\/api.w.org\/{rel}","templated":true}]}}