{"id":124961,"date":"2025-12-30T17:33:23","date_gmt":"2025-12-30T17:33:23","guid":{"rendered":"https:\/\/www.europesays.com\/no\/124961\/"},"modified":"2025-12-30T17:33:23","modified_gmt":"2025-12-30T17:33:23","slug":"reineier-anker-til-hoyesterett-nrk-sapmi","status":"publish","type":"post","link":"https:\/\/www.europesays.com\/no\/124961\/","title":{"rendered":"Reineier anker til H\u00f8yeste\u00adrett \u2013 NRK S\u00e1pmi"},"content":{"rendered":"<p>Verken i tingretten og lagmannsretten vant Brandsfjell frem.<\/p>\n<p>I en tekstmelding til NRK skriver han n\u00e5 at han n\u00e5 \u00f8nsker \u00e5 pr\u00f8ve \u00e5 anke saken.<\/p>\n<p><strong>\u2013 Men vet ikke om den blir tatt opp av H\u00f8yesterett.<\/strong><\/p>\n<p>I midten av desember d\u00f8mte Frostating lagmannsrett Brandsfjell til 18 dagers ubetinget fengsel, etter straffeloven paragraf 155 for trusler mot offentlig tjenestemann<\/p>\n<p>If\u00f8lge retten truet han en oppsynsmann i Statens naturoppsyn (SNO) og fors\u00f8kte \u00e5 hindre at mannen skulle ut\u00f8ve jobben sin.<\/p>\n<p>Lagmannsrettens dom er forel\u00f8pig ikke rettskraftig. <\/p>\n<p>Samlet inn over 300.000 kroner<\/p>\n<p>Like etter dommen fra lagmannsretten ble det opprettet en spleis, hvor pengene skulle g\u00e5 til utgifter knyttet til saken \u2013 og en mulig anke til H\u00f8yesterett.<\/p>\n<p><strong>P\u00e5 14 dager ble det samlet inn like over 310.000 kroner, og over 700 personer donerte.<\/strong><\/p>\n<p><img decoding=\"async\"   src=\"data:image\/gif;base64,R0lGODlhAQABAIAAAAAAAP\/\/\/yH5BAEAAAAALAAAAAABAAEAAAIBRAA7\" loading=\"eager\" alt=\"Kjell Arne Brandsfjell\" title=\"Foto: Privat\"\/><\/p>\n<p class=\"\">Reineier Kjell Arne Brandsfjell.<\/p>\n<p>Foto: Privat<\/p>\n<p>Ann-Ristin Fj\u00e4llgren opprettet spleisen og skriver p\u00e5 sin Facebook-profil at de vil takke alle som st\u00f8ttet spleisen.<\/p>\n<p>\u2013 Denne saken handler ikke bare om Kjell Arne, men om retten til tradisjonell reindrift, beskyttelse av reinene, vern av naturen og retten til \u00e5 si ifra n\u00e5r inngrep truer livsgrunnlaget. Det er ikke kriminelt \u00e5 si ifra, skriver hun.<\/p>\n<p>Blant de som donerte til Spleisen er en sn\u00f8scooterklubb, andre reineiere, en jussprofessor og en advokat.<\/p>\n<p>Opptrapping av kontroller<\/p>\n<p>Bakgrunnen for saken var at oppsynsmannen og reineier Brandsfjell m\u00f8ttes p\u00e5 en parkeringsplass i april i \u00e5r. <\/p>\n<p><strong>SNO var p\u00e5 vei til et omr\u00e5de han hadde reinflokken sin. De hadde en opptrapping av kontroller i omr\u00e5det, siden det var avdekket flere tilfeller av ulovlig felling av rovdyr.<\/strong><\/p>\n<p><img decoding=\"async\"   src=\"data:image\/gif;base64,R0lGODlhAQABAIAAAAAAAP\/\/\/yH5BAEAAAAALAAAAAABAAEAAAIBRAA7\" loading=\"eager\" alt=\"Statens Naturoppsyn\" title=\"Foto: Statens Naturoppsyn\"\/><\/p>\n<p class=\"\">Statens naturoppsyn (SNO) sjekker om milj\u00f8lover blir fulgt i naturen. Bildet har ikke noe med denne saken \u00e5 gj\u00f8re. <\/p>\n<p>Foto: Statens Naturoppsyn<\/p>\n<p>Under m\u00f8tet oppsto situasjonen som oppsynsmannen opplevde som truende.<\/p>\n<p><strong>Reineieren skal ha blitt sint for en kontroll SNO hadde utf\u00f8rt uken f\u00f8r. Da skal to andre SNO-ansatte ha kj\u00f8rt inn i omr\u00e5det hvor reinflokken hans befant seg.<\/strong><\/p>\n<p>Det endte med at flokken med flere hundre rein havnet lenger nord enn der dem egentlig skulle ha v\u00e6rt.<\/p>\n<p>\u2013 Noe som kostet ba\u030ade tid og ressurser og at reinen pa\u030a den tiden av a\u030aret er s\u00e6rlig sa\u030arbar, kommer det frem i lagmannsrettens dom.<\/p>\n<p>\u2013 \u00abJ\u00e6vla idiot\u00bb<\/p>\n<p><strong>Det er uenighet mellom oppsynsmannen og reineieren om hva som skjedde videre. Men lagmannsretten la dette til grunn som bevist:<\/strong><\/p>\n<p>\u2013 Under m\u00f8tet opptr\u00e5dte reineieren etter hvert mer aggressivt og truet oppsynsmannen ved \u00e5 si f\u00f8lgende: \u00abhvis dere ikke lar v\u00e6re a\u030a dra inn dit, sa\u030a kommer dere ikke ned igjen\u00bb, og \u00abj\u00e6vla idiot\u00bb, eller lignende, st\u00e5r det i dommen.<\/p>\n<p><img decoding=\"async\"   src=\"data:image\/gif;base64,R0lGODlhAQABAIAAAAAAAP\/\/\/yH5BAEAAAAALAAAAAABAAEAAAIBRAA7\" loading=\"eager\" alt=\"Bildet viser en tom rettssal med tretten enkle m\u00f8testoler og bord i en semi-sirkelformasjon. Bak bordet st\u00e5r det en stor, dekorativ stol, som indikerer at dette er en rettssal. Veggene er i naturlig treslag, og det er moderne teknisk utstyr plassert p\u00e5 de enkelte bordene. Belysningen i rommet er jevn og myk, med taklamper som henger ned fra taket. (Bildebeskrivelsen er laget av en KI-tjeneste)\" title=\"Foto: Ole Martin Wold \/ NTB\"\/><\/p>\n<p class=\"\">Frostating lagmannsrett i Trondheim<\/p>\n<p>Foto: Ole Martin Wold \/ NTB<\/p>\n<p><strong>Retten mente at reineieren sa dette for a\u030a hindre oppsynsmannen i a\u030a utf\u00f8re naturoppsynets arbeid.<\/strong><\/p>\n<p>Selv mener Brandsfjell at uttalelsen handlet om \u00e5 beskytte reinsimlene i en s\u00e5rbar periode, og be SNO holde avstand til omr\u00e5der hvor reinen skal kalve.<\/p>\n<p>Forsvarer: \u2013 Har ikke kommet med de uttalelsene<\/p>\n<p>I lagmannsretten ble oppsynsmannen trodd. Etter dommen ble avsagt sa tiltaltes forsvarer Erik Vatne dette til NRK.<\/p>\n<p><strong>\u2013 Det er etter v\u00e5r oppfatning ikke grunnlag for \u00e5 tillegge en person st\u00f8rre troverdighet bare i kraft av den stillinga man eventuelt har, sier Vatne.<\/strong><\/p>\n<p><img decoding=\"async\"   src=\"data:image\/gif;base64,R0lGODlhAQABAIAAAAAAAP\/\/\/yH5BAEAAAAALAAAAAABAAEAAAIBRAA7\" loading=\"eager\" alt=\"En mann med kort h\u00e5r og skjegg st\u00e5r utend\u00f8rs i en park med gr\u00f8nne tr\u00e6r i bakgrunnen. Han er kledd i en bl\u00e5 rutete skjorte under en m\u00f8rk jakke. Omgivelsene er preget av gress og stier, og det er delvis overskyet v\u00e6r. Det ser ut til \u00e5 v\u00e6re et rolig og urbant milj\u00f8. (Bildebeskrivelsen er laget av en KI-tjeneste)\" title=\"Foto: Kirsti Kringstad\"\/><\/p>\n<p class=\"\">Erik Vatne er forsvarer til reineier Brandsfjell.<\/p>\n<p>Foto: Kirsti Kringstad<\/p>\n<p>Han sa videre at klienten hans tok dommen tungt.<\/p>\n<p>\u2013 Han er tydelig p\u00e5 at han ikke har kommet med de uttalelsene han n\u00e5 er domfelt for, og det er en stor belastning, sa han.<\/p>\n<p><strong>Vatne forklarte at p\u00e5 generelt grunnlag kan en dom fra lagmannsretten ankes til H\u00f8yesterett.<\/strong><\/p>\n<p>\u2013 Men i utgangspunktet tar de ikke stilling til skyldsp\u00f8rsm\u00e5let, slik at det da eventuelt vil v\u00e6re en anke over straffeutm\u00e5linga som vil v\u00e6re aktuell. Men dette f\u00e5r vi komme tilbake til.<\/p>\n<p>NRK har fors\u00f8kt \u00e5 f\u00e5 en ny kommentar fra Vatne, men har forel\u00f8pig ikke f\u00e5tt svar.<\/p>\n<p>Publisert<\/p>\n<p>30.12.2025, kl. 10.35<\/p>\n<p>Oppdatert<\/p>\n<p>30.12.2025, kl. 13.25<\/p>\n","protected":false},"excerpt":{"rendered":"Verken i tingretten og lagmannsretten vant Brandsfjell frem. I en tekstmelding til NRK skriver han n\u00e5 at han&hellip;\n","protected":false},"author":2,"featured_media":124962,"comment_status":"","ping_status":"","sticky":false,"template":"","format":"standard","meta":{"footnotes":""},"categories":[10],"tags":[20,21,24,25,15,22,23,13,30,28,29,14,16,26,27],"class_list":{"0":"post-124961","1":"post","2":"type-post","3":"status-publish","4":"format-standard","5":"has-post-thumbnail","7":"category-norge","8":"tag-breaking-news","9":"tag-breakingnews","10":"tag-featured-news","11":"tag-featurednews","12":"tag-headlines","13":"tag-latest-news","14":"tag-latestnews","15":"tag-news","16":"tag-no","17":"tag-norge","18":"tag-norway","19":"tag-nyheter","20":"tag-overskrifter","21":"tag-top-stories","22":"tag-topstories"},"share_on_mastodon":{"url":"https:\/\/pubeurope.com\/@no\/115809720901202634","error":""},"_links":{"self":[{"href":"https:\/\/www.europesays.com\/no\/wp-json\/wp\/v2\/posts\/124961","targetHints":{"allow":["GET"]}}],"collection":[{"href":"https:\/\/www.europesays.com\/no\/wp-json\/wp\/v2\/posts"}],"about":[{"href":"https:\/\/www.europesays.com\/no\/wp-json\/wp\/v2\/types\/post"}],"author":[{"embeddable":true,"href":"https:\/\/www.europesays.com\/no\/wp-json\/wp\/v2\/users\/2"}],"replies":[{"embeddable":true,"href":"https:\/\/www.europesays.com\/no\/wp-json\/wp\/v2\/comments?post=124961"}],"version-history":[{"count":0,"href":"https:\/\/www.europesays.com\/no\/wp-json\/wp\/v2\/posts\/124961\/revisions"}],"wp:featuredmedia":[{"embeddable":true,"href":"https:\/\/www.europesays.com\/no\/wp-json\/wp\/v2\/media\/124962"}],"wp:attachment":[{"href":"https:\/\/www.europesays.com\/no\/wp-json\/wp\/v2\/media?parent=124961"}],"wp:term":[{"taxonomy":"category","embeddable":true,"href":"https:\/\/www.europesays.com\/no\/wp-json\/wp\/v2\/categories?post=124961"},{"taxonomy":"post_tag","embeddable":true,"href":"https:\/\/www.europesays.com\/no\/wp-json\/wp\/v2\/tags?post=124961"}],"curies":[{"name":"wp","href":"https:\/\/api.w.org\/{rel}","templated":true}]}}