{"id":124968,"date":"2025-12-30T17:47:13","date_gmt":"2025-12-30T17:47:13","guid":{"rendered":"https:\/\/www.europesays.com\/no\/124968\/"},"modified":"2025-12-30T17:47:13","modified_gmt":"2025-12-30T17:47:13","slug":"kultur-og-underholdning-honefoss-kino-2","status":"publish","type":"post","link":"https:\/\/www.europesays.com\/no\/124968\/","title":{"rendered":"Kultur og underholdning, H\u00f8nefoss kino"},"content":{"rendered":"\n<p>I romjula kom Kjell Aukrusts Fl\u00e5klypa i ny drakt p\u00e5 H\u00f8nefoss kino.<\/p>\n<p>Kinosjef Katrine Wang Svendsen (41) mener at norsk film er best p\u00e5 kino. Av de topp 5 mest sette filmene i H\u00f8nefoss i \u00e5r finner vi; \u00abHvis ingen g\u00e5r i fella\u00bb, \u00abBl\u00fccher\u00bb og \u00abKaptein Sabeltann og Grevinnen av Gral\u00bb.<\/p>\n<p><b>\u2013 \u00abHvis ingen g\u00e5r i fella\u00bb blir den mest sette filmen p\u00e5 H\u00f8nefoss kino, sier kinosjef Katrine Wang Svendsen (41) i en pressemelding. <\/b><\/p>\n<p>            Topplista p\u00e5 H\u00f8nefoss kino<\/p>\n<ol>\n<li>Hvis ingen g\u00e5r i fella: 4235<\/li>\n<li>En Minecraft-film: 3996<\/li>\n<li>Bl\u00fccher: 3443<\/li>\n<li>Lilo og Stitch: 2027<\/li>\n<li>Kaptein Sabeltann og Grevinnen av Gral: 1418<\/li>\n<li>The Conjuring: Last Rites: 1278<\/li>\n<li>Affeksjonsverdi: 1253<\/li>\n<li>Vaiana 2: 1222<\/li>\n<li>Jurassic World: Rebirth: 1093<\/li>\n<\/ol>\n<p>Tall per 22. desember. Kilde: H\u00f8nefoss kino<\/p>\n<p>  Norsk i toppen<\/p>\n<p>\u2013 S\u00e5 \u00e5 si alle aldre har str\u00f8mmet til denne filmen, og den har til og med v\u00e6rt popul\u00e6r p\u00e5 seniorkino.<\/p>\n<p>\u2013 Det er kjempeg\u00f8y at norsk film tar kinotoppen for oss i \u00e5r, sier hun til Ringerikes Blad.<\/p>\n<p>   <img decoding=\"async\" width=\"4000\" height=\"3000\" fetchpriority=\"low\"  loading=\"lazy\"  src=\"https:\/\/www.europesays.com\/no\/wp-content\/uploads\/2025\/12\/5_45_1918960+Utekino.jpg\" alt=\"\" class=\"brick-c-cFOWSL\" style=\"--brick-image-ratio: 4000 \/ 3000;\"\/><\/p>\n<p>      PARK: I sommer kunne Katrine Wang Svendsen invitere til kino utend\u00f8rs.<\/p>\n<p>At norsk film gj\u00f8r det s\u00e5 godt p\u00e5 kino er godt nytt, mener hun. N\u00e5 forventes en ny norsk film \u00e5 trekke publikum, nemlig \u00abFl\u00e5klypa \u2013 Fra Paris til Pyramidene,\u00bb som hadde premiere 1. juledag.<\/p>\n<p>Solan, Ludvig og Reodor m\u00e5 vinne rallyet fra Paris til pyramidene \u2013 og en seier er eneste m\u00e5ten \u00e5 komme seg hjem igjen.<\/p>\n<p>   <img decoding=\"async\" width=\"460\" height=\"248\" fetchpriority=\"low\"  loading=\"lazy\"  src=\"https:\/\/www.europesays.com\/no\/wp-content\/uploads\/2025\/12\/19nyhfl_klypa.jpg\" alt=\"\" class=\"brick-c-cFOWSL\" style=\"--brick-image-ratio: 460 \/ 248;\"\/><\/p>\n<p>      FAVORITT: De fleste nordmenn har et forhold til Kjell Aukrusts univers i Fl\u00e5klypa.<br \/>\n      Foto: Arkivbilde\n    <\/p>\n<p>\u2013 Dette er for mange julens h\u00f8ydepunkt, i alle fall n\u00e5r det gjelder kino og film. Ja, denne premieren ser vi ekstra frem til, sier Svendsen.<\/p>\n<p>\u00abFl\u00e5klypa \u2013 fra Paris til Pyramidene\u00bb er en animasjonsfilm \u2013 og betegnes som en barne- og familiefilm.<\/p>\n<p>\u2013 Kino er et flott alternativ i julen \u2013 og som ikke minst skaper god julestemning, enten det er julefilm eller filmer i andre kategorier. Det er ekstra hyggelig stemning hos oss i julen. Kino, film og julen h\u00f8rer sammen, mener kinosjef Svendsen.<\/p>\n<p>God tro p\u00e5 2026<\/p>\n<p>I 2025 har kinoen feiret sitt eget 20-\u00e5rsjubileum.<\/p>\n<p>\u2013 I forhold til bes\u00f8kstall totalt i \u00e5r ligger vi akkurat n\u00e5 tiln\u00e6rmet identisk likt med fjor\u00e5ret. Med Fl\u00e5klypa h\u00e5per vi at vi kan g\u00e5 litt forbi fjor\u00e5rets bes\u00f8k, sier Wang.<\/p>\n<p>Hun ser ogs\u00e5 positivt p\u00e5 2026, hvor hun p\u00e5 ny\u00e5ret har forventninger til blant annet \u00abRutete Ninja 3\u00bb, \u00ab28 years later: The bone temple\u00bb og \u00abMercy.\u00bb<\/p>\n<p>\u2013 Og i februar kommer endelig den norske monsterfilmen Kraken, forteller hun.<\/p>\n<p>  <a href=\"https:\/\/www.ringblad.no\/5-45-2115997\" class=\"related-teaser has-image default-gallery-teaser article--c-eRUmMG article--c-eRUmMG-jKCPdD-design-default\" rel=\"nofollow noopener\" target=\"_blank\"><\/p>\n<p>    <img decoding=\"async\" loading=\"lazy\"  src=\"https:\/\/www.europesays.com\/no\/wp-content\/uploads\/2025\/12\/Katrine,+Sn%C3%B8ball+og+Amalie_1.jpg\" alt=\"\" class=\"brick-c-cFOWSL\" style=\"\"\/><\/p>\n<p>\n            Bildeserie<\/p>\n<p>              Se bildene! Disse feiret bursdagen til H\u00f8nefoss kino\n        <\/p>\n<p>  <\/a><\/p>\n<p>  <a href=\"https:\/\/www.ringblad.no\/5-45-2112995\" class=\"related-teaser has-image default-story-teaser article--c-eRUmMG article--c-eRUmMG-jKCPdD-design-default\" rel=\"nofollow noopener\" target=\"_blank\"><\/p>\n<p>    <img decoding=\"async\" loading=\"lazy\"  src=\"https:\/\/www.europesays.com\/no\/wp-content\/uploads\/2025\/12\/Babykino__4_.jpg\" alt=\"\" class=\"brick-c-cFOWSL\" style=\"\"\/><\/p>\n<p>\n            Les ogs\u00e5<\/p>\n<p>              Feirer jubileum med nytt konsept\n        <\/p>\n<p>  <\/a><\/p>\n","protected":false},"excerpt":{"rendered":"I romjula kom Kjell Aukrusts Fl\u00e5klypa i ny drakt p\u00e5 H\u00f8nefoss kino. Kinosjef Katrine Wang Svendsen (41) mener&hellip;\n","protected":false},"author":2,"featured_media":124969,"comment_status":"","ping_status":"","sticky":false,"template":"","format":"standard","meta":{"footnotes":""},"categories":[58],"tags":[36,71,460,341,6754,410,955,30,28,29,1510,72],"class_list":{"0":"post-124968","1":"post","2":"type-post","3":"status-publish","4":"format-standard","5":"has-post-thumbnail","7":"category-underholdning","8":"tag-art","9":"tag-entertainment","10":"tag-film","11":"tag-honefoss","12":"tag-honefoss-kino","13":"tag-kultur","14":"tag-kultur-og-underholdning","15":"tag-no","16":"tag-norge","17":"tag-norway","18":"tag-story","19":"tag-underholdning"},"share_on_mastodon":{"url":"https:\/\/pubeurope.com\/@no\/115809776010040678","error":""},"_links":{"self":[{"href":"https:\/\/www.europesays.com\/no\/wp-json\/wp\/v2\/posts\/124968","targetHints":{"allow":["GET"]}}],"collection":[{"href":"https:\/\/www.europesays.com\/no\/wp-json\/wp\/v2\/posts"}],"about":[{"href":"https:\/\/www.europesays.com\/no\/wp-json\/wp\/v2\/types\/post"}],"author":[{"embeddable":true,"href":"https:\/\/www.europesays.com\/no\/wp-json\/wp\/v2\/users\/2"}],"replies":[{"embeddable":true,"href":"https:\/\/www.europesays.com\/no\/wp-json\/wp\/v2\/comments?post=124968"}],"version-history":[{"count":0,"href":"https:\/\/www.europesays.com\/no\/wp-json\/wp\/v2\/posts\/124968\/revisions"}],"wp:featuredmedia":[{"embeddable":true,"href":"https:\/\/www.europesays.com\/no\/wp-json\/wp\/v2\/media\/124969"}],"wp:attachment":[{"href":"https:\/\/www.europesays.com\/no\/wp-json\/wp\/v2\/media?parent=124968"}],"wp:term":[{"taxonomy":"category","embeddable":true,"href":"https:\/\/www.europesays.com\/no\/wp-json\/wp\/v2\/categories?post=124968"},{"taxonomy":"post_tag","embeddable":true,"href":"https:\/\/www.europesays.com\/no\/wp-json\/wp\/v2\/tags?post=124968"}],"curies":[{"name":"wp","href":"https:\/\/api.w.org\/{rel}","templated":true}]}}