{"id":12497,"date":"2025-08-19T17:56:06","date_gmt":"2025-08-19T17:56:06","guid":{"rendered":"https:\/\/www.europesays.com\/no\/12497\/"},"modified":"2025-08-19T17:56:06","modified_gmt":"2025-08-19T17:56:06","slug":"meninger-lykkes-med-sylvi-skremming-vg","status":"publish","type":"post","link":"https:\/\/www.europesays.com\/no\/12497\/","title":{"rendered":"Meninger: Lykkes med Sylvi-skremming &#8211; VG"},"content":{"rendered":"<ol>\n<li><a href=\"https:\/\/news.google.com\/rss\/articles\/CBMibkFVX3lxTE1LQTVqeERjMWJCSGdfNVh5dnk5WVFVV3ZFb1VkUzlJYlppUldIYmVWUThiLW9seGxWQ2VqZHlpUnU0UGRENXU4dUVkRThiOTBTdHdoaTU3TzlLUU1QOEhKaEJvVDdPZTRrdmNIYmln?oc=5\" target=\"_blank\" rel=\"nofollow noopener\">Meninger: Lykkes med Sylvi-skremming<\/a>&nbsp;&nbsp;VG<\/li>\n<li><a href=\"https:\/\/news.google.com\/rss\/articles\/CBMifEFVX3lxTE5keXk0Mm1UYlJBMXNrWExDV3BVZzVVQ3pyRjM5QUlheC1OdnREOWxrMzdRMWNmd3Z0Q1VYMEZLSnEyY2h3dWVJVFBsMm1KYUl6ODU0eE1Tc3ZFMDcwcUw5MEt5UVBweWxobXMtZlJmUjV0Tmp2MEIzbjdDUUY?oc=5\" target=\"_blank\" rel=\"nofollow noopener\">MDG-sjokk p\u00e5 ny VG-m\u00e5ling: Kan avgj\u00f8re valget<\/a>&nbsp;&nbsp;VG<\/li>\n<li><a href=\"https:\/\/news.google.com\/rss\/articles\/CBMiugFBVV95cUxON0NSSXVzTk41al90azZmRWdwU185b1VlSmMwZkdVeks2SkhOZFRQZjBMS3FvR1kyNnBjZjBqb2FNRW5mQmlFa2FRMkZQUU9ERmRVNlJxeUFqemZrM042bkh0Qm8yVkMzcUJid2w4TFRXUmVNMzlvOVMtd3Q2M2R3N2c3Y1VlalZuMnc5ckgwdDZMdUZHQ2VXdndDdDhBQ1NIMVdsZFdlR2xiSTBuT0xNN1R2ZFptTnBtZ2c?oc=5\" target=\"_blank\" rel=\"nofollow noopener\">Fredrik Solvang anklages for feilinformasjon. N\u00e5 er videoen slettet.<\/a>&nbsp;&nbsp;Aftenposten<\/li>\n<li><a href=\"https:\/\/news.google.com\/rss\/articles\/CBMiqwFBVV95cUxQdmJ6Y3Z1VzlRckR1SmhlR3FsU1RPYWQ2UnJIZllQOURNTGg3cWxJSFA3dm1FUWgzT1FTRVFmcF9rT1BFdWdhQjY2cC1WV1NXMFB6bWhvUXVuZkVlTzdOTVFHVkVSU1l5c21vUkNlT1JBQmpKUkpxTnFGR2ZUM1NaanR3M0Z2Z012cmJDS1dtV3hrMWNJLTA3V09ONUlScXZNTnFkTW41WTd2ZW8?oc=5\" target=\"_blank\" rel=\"nofollow noopener\">MDG p\u00e5 vippen i ny m\u00e5ling: \u2013 Folk frykter Listhaug som statsminister<\/a>&nbsp;&nbsp;Bergens Tidende<\/li>\n<li><a href=\"https:\/\/news.google.com\/rss\/articles\/CBMigAFBVV95cUxNNkVZS1dlX0RxMnNEVTZ2bng5ZWIxSVhFVDdsTjFnUWthVGt1ZnVvNUZCaXJ3SDI4eGxLWmVhRkliOFJiRkN3TlVKbHlXcjZMSmhQZW12eUUtc3JQZW5WNzcxQU03YUJjb1hfcTNsVnQ3YzlfQ19yZEgwRV83Wkxacw?oc=5\" target=\"_blank\" rel=\"nofollow noopener\">Politikk, Val 2025 | Dei er n\u00e6re stortingsplass \u2013 Ap i motvind<\/a>&nbsp;&nbsp;Firda<\/li>\n<\/ol>\n","protected":false},"excerpt":{"rendered":"Meninger: Lykkes med Sylvi-skremming&nbsp;&nbsp;VG MDG-sjokk p\u00e5 ny VG-m\u00e5ling: Kan avgj\u00f8re valget&nbsp;&nbsp;VG Fredrik Solvang anklages for feilinformasjon. N\u00e5 er&hellip;\n","protected":false},"author":2,"featured_media":12498,"comment_status":"","ping_status":"","sticky":false,"template":"","format":"standard","meta":{"footnotes":""},"categories":[5],"tags":[2472,20,21,24,25,15,19,2471,22,23,17,18,13,30,28,29,14,16,200,2046,26,27,103],"class_list":{"0":"post-12497","1":"post","2":"type-post","3":"status-publish","4":"format-standard","5":"has-post-thumbnail","7":"category-overskrifter","8":"tag-arild-hermstad","9":"tag-breaking-news","10":"tag-breakingnews","11":"tag-featured-news","12":"tag-featurednews","13":"tag-headlines","14":"tag-hovedoppslag","15":"tag-kirsti-bergsto","16":"tag-latest-news","17":"tag-latestnews","18":"tag-main-news","19":"tag-mainnews","20":"tag-news","21":"tag-no","22":"tag-norge","23":"tag-norway","24":"tag-nyheter","25":"tag-overskrifter","26":"tag-sylvi-listhaug","27":"tag-tiktok","28":"tag-top-stories","29":"tag-topstories","30":"tag-vgmeninger"},"share_on_mastodon":{"url":"","error":""},"_links":{"self":[{"href":"https:\/\/www.europesays.com\/no\/wp-json\/wp\/v2\/posts\/12497","targetHints":{"allow":["GET"]}}],"collection":[{"href":"https:\/\/www.europesays.com\/no\/wp-json\/wp\/v2\/posts"}],"about":[{"href":"https:\/\/www.europesays.com\/no\/wp-json\/wp\/v2\/types\/post"}],"author":[{"embeddable":true,"href":"https:\/\/www.europesays.com\/no\/wp-json\/wp\/v2\/users\/2"}],"replies":[{"embeddable":true,"href":"https:\/\/www.europesays.com\/no\/wp-json\/wp\/v2\/comments?post=12497"}],"version-history":[{"count":0,"href":"https:\/\/www.europesays.com\/no\/wp-json\/wp\/v2\/posts\/12497\/revisions"}],"wp:featuredmedia":[{"embeddable":true,"href":"https:\/\/www.europesays.com\/no\/wp-json\/wp\/v2\/media\/12498"}],"wp:attachment":[{"href":"https:\/\/www.europesays.com\/no\/wp-json\/wp\/v2\/media?parent=12497"}],"wp:term":[{"taxonomy":"category","embeddable":true,"href":"https:\/\/www.europesays.com\/no\/wp-json\/wp\/v2\/categories?post=12497"},{"taxonomy":"post_tag","embeddable":true,"href":"https:\/\/www.europesays.com\/no\/wp-json\/wp\/v2\/tags?post=12497"}],"curies":[{"name":"wp","href":"https:\/\/api.w.org\/{rel}","templated":true}]}}