{"id":124978,"date":"2025-12-30T17:58:07","date_gmt":"2025-12-30T17:58:07","guid":{"rendered":"https:\/\/www.europesays.com\/no\/124978\/"},"modified":"2025-12-30T17:58:07","modified_gmt":"2025-12-30T17:58:07","slug":"slik-skal-de-feire-vi-trenger-en-pang-til-det-nye-aret-mn24-no","status":"publish","type":"post","link":"https:\/\/www.europesays.com\/no\/124978\/","title":{"rendered":"Slik skal de feire: \u2013 Vi trenger en pang til det nye \u00e5ret &#8211; mn24.no"},"content":{"rendered":"<ol>\n<li><a href=\"https:\/\/news.google.com\/rss\/articles\/CBMimgFBVV95cUxPYWRrcmJJN2ZLbWNoTzRjeWhPYTlNVlZua2lrRUNTd3BQVjhRXzh1bjlrRFUyUUdGcFBwMmc5UzdCcGJxWnRwNngweDZEYm1NZW5VanVZX2xUZm03V0JHUW1rR21TVy0wc290d0N3YlJlNFFUXzczcFhGRFB4RGt2WlVfd2FwTmFUZi1RVV9qWEduQUFWNlhFRk13?oc=5\" target=\"_blank\" rel=\"nofollow noopener\">Slik skal de feire: \u2013 Vi trenger en pang til det nye \u00e5ret<\/a>&nbsp;&nbsp;mn24.no<\/li>\n<li><a href=\"https:\/\/news.google.com\/rss\/articles\/CBMiigFBVV95cUxQdzJ1dVBQX2toNjFrM1hsNVFMVmtvMkk2bUtncUFtNGZJckVJUEhoX01kU0tmSTJtWnFHQ0hCU3BuQUVEVnhSUlhDRnpXRjNiWXl2QkJXTmM3VHpMZ1JjMlJQd1JPTTNCTXhRbktuWVFZajNKV1I1Z1FzbDZiY0Y3SFJlZy1wVHc1SkE?oc=5\" target=\"_blank\" rel=\"nofollow noopener\">Fyrverkeri-salget skyter i v\u00e6ret f\u00f8r nytt\u00e5r<\/a>&nbsp;&nbsp;E24<\/li>\n<li><a href=\"https:\/\/news.google.com\/rss\/articles\/CBMikAFBVV95cUxNbWJMZUVjRnFOaENDQ2RUaUt5ZlVweERkLUlHUFc5aWtmbkpzenVCM0V3UEw0VVV1OWxEMC1EY21hRTdVZDVqTE00d2RLMUIyWVVuNmpUZHlDZ1BLUURxZjRtbjBEN0t2OFlpOWFQakdBZ1BUNFdobFNLcHRldDBBRkNFMTRDWmQ1bE1ndmJzTGU?oc=5\" target=\"_blank\" rel=\"nofollow noopener\">Sikret seg f\u00f8r nytt\u00e5r: \u2013 Jeg pleier \u00e5 kj\u00f8pe en del<\/a>&nbsp;&nbsp;gat.no<\/li>\n<li><a href=\"https:\/\/news.google.com\/rss\/articles\/CBMihAFBVV95cUxOaEZsdkhyNUVFZVhQMmhSR25CMGh4NWhKSkFMSEwzbGhtMkJxdHFSME4xRFhnWnVlTXpjbjQ0b0FvYzZCdnh3M2V5X1NFY281bkJKNzViT3JPMzg0amRobUhZVnAyM0JlRkhGT0w1UGEtZFQ1NDFzV3FZekVRaTFOa0ZkRlI?oc=5\" target=\"_blank\" rel=\"nofollow noopener\">Mest smell for pengene \u2013 dette selger best<\/a>&nbsp;&nbsp;driva.no<\/li>\n<li><a href=\"https:\/\/news.google.com\/rss\/articles\/CBMihgFBVV95cUxNYVFTaFp4UndkTFFyWkJwTV9vVlVzUUd1Z0VoQTM1TU9GQzlWVUxfc3VOVnUtQ3ZXNHZoUnVSTERxOVFjbU81aGZvT3Z4RlA4bEs5bG43bWdkbTE3VjdXN245c3JoVjZDckplTHk0Z2lydHV3U04za0NCVmhoRkJQYnQtTG80dw?oc=5\" target=\"_blank\" rel=\"nofollow noopener\">Fredrikstad sentrum, Nytt\u00e5rsaften | Salg av fyrverkeri: \u2013 Folk velger familievennlig<\/a>&nbsp;&nbsp;Fredriksstad Blad<\/li>\n<\/ol>\n","protected":false},"excerpt":{"rendered":"Slik skal de feire: \u2013 Vi trenger en pang til det nye \u00e5ret&nbsp;&nbsp;mn24.no Fyrverkeri-salget skyter i v\u00e6ret f\u00f8r&hellip;\n","protected":false},"author":2,"featured_media":124979,"comment_status":"","ping_status":"","sticky":false,"template":"","format":"standard","meta":{"footnotes":""},"categories":[10],"tags":[20,21,24,25,10497,15,22,23,13,30,28,29,14,16,26,27],"class_list":{"0":"post-124978","1":"post","2":"type-post","3":"status-publish","4":"format-standard","5":"has-post-thumbnail","7":"category-norge","8":"tag-breaking-news","9":"tag-breakingnews","10":"tag-featured-news","11":"tag-featurednews","12":"tag-fyrverkeri","13":"tag-headlines","14":"tag-latest-news","15":"tag-latestnews","16":"tag-news","17":"tag-no","18":"tag-norge","19":"tag-norway","20":"tag-nyheter","21":"tag-overskrifter","22":"tag-top-stories","23":"tag-topstories"},"share_on_mastodon":{"url":"https:\/\/pubeurope.com\/@no\/115809819320616977","error":""},"_links":{"self":[{"href":"https:\/\/www.europesays.com\/no\/wp-json\/wp\/v2\/posts\/124978","targetHints":{"allow":["GET"]}}],"collection":[{"href":"https:\/\/www.europesays.com\/no\/wp-json\/wp\/v2\/posts"}],"about":[{"href":"https:\/\/www.europesays.com\/no\/wp-json\/wp\/v2\/types\/post"}],"author":[{"embeddable":true,"href":"https:\/\/www.europesays.com\/no\/wp-json\/wp\/v2\/users\/2"}],"replies":[{"embeddable":true,"href":"https:\/\/www.europesays.com\/no\/wp-json\/wp\/v2\/comments?post=124978"}],"version-history":[{"count":0,"href":"https:\/\/www.europesays.com\/no\/wp-json\/wp\/v2\/posts\/124978\/revisions"}],"wp:featuredmedia":[{"embeddable":true,"href":"https:\/\/www.europesays.com\/no\/wp-json\/wp\/v2\/media\/124979"}],"wp:attachment":[{"href":"https:\/\/www.europesays.com\/no\/wp-json\/wp\/v2\/media?parent=124978"}],"wp:term":[{"taxonomy":"category","embeddable":true,"href":"https:\/\/www.europesays.com\/no\/wp-json\/wp\/v2\/categories?post=124978"},{"taxonomy":"post_tag","embeddable":true,"href":"https:\/\/www.europesays.com\/no\/wp-json\/wp\/v2\/tags?post=124978"}],"curies":[{"name":"wp","href":"https:\/\/api.w.org\/{rel}","templated":true}]}}