{"id":124984,"date":"2025-12-30T18:05:25","date_gmt":"2025-12-30T18:05:25","guid":{"rendered":"https:\/\/www.europesays.com\/no\/124984\/"},"modified":"2025-12-30T18:05:25","modified_gmt":"2025-12-30T18:05:25","slug":"walz-avviser-anklager-om-omfattende-barnehagesvindel","status":"publish","type":"post","link":"https:\/\/www.europesays.com\/no\/124984\/","title":{"rendered":"Walz avviser anklager om omfattende barnehagesvindel"},"content":{"rendered":"<p><strong>Minnesotas guvern\u00f8r Tim Walz avviser p\u00e5stander om omfattende svindel i statlige st\u00f8tteordninger etter at en video fra flere barnehager har g\u00e5tt viralt. Det melder<a href=\"https:\/\/www.foxnews.com\/politics\/tim-walz-pushes-back-minnesota-fraud-allegations-following-viral-daycare-video\" rel=\"nofollow noopener\" target=\"_blank\"> Fox News.<\/a><\/strong><\/p>\n<p>Videoen, laget av den uavhengige journalisten Nick Shirley, viser bes\u00f8k til barneomsorgssentre som if\u00f8lge ham har mottatt millionbel\u00f8p i offentlig st\u00f8tte, til tross for at de fremst\u00e5r som nesten inaktive.<\/p>\n<p>I en kommentar til Fox News understreker Walz\u2019 kontor at guvern\u00f8ren i flere \u00e5r har jobbet systematisk for \u00e5 sl\u00e5 ned p\u00e5 svindel og styrke kontrollen med statlige programmer. \u2013 Guvern\u00f8ren har i \u00e5revis jobbet for \u00e5 bekjempe svindel og bedt delstatsforsamlingen om mer myndighet til \u00e5 handle offensivt, sier en talsperson.<\/p>\n<p>If\u00f8lge talspersonen er det satt i gang unders\u00f8kelser av flere av de omtalte barnehagene, og ett av stedene skal allerede v\u00e6re stengt. Walz-administrasjonen peker ogs\u00e5 p\u00e5 tiltak som bruk av eksternt revisjonsselskap, nedleggelse av et h\u00f8yrisikoprogram og utnevnelse av en egen direkt\u00f8r for programintegritet.<\/p>\n<blockquote class=\"twitter-tweet\">\n<p lang=\"en\" dir=\"ltr\">\u203c\ufe0f Minnesota Daycare Phone Shocker<\/p>\n<p>A viewer of Nick Shirley\u2019s viral daycare expos\u00e9 claims calling Sweet Angel Child Care in Minneapolis, featured in the video, rang directly to Governor Tim Walz\u2019s office.<\/p>\n<p>Not a state line.<br \/>Not a referral.<br \/>The governor\u2019s office.<\/p>\n<p>If true, why\u2026 <a href=\"https:\/\/t.co\/yOtGEyZFHz\" rel=\"nofollow\">pic.twitter.com\/yOtGEyZFHz<\/a><\/p>\n<p>\u2014 Digital Gal (@DigitalGalX) <a href=\"https:\/\/twitter.com\/DigitalGalX\/status\/2005633058507047356?ref_src=twsrc%5Etfw\" rel=\"nofollow noopener\" target=\"_blank\">December 29, 2025<\/a><\/p><\/blockquote>\n<p>Den 42 minutter lange videoen viser blant annet et lokale i Minneapolis som if\u00f8lge opplysningene skal ha hatt ansvar for n\u00e6r 100 barn og mottatt rundt fire millioner dollar i st\u00f8tte. P\u00e5 stedet fremst\u00e5r det imidlertid som lite aktivitet, noe som har bidratt til sterk kritikk i sosiale medier og fra flere profilerte politikere.<\/p>\n<p>Shirley hevder selv at p\u00e5st\u00e5tt svindel er \u00e5penbar. <br \/>\u2013 Dette er s\u00e5 tydelig at selv et barnehagebarn kunne sett at det foreg\u00e5r svindel, sier han i et intervju med Fox News. Han antyder samtidig at andre journalister vegrer seg for \u00e5 unders\u00f8ke saken n\u00e6rmere av frykt for \u00e5 bli stemplet negativt.<\/p>\n<p>Saken har n\u00e5 f\u00e5tt f\u00f8deral oppmerksomhet. FBI har bekreftet at de har styrket etterforskningen i Minnesota som del av arbeidet med \u00e5 avdekke omfattende misbruk av offentlige midler.<\/p>\n<p><script async src=\"https:\/\/platform.twitter.com\/widgets.js\" charset=\"utf-8\"><\/script><\/p>\n","protected":false},"excerpt":{"rendered":"Minnesotas guvern\u00f8r Tim Walz avviser p\u00e5stander om omfattende svindel i statlige st\u00f8tteordninger etter at en video fra flere&hellip;\n","protected":false},"author":2,"featured_media":107842,"comment_status":"","ping_status":"","sticky":false,"template":"","format":"standard","meta":{"footnotes":""},"categories":[12],"tags":[20,21,24,25,15,22,23,13,30,28,29,14,16,6270,1441,3556,26,27,14754,42,43,44,45],"class_list":{"0":"post-124984","1":"post","2":"type-post","3":"status-publish","4":"format-standard","5":"has-post-thumbnail","7":"category-verden","8":"tag-breaking-news","9":"tag-breakingnews","10":"tag-featured-news","11":"tag-featurednews","12":"tag-headlines","13":"tag-latest-news","14":"tag-latestnews","15":"tag-news","16":"tag-no","17":"tag-norge","18":"tag-norway","19":"tag-nyheter","20":"tag-overskrifter","21":"tag-somalia","22":"tag-svindel","23":"tag-tim-walz","24":"tag-top-stories","25":"tag-topstories","26":"tag-velferdsprofitering","27":"tag-verden","28":"tag-world","29":"tag-world-news","30":"tag-worldnews"},"share_on_mastodon":{"url":"https:\/\/pubeurope.com\/@no\/115809846846936920","error":""},"_links":{"self":[{"href":"https:\/\/www.europesays.com\/no\/wp-json\/wp\/v2\/posts\/124984","targetHints":{"allow":["GET"]}}],"collection":[{"href":"https:\/\/www.europesays.com\/no\/wp-json\/wp\/v2\/posts"}],"about":[{"href":"https:\/\/www.europesays.com\/no\/wp-json\/wp\/v2\/types\/post"}],"author":[{"embeddable":true,"href":"https:\/\/www.europesays.com\/no\/wp-json\/wp\/v2\/users\/2"}],"replies":[{"embeddable":true,"href":"https:\/\/www.europesays.com\/no\/wp-json\/wp\/v2\/comments?post=124984"}],"version-history":[{"count":0,"href":"https:\/\/www.europesays.com\/no\/wp-json\/wp\/v2\/posts\/124984\/revisions"}],"wp:featuredmedia":[{"embeddable":true,"href":"https:\/\/www.europesays.com\/no\/wp-json\/wp\/v2\/media\/107842"}],"wp:attachment":[{"href":"https:\/\/www.europesays.com\/no\/wp-json\/wp\/v2\/media?parent=124984"}],"wp:term":[{"taxonomy":"category","embeddable":true,"href":"https:\/\/www.europesays.com\/no\/wp-json\/wp\/v2\/categories?post=124984"},{"taxonomy":"post_tag","embeddable":true,"href":"https:\/\/www.europesays.com\/no\/wp-json\/wp\/v2\/tags?post=124984"}],"curies":[{"name":"wp","href":"https:\/\/api.w.org\/{rel}","templated":true}]}}