{"id":124987,"date":"2025-12-30T18:08:08","date_gmt":"2025-12-30T18:08:08","guid":{"rendered":"https:\/\/www.europesays.com\/no\/124987\/"},"modified":"2025-12-30T18:08:08","modified_gmt":"2025-12-30T18:08:08","slug":"trump-truer-iran-vi-vil-knuse-dem","status":"publish","type":"post","link":"https:\/\/www.europesays.com\/no\/124987\/","title":{"rendered":"Trump truer Iran: \u2013 Vi vil knuse dem"},"content":{"rendered":"<p>USAs president Donald Trump truer med nye milit\u00e6re angrep mot Iran dersom landet gjenoppbygger sitt atomprogram eller fortsetter utviklingen av ballistiske missiler.<\/p>\n<p>Uttalelsene kommer etter amerikanske og israelske luftangrep tidligere i \u00e5r, som if\u00f8lge Trump satte Irans atomambisjoner kraftig tilbake.<\/p>\n<p><b>\u2013 N\u00e5 h\u00f8rer jeg at Iran fors\u00f8ker \u00e5 bygge seg opp igjen. Hvis de gj\u00f8r det, m\u00e5 vi sl\u00e5 dem ned, sa Trump mandag under et m\u00f8te med Israels statsminister Benjamin Netanyahu p\u00e5 presidentens eiendom Mar-a-Lago i Florida, if\u00f8lge <a href=\"https:\/\/www.bloomberg.com\/news\/articles\/2025-12-29\/trump-vows-to-strike-iran-again-if-it-rebuilds-nuclear-program?taid=6952ed49978b63000151cc70&amp;utm_campaign=trueanthem&amp;utm_content=business&amp;utm_medium=social&amp;utm_source=twitter\" target=\"_blank\" rel=\"nofollow noopener\">Bloomberg.<\/a>\u00a0<\/b><\/p>\n<p>\u2013 Vi vil knuse dem, men forh\u00e5pentligvis skjer ikke det, la han til.<\/p>\n<p>Trump signaliserte samtidig full st\u00f8tte til Israel dersom landet velger \u00e5 sl\u00e5 til mot Irans ballistiske missilprogram \u2013 som Netanyahu tidligere har omtalt som en \u00abeksistensiell trussel\u00bb mot den israelske staten.<\/p>\n<p>\u2013 Hvis de fortsetter med missilene, ja, svarte Trump p\u00e5 sp\u00f8rsm\u00e5l om amerikansk st\u00f8tte til nye israelske angrep.<\/p>\n<p class=\"subhead\" data-element-type=\"subhead\" data-element-label=\"Mellomtittel\">Omstridte skadeomfang<\/p>\n<p>USA gjennomf\u00f8rte i juni angrep mot flere sentrale iranske atomanlegg, i operasjoner koordinert med Israel. Trump hevdet i etterkant at et n\u00f8kkelanlegg for underjordisk anrikning av uran var \u00abtotalt utslettet\u00bb. Andre etterretningsvurderinger har imidlertid stilt sp\u00f8rsm\u00e5l ved hvor omfattende skadene faktisk var.<\/p>\n<p>Iran har siden nektet internasjonale inspekt\u00f8rer adgang til lagre av nesten v\u00e5pengradert uran, noe som har \u00f8kt bekymringen blant vestlige etterretningstjenester.<\/p>\n<p class=\"subhead\" data-element-type=\"subhead\" data-element-label=\"Mellomtittel\">\u00c5pen for ny avtale<\/p>\n<p>Til tross for den harde retorikken gjentok Trump at han mener Iran \u00f8nsker \u00e5 inng\u00e5 en ny avtale med USA, der begrensninger i atomprogrammet kan byttes mot lettelser i sanksjonene.<\/p>\n<p>\u2013 Jeg har h\u00f8rt at Iran vil gj\u00f8re en avtale. Det ville v\u00e6rt mye smartere. De kunne ha gjort det f\u00f8r angrepene, men valgte \u00e5 la v\u00e6re. N\u00e5 angrer de, sa Trump.<\/p>\n<p>Iran inngikk i 2015 en internasjonal avtale som begrenset landets atomaktiviteter mot sanksjonslettelser. Trump trakk USA ut av avtalen i 2018. Nye forhandlinger var i gang tidligere i \u00e5r, men ble stanset etter luftangrepene i sommer.<\/p>\n<p class=\"subhead\" data-element-type=\"subhead\" data-element-label=\"Mellomtittel\">\u00d8konomisk press og uro<\/p>\n<p>Samtidig preges Iran av \u00f8kende \u00f8konomisk uro. I Teheran har det de siste dagene v\u00e6rt omfattende protester etter at valutaen har falt til rekordlave niv\u00e5er. H\u00f8y inflasjon og stigende levekostnader legger ytterligere press p\u00e5 befolkningen i det sanksjonsrammede landet.<\/p>\n<p>Israelsk etterretning har nylig advart om at Iran fortsatt har som m\u00e5l \u00e5 utvikle atomv\u00e5pen.<\/p>\n<p>\u2013 Iran har ikke forlatt sin ambisjon om \u00e5 \u00f8delegge staten Israel, sa Mossad-sjef David Barnea tidligere denne m\u00e5neden.<\/p>\n<p>Iran har p\u00e5 sin side gjentatte ganger avvist at landet s\u00f8ker atomv\u00e5pen, men bekrefter at anrikningen av uran ble trappet opp etter USAs uttreden fra atomavtalen.<\/p>\n","protected":false},"excerpt":{"rendered":"USAs president Donald Trump truer med nye milit\u00e6re angrep mot Iran dersom landet gjenoppbygger sitt atomprogram eller fortsetter&hellip;\n","protected":false},"author":2,"featured_media":124988,"comment_status":"","ping_status":"","sticky":false,"template":"","format":"standard","meta":{"footnotes":""},"categories":[5],"tags":[20,21,24,25,15,19,22,23,17,18,13,30,28,29,14,16,26,27],"class_list":{"0":"post-124987","1":"post","2":"type-post","3":"status-publish","4":"format-standard","5":"has-post-thumbnail","7":"category-overskrifter","8":"tag-breaking-news","9":"tag-breakingnews","10":"tag-featured-news","11":"tag-featurednews","12":"tag-headlines","13":"tag-hovedoppslag","14":"tag-latest-news","15":"tag-latestnews","16":"tag-main-news","17":"tag-mainnews","18":"tag-news","19":"tag-no","20":"tag-norge","21":"tag-norway","22":"tag-nyheter","23":"tag-overskrifter","24":"tag-top-stories","25":"tag-topstories"},"share_on_mastodon":{"url":"https:\/\/pubeurope.com\/@no\/115809858603969745","error":""},"_links":{"self":[{"href":"https:\/\/www.europesays.com\/no\/wp-json\/wp\/v2\/posts\/124987","targetHints":{"allow":["GET"]}}],"collection":[{"href":"https:\/\/www.europesays.com\/no\/wp-json\/wp\/v2\/posts"}],"about":[{"href":"https:\/\/www.europesays.com\/no\/wp-json\/wp\/v2\/types\/post"}],"author":[{"embeddable":true,"href":"https:\/\/www.europesays.com\/no\/wp-json\/wp\/v2\/users\/2"}],"replies":[{"embeddable":true,"href":"https:\/\/www.europesays.com\/no\/wp-json\/wp\/v2\/comments?post=124987"}],"version-history":[{"count":0,"href":"https:\/\/www.europesays.com\/no\/wp-json\/wp\/v2\/posts\/124987\/revisions"}],"wp:featuredmedia":[{"embeddable":true,"href":"https:\/\/www.europesays.com\/no\/wp-json\/wp\/v2\/media\/124988"}],"wp:attachment":[{"href":"https:\/\/www.europesays.com\/no\/wp-json\/wp\/v2\/media?parent=124987"}],"wp:term":[{"taxonomy":"category","embeddable":true,"href":"https:\/\/www.europesays.com\/no\/wp-json\/wp\/v2\/categories?post=124987"},{"taxonomy":"post_tag","embeddable":true,"href":"https:\/\/www.europesays.com\/no\/wp-json\/wp\/v2\/tags?post=124987"}],"curies":[{"name":"wp","href":"https:\/\/api.w.org\/{rel}","templated":true}]}}