{"id":124989,"date":"2025-12-30T18:09:07","date_gmt":"2025-12-30T18:09:07","guid":{"rendered":"https:\/\/www.europesays.com\/no\/124989\/"},"modified":"2025-12-30T18:09:07","modified_gmt":"2025-12-30T18:09:07","slug":"fortsatt-en-forskjell-nrk-sport-sportsnyheter-resultater-og-sendeplan","status":"publish","type":"post","link":"https:\/\/www.europesays.com\/no\/124989\/","title":{"rendered":"\u2013 Fortsatt en forskjell \u2013 NRK Sport \u2013 Sportsnyheter, resultater og sendeplan"},"content":{"rendered":"<p>For ett \u00e5r siden fikk nemlig vinneren av hoppkvinnenes kvalifisering i Garmisch-Partenkirchen baderomstilbeh\u00f8r i premie, mens herrenes vinner fikk 37.000 kroner.<\/p>\n<p>Det <a href=\"https:\/\/www.nrk.no\/sport\/hardt-ut-mot-forskjellsbehandling_-herrene-far-penger-_-kvinnene-far-sjampo-1.17189036\" ec-id=\"pp:article:1.17189036\" ec-name=\"skapte store reaksjoner\" rel=\"nofollow noopener\" target=\"_blank\">skapte store reaksjoner<\/a> hos flere i milj\u00f8et.<\/p>\n<p>\u2013 Det h\u00f8rer ikke hjemme noe sted i det hele tatt. Jeg synes det er nitrist, sa sportssjef Jan-Erik Aalbu til NRK den gang.<\/p>\n<p>Tyske Selina Freitag ble bel\u00f8nnet med sjampo, s\u00e5pe og h\u00e5ndkl\u00e6r. Men n\u00e5 er det slutt p\u00e5 forskjellsbehandlingen.<\/p>\n<p>Det melder Det tyske skiforbundet (DSV) p\u00e5 <a href=\"https:\/\/www.instagram.com\/p\/DSsbAujDN3y\/?img_index=1\" ec-id=\"https:\/\/www.instagram.com\/p\/DSsbAujDN3y\/\" ec-name=\"Instagram\" rel=\"nofollow noopener\" target=\"_blank\">Instagram<\/a>.<\/p>\n<p>\u2013 I \u00e5r venter et spesielt h\u00f8ydepunkt: For f\u00f8rste gang vil kvinnene bli tildelt full kvalifiseringsbonus, skriver forbundet.<\/p>\n<p><img decoding=\"async\"   src=\"data:image\/gif;base64,R0lGODlhAQABAIAAAAAAAP\/\/\/yH5BAEAAAAALAAAAAABAAEAAAIBRAA7\" loading=\"eager\" alt=\"En ut\u00f8ver st\u00e5r p\u00e5 seierspallen etter en konkurranse i Trondheim, if\u00f8rt skiutstyr. Personen holder en skisutstyr i venstre h\u00e5nd og en stor dukke i h\u00f8yre h\u00e5nd. Bakgrunnen inneholder sponsorlogotyper og informasjon om arrangementet. Ut\u00f8veren har p\u00e5 seg en signaturhue og en konkurransedrakt med nummer 38. (Bildebeskrivelsen er laget av en KI-tjeneste)\" title=\"Foto: Matthias Schrader \/ AP \/ NTB\"\/><\/p>\n<p class=\"\">PREMIE: Selina Freitag tok s\u00f8lvmedalje under VM i Trondheim. Da fikk hun en bamse, men ogs\u00e5 penger. Slik var det ikke i kvalifiseringen i Garmisch-Partenkirchen i fjor.<\/p>\n<p>Foto: Matthias Schrader \/ AP \/ NTB<\/p>\n<p>\u2013 Ta de p\u00e5 alvor<\/p>\n<p>NRK-ekspert Maren Lundby var en av dem som reagerte kraftig p\u00e5 fjor\u00e5rets premie. Hun mener det er p\u00e5 sin plass at forbundet n\u00e5 tar grep.<\/p>\n<p>\u2013 Det er jo s\u00e5nn det burde v\u00e6re overalt. Det er jo fortsatt en forskjell mellom hva de tjener i verdenscupen.<\/p>\n<p>For \u00e5 vinne et verdenscuprenn f\u00e5r herrene 15.000 Euro, som tilsvarer n\u00e6rmere 180.000 norske kroner, mens kvinnene f\u00e5r 5000 Euro, som er 59.000 norske kroner.<\/p>\n<p><img decoding=\"async\"   src=\"data:image\/gif;base64,R0lGODlhAQABAIAAAAAAAP\/\/\/yH5BAEAAAAALAAAAAABAAEAAAIBRAA7\" loading=\"eager\" alt=\"Tidligere skihopper Maren Lundby er NRKs nye hoppekspert\" title=\"Foto: Fredrik Saltbones \/ NRK\"\/><\/p>\n<p class=\"\">P\u00c5 TIDE: Maren Lundby synes det er p\u00e5 sin plass at forskjellene utjevnes. <\/p>\n<p>Foto: Fredrik Saltbones \/ NRK<\/p>\n<p>Lundby trekker frem flere eksempler hvor nasjoner som Norge og USA har gjort som Tyskland gj\u00f8r n\u00e5 \u2013 \u00e5 betale ekstra for like premiepenger.<\/p>\n<p>\u2013 Det syns jeg er kjempebra. Det handler om \u00e5 ta de p\u00e5 alvor og gi de like muligheter, sier hun.<\/p>\n<p>De norske kvinnene har imponert s\u00e5 langt i \u00e5rets sesong, med Anna Odine Str\u00f8m p\u00e5 tredjeplass i sammendraget i verdenscupen.<\/p>\n<p>Hun ble beste norske ut\u00f8ver i kvalifiseringen i Garmisch-Partenkirchen tirsdag med en femteplass.<\/p>\n<p>\u2013 Det er hyggelig at de ogs\u00e5 vil prioritere oss. Tyskland har n\u00e5 stilt opp med halve hoppuken, s\u00e5 de har gjort litt for oss allerede, sier Str\u00f8m til NRK og viser til premiepengene.<\/p>\n<p>En etterspurt endring<\/p>\n<p>Hoppernes renndirekt\u00f8r for Det internasjonale ski- og sn\u00f8brettforbundet, Sandro Pertile, hadde inntil \u00e5rets sesong kun ansvar for herrene.<\/p>\n<p>Da han f\u00f8r \u00e5rets sesong ogs\u00e5 fikk ansvar for kvinnene, s\u00e5 lovet han endring.<\/p>\n<p>\u2013 Jeg kan bare love at jeg vil jobbe med det, sa Pertile til NRK da.<\/p>\n<p>Det har han ogs\u00e5 klart. I \u00e5r er siste gangen at kvinnene konkurrer under den s\u00e5kalte \u00abTwo Nights Tour\u00bb, mens herrene konkurrerer i Hoppuka.<\/p>\n<p><img decoding=\"async\"   src=\"data:image\/gif;base64,R0lGODlhAQABAIAAAAAAAP\/\/\/yH5BAEAAAAALAAAAAABAAEAAAIBRAA7\" loading=\"eager\" alt=\"Sandro Pertile\" title=\"Foto: NRK\"\/><\/p>\n<p class=\"\">SJEF: Sandro Pertile er \u00f8verste leder for hoppfamilien. <\/p>\n<p>Foto: NRK<\/p>\n<p>Fra og med neste \u00e5r, s\u00e5 skal kvinnene v\u00e6re en del av den \u00e6rverdige Hoppuka.<\/p>\n<p><strong>\u2013 Det er det mest gledelige. Det er noe vi egentlig har etterspurt i mange \u00e5r. Det burde ha skjedd for mange \u00e5r siden, men endelig er det p\u00e5 plass. S\u00e5 det er kjempebra for sporten, sier Lundby.<\/strong><\/p>\n<p>Str\u00f8m tror ikke p\u00e5 at det blir fullstendig hoppuke for kvinnene f\u00f8r hun f\u00e5r se det.<\/p>\n<p>\u2013 Forh\u00e5pentligvis stiller \u00d8sterrike opp med full hoppuke neste \u00e5r. Det er planen, men man vet jo aldri med dem, sier hun.<\/p>\n<p>Publisert<\/p>\n<p>30.12.2025, kl. 18.33<\/p>\n<p>Oppdatert<\/p>\n<p>30.12.2025, kl. 18.55<\/p>\n<p><script async src=\"\/\/www.instagram.com\/embed.js\"><\/script><\/p>\n","protected":false},"excerpt":{"rendered":"For ett \u00e5r siden fikk nemlig vinneren av hoppkvinnenes kvalifisering i Garmisch-Partenkirchen baderomstilbeh\u00f8r i premie, mens herrenes vinner&hellip;\n","protected":false},"author":2,"featured_media":124990,"comment_status":"","ping_status":"","sticky":false,"template":"","format":"standard","meta":{"footnotes":""},"categories":[59],"tags":[30,28,29,83,82],"class_list":{"0":"post-124989","1":"post","2":"type-post","3":"status-publish","4":"format-standard","5":"has-post-thumbnail","7":"category-sport","8":"tag-no","9":"tag-norge","10":"tag-norway","11":"tag-sport","12":"tag-sports"},"share_on_mastodon":{"url":"https:\/\/pubeurope.com\/@no\/115809862471428490","error":""},"_links":{"self":[{"href":"https:\/\/www.europesays.com\/no\/wp-json\/wp\/v2\/posts\/124989","targetHints":{"allow":["GET"]}}],"collection":[{"href":"https:\/\/www.europesays.com\/no\/wp-json\/wp\/v2\/posts"}],"about":[{"href":"https:\/\/www.europesays.com\/no\/wp-json\/wp\/v2\/types\/post"}],"author":[{"embeddable":true,"href":"https:\/\/www.europesays.com\/no\/wp-json\/wp\/v2\/users\/2"}],"replies":[{"embeddable":true,"href":"https:\/\/www.europesays.com\/no\/wp-json\/wp\/v2\/comments?post=124989"}],"version-history":[{"count":0,"href":"https:\/\/www.europesays.com\/no\/wp-json\/wp\/v2\/posts\/124989\/revisions"}],"wp:featuredmedia":[{"embeddable":true,"href":"https:\/\/www.europesays.com\/no\/wp-json\/wp\/v2\/media\/124990"}],"wp:attachment":[{"href":"https:\/\/www.europesays.com\/no\/wp-json\/wp\/v2\/media?parent=124989"}],"wp:term":[{"taxonomy":"category","embeddable":true,"href":"https:\/\/www.europesays.com\/no\/wp-json\/wp\/v2\/categories?post=124989"},{"taxonomy":"post_tag","embeddable":true,"href":"https:\/\/www.europesays.com\/no\/wp-json\/wp\/v2\/tags?post=124989"}],"curies":[{"name":"wp","href":"https:\/\/api.w.org\/{rel}","templated":true}]}}