{"id":125001,"date":"2025-12-30T18:42:07","date_gmt":"2025-12-30T18:42:07","guid":{"rendered":"https:\/\/www.europesays.com\/no\/125001\/"},"modified":"2025-12-30T18:42:07","modified_gmt":"2025-12-30T18:42:07","slug":"kan-de-avslutte-aret-med-seier","status":"publish","type":"post","link":"https:\/\/www.europesays.com\/no\/125001\/","title":{"rendered":"Kan de avslutte \u00e5ret med seier?"},"content":{"rendered":"<p>        Robbie Jay Barratt &#8211; AMA\n    <\/p>\n<p class=\"kicker font-weight-bold m-font-weight-bold tertiary color_mobile_tertiary\" style=\"\">LIVE:<\/p>\n<p>Manchester United avslutter \u00e5ret 2025 hjemme p\u00e5 Old Trafford og tar i mot tabelljumbo Wolverhampton.<\/p>\n<p class=\"font-weight-bold m-font-weight-bold\" data-lab-font_weight=\"font-weight-bold\">Kampen har avspark klokken 21.15 og kan p\u00e5 skandinaviske plattformer ses p\u00e5 V\u00a0Sport PL (N), V Sport Premium (SE), See (DK), Viaplay (N\/SE\/DK).<\/p>\n<p class=\"font-weight-normal m-font-weight-normal\" data-lab-font_weight=\"font-weight-normal\">United kan, om Chelsea ikke sl\u00e5r Bournemouth samtidig som kampen p\u00e5 Old Trafford, klatre opp p\u00e5 fjerdeplass i Premier League i det 2025 g\u00e5r over i 2026.\u00a0<\/p>\n<p class=\"font-weight-normal m-font-weight-normal\" data-lab-font_weight=\"font-weight-normal\">Seier mot Wolverhampton, som kun har klart \u00e5 ta to poeng p\u00e5 sine 18 f\u00f8rste kamper, vil uansett gj\u00f8re at United er med i kampen om spill i Europa i det sesongen g\u00e5r inn i andre halvdel.<\/p>\n<p class=\"font-weight-normal m-font-weight-normal\" data-lab-font_weight=\"font-weight-normal\">R\u00faben Amorim hersker over en frav\u00e6rstung og skadeskutt tropp med Noussair Mazraoui, Amad Diallo og Bryan Mbeumo opptatt, og <a href=\"https:\/\/www.united.no\/nyheter\/gruppeseier-for-mazraoui-co-hjalp-amad-og-mbeumo-videre-ogsa\/1411518\" target=\"_blank\" rel=\"nofollow noopener\">videre fra gruppespill<\/a>, i Afrikamesterskapet.<\/p>\n<p class=\"font-weight-normal m-font-weight-normal\" data-lab-font_weight=\"font-weight-normal\">I tillegg <a href=\"https:\/\/www.united.no\/nyheter\/ingen-sjanse-for-at-fernandes-spiller\/1411443\" target=\"_blank\" rel=\"nofollow noopener\">bekreftet<\/a> Uniteds portugisiske hovedtrener p\u00e5 pressekonferansen f\u00f8r kampen at Bruno Fernandes, Kobbie Mainoo, Harry Maguire og Matthijs De Ligt alle er utilgjengelige.<\/p>\n<p class=\"font-weight-bold m-font-weight-bold\" data-lab-font_weight=\"font-weight-bold\">Mason Mount ser ogs\u00e5 ut til \u00e5 v\u00e6re utilgjengelig.\u00a0Ofte treffsikre <a href=\"https:\/\/x.com\/SullyTalkz\/status\/2006062852684100021\" target=\"_blank\" rel=\"nofollow\">Sully <\/a>skriver nemlig p\u00e5 X at midtbanespilleren ikke er med i troppen mot Wolves p\u00e5 grunn av skaden han p\u00e5dro seg mot Newcastle. Det er ikke ventet at skaden er alvorlig, men 26-\u00e5ringen er ikke frisk nok til \u00e5 ta del i kampen.<\/p>\n<p class=\"font-weight-normal m-font-weight-normal\" data-lab-font_weight=\"font-weight-normal\">Det gj\u00f8r at det er andre spillere som m\u00e5 tre frem og ta vare p\u00e5 sjansen de f\u00e5r. P\u00e5 <a href=\"https:\/\/x.com\/UtdFrenzy\/status\/2006040255502176481\" target=\"_blank\" rel=\"nofollow\">X <\/a>skrives det i timene f\u00f8r kampstart at maliske S\u00e9kou Kon\u00e9 er med i f\u00f8rstelagstroppen for f\u00f8rste gang denne sesongen. 19-\u00e5ringen har v\u00e6rt ute i lengre tid med en skade han p\u00e5dro seg etter en hodeduell mot Tamworth tilbake i august.<\/p>\n<p class=\"font-weight-bold m-font-weight-bold\" data-lab-font_weight=\"font-weight-bold\">Kanskje gj\u00f8r frav\u00e6rene at Jack Fletcher kan f\u00e5 sin sjanse fra start? Svaret p\u00e5 det f\u00e5r vi n\u00e5r lagoppstillingene blir offentliggjort klokken 20.00.<\/p>\n","protected":false},"excerpt":{"rendered":"Robbie Jay Barratt &#8211; AMA LIVE: Manchester United avslutter \u00e5ret 2025 hjemme p\u00e5 Old Trafford og tar i&hellip;\n","protected":false},"author":2,"featured_media":125002,"comment_status":"","ping_status":"","sticky":false,"template":"","format":"standard","meta":{"footnotes":""},"categories":[59],"tags":[30,28,29,83,82],"class_list":{"0":"post-125001","1":"post","2":"type-post","3":"status-publish","4":"format-standard","5":"has-post-thumbnail","7":"category-sport","8":"tag-no","9":"tag-norge","10":"tag-norway","11":"tag-sport","12":"tag-sports"},"share_on_mastodon":{"url":"https:\/\/pubeurope.com\/@no\/115809992226033730","error":""},"_links":{"self":[{"href":"https:\/\/www.europesays.com\/no\/wp-json\/wp\/v2\/posts\/125001","targetHints":{"allow":["GET"]}}],"collection":[{"href":"https:\/\/www.europesays.com\/no\/wp-json\/wp\/v2\/posts"}],"about":[{"href":"https:\/\/www.europesays.com\/no\/wp-json\/wp\/v2\/types\/post"}],"author":[{"embeddable":true,"href":"https:\/\/www.europesays.com\/no\/wp-json\/wp\/v2\/users\/2"}],"replies":[{"embeddable":true,"href":"https:\/\/www.europesays.com\/no\/wp-json\/wp\/v2\/comments?post=125001"}],"version-history":[{"count":0,"href":"https:\/\/www.europesays.com\/no\/wp-json\/wp\/v2\/posts\/125001\/revisions"}],"wp:featuredmedia":[{"embeddable":true,"href":"https:\/\/www.europesays.com\/no\/wp-json\/wp\/v2\/media\/125002"}],"wp:attachment":[{"href":"https:\/\/www.europesays.com\/no\/wp-json\/wp\/v2\/media?parent=125001"}],"wp:term":[{"taxonomy":"category","embeddable":true,"href":"https:\/\/www.europesays.com\/no\/wp-json\/wp\/v2\/categories?post=125001"},{"taxonomy":"post_tag","embeddable":true,"href":"https:\/\/www.europesays.com\/no\/wp-json\/wp\/v2\/tags?post=125001"}],"curies":[{"name":"wp","href":"https:\/\/api.w.org\/{rel}","templated":true}]}}