{"id":125003,"date":"2025-12-30T18:47:17","date_gmt":"2025-12-30T18:47:17","guid":{"rendered":"https:\/\/www.europesays.com\/no\/125003\/"},"modified":"2025-12-30T18:47:17","modified_gmt":"2025-12-30T18:47:17","slug":"frykter-for-liv-og-helse-nar-oyriket-i-harstad-isoleres-nrk-troms-og-finnmark","status":"publish","type":"post","link":"https:\/\/www.europesays.com\/no\/125003\/","title":{"rendered":"Frykter for liv og helse n\u00e5r \u00f8yriket i Harstad isoleres \u2013 NRK Troms og Finnmark"},"content":{"rendered":"<p>Da vinden <a href=\"https:\/\/www.nrk.no\/tromsogfinnmark\/kraftig-vind-langs-finnmarkskysten_-_-taket-pa-grillhytta-tok-av-som-en-frisbee-1.17706225\" ec-id=\"pp:article:1.17706225\" ec-name=\"bl\u00e5ste som verst i romjulshelga\" rel=\"nofollow noopener\" target=\"_blank\">bl\u00e5ste som verst i romjulshelga<\/a> mistet Gryt\u00f8y, Sands\u00f8y, Bjark\u00f8y, Mel\u00f8yv\u00e6r og Kj\u00f8tta forbindelsen til resten av omverden.<\/p>\n<p>\u2013 Vi var alene, som vi bruker \u00e5 v\u00e6re n\u00e5r s\u00e5nne ting skjer. Det er veldig stor mangel p\u00e5 informasjon fra de instansene som skal kunne gi oss beskjed om hva som skjer, sier Espen Flosand som bor p\u00e5 Gryt\u00f8ya.<\/p>\n<p>De som bor i \u00f8yriket m\u00e5 klare seg selv, men frykter hver gang at det skal g\u00e5 galt.<\/p>\n<p>\u2013 Hvert eneste \u00e5r har vi den perfekte storm. N\u00e5r ferga ikke kan g\u00e5 blir vi helt isolerte. Og da f\u00e5r vi ikke ambulanse over, vi f\u00e5r ikke tankvogna til brannvesenet over, heller ikke politi. Og n\u00e5r det bl\u00e5ser som det gjorde vil jo heller ikke helikopter komme.<\/p>\n<p><img decoding=\"async\"   src=\"data:image\/gif;base64,R0lGODlhAQABAIAAAAAAAP\/\/\/yH5BAEAAAAALAAAAAABAAEAAAIBRAA7\" loading=\"eager\" alt=\"Uv\u00e6r Gryt\u00f8ya Troms\" title=\"Foto: Ingrid T J\u00f8rgensen\"\/><\/p>\n<p class=\"\">\u00d8yriket i S\u00f8r-Troms var isolert under den kraftige stormen i romjulshelga.<\/p>\n<p>Foto: Ingrid T J\u00f8rgensen<\/p>\n<p>Klarere ledelse<\/p>\n<p>\u2013 Vi etterlyser en mye klarere ledelse og en mye klarere kommunikasjon.<\/p>\n<p>Da er det Harstad kommune Flosand sikter til, som han mener ikke gir \u00f8yriket ytterst i kommunen nok oppmerksomhet.<\/p>\n<p>\u2013 Feil kan skje, men det er ingen overordna plan som er kommunisert ut til folket. De fraskriver seg p\u00e5 sett og vis ansvaret.<\/p>\n<p>Flosand sier de har f\u00f8rsteh\u00e5ndsinnsats klar lokalt, men at det ikke er nok.<\/p>\n<p>\u2013 Brenner det n\u00e5r det er uv\u00e6r, s\u00e5 brenner det ned. Da har vi ikke sjanse til \u00e5 berge hus eller fj\u00f8s. Har vi trafikkulykker med store skader, s\u00e5 er vi avhengige av hjelp.<\/p>\n<p><img decoding=\"async\"   src=\"data:image\/gif;base64,R0lGODlhAQABAIAAAAAAAP\/\/\/yH5BAEAAAAALAAAAAABAAEAAAIBRAA7\" loading=\"eager\" alt=\"Fergeleie Gryt\u00f8ya \u00f8delagt\" title=\"Foto: Prviat\"\/><\/p>\n<p class=\"\">Fergeleiet p\u00e5 Gryt\u00f8ya har v\u00e6rt skadet, og da kan ikke utrykningskj\u00f8ret\u00f8y komme seg over til \u00f8yene, som har flere tunnelforbindelser mellom seg.<\/p>\n<p>Foto: Prviat<\/p>\n<p>Han mener kommunen m\u00e5 ta grep.<\/p>\n<p>\u2013 N\u00e5r ledelsen ikke kommuniserer med \u00f8yriket og befolkninga, s\u00e5 sitter 800 stykker og lurer p\u00e5 hva som skjer. Det er ansvarsfraskrivelse.<\/p>\n<p>Han h\u00e5per at kommuneledelsen vil komme p\u00e5 banen og legge fram en klar plan for hva som skal skje og hvem som skal kontaktes n\u00e5r noe skjer, som kan v\u00e6re med p\u00e5 \u00e5 s\u00f8rge for folks trygghet i \u00f8yriket.<\/p>\n<p>\u2013 Det har v\u00e6rt prata om det siden 2018, da ambulanseb\u00e5ten forsvant, men det har ikke blitt noen bedring, sier Flosand.<\/p>\n<p><img decoding=\"async\"   src=\"data:image\/gif;base64,R0lGODlhAQABAIAAAAAAAP\/\/\/yH5BAEAAAAALAAAAAABAAEAAAIBRAA7\" loading=\"eager\" alt=\"Uv\u00e6r Gryt\u00f8ya \" title=\"Foto: Alexander Windsrygg\"\/><\/p>\n<p class=\"\">Uv\u00e6rets herjinger i romjula var synlig flere steder i \u00f8yriket.<\/p>\n<p>Foto: Alexander Windsrygg<\/p>\n<p>Vil se p\u00e5 det<\/p>\n<p>Ordf\u00f8rer i Harstad, Else Marie Stenhaug (Ap), har f\u00e5tt med seg lokalbefolkningas frustrasjon.<\/p>\n<p>\u2013 Jeg har ogs\u00e5 v\u00e6rt i kontakt med v\u00e5rt mannskap om hva slags beredskap vi har. N\u00e5r vi varsler s\u00e5nt uv\u00e6r, s\u00e5 m\u00e5 man jo forberede seg p\u00e5 at det kanskje tar en stund f\u00f8r man f\u00e5r str\u00f8m, vann og nett og alt s\u00e5nt.<\/p>\n<p><img decoding=\"async\"   src=\"data:image\/gif;base64,R0lGODlhAQABAIAAAAAAAP\/\/\/yH5BAEAAAAALAAAAAABAAEAAAIBRAA7\" loading=\"eager\" alt=\"En kvinne st\u00e5r og smiler\" title=\"Foto: Tora Jarn\u00e6s Vold \/ NRK\"\/><\/p>\n<p class=\"\">Ordf\u00f8rer i Harstad, Else Marie Stenhaug.<\/p>\n<p>Foto: Tora Jarn\u00e6s Vold \/ NRK<\/p>\n<p>Hun sier kommunen skal ta en gjennomgang av sine rutiner p\u00e5 ny\u00e5ret.<\/p>\n<p>\u2013 Vi har en god beredskap. Men n\u00e5r det blir s\u00e5 voldsomt v\u00e6r s\u00e5 er det kanskje slik at man ikke f\u00e5r alt fort nok opp \u00e5 g\u00e5, det kan vi godt se. S\u00e5 kan man se p\u00e5 hvordan kommunikasjonen i s\u00e5 fall er. Det er nok forbedringspunktet her, at man m\u00e5 f\u00e5 informasjon om at det er noen p\u00e5 saken og at det er noe man jobber med, sier Stenhaug.<\/p>\n<p><img decoding=\"async\"   src=\"data:image\/gif;base64,R0lGODlhAQABAIAAAAAAAP\/\/\/yH5BAEAAAAALAAAAAABAAEAAAIBRAA7\" loading=\"eager\" alt=\"Uv\u00e6r Gryt\u00f8ya\" title=\"Foto: Berit Hansen\"\/><\/p>\n<p class=\"\">Tr\u00e6r ble bl\u00e5st over ende av den sterke vinden.<\/p>\n<p>Foto: Berit Hansen<\/p>\n<p>Flosand er ikke sikker p\u00e5 om han t\u00f8r \u00e5 h\u00e5pe p\u00e5 bedring.<\/p>\n<p>\u2013 Det kommer helt an p\u00e5 de som styrer og bestemmer, og hvor mye vilje de har. Det er viktig \u00e5 ta de tingene p\u00e5 alvor og v\u00e6re ansvaret sitt bevisst. \u00c5 faktisk st\u00e5 opp og vise seg som ledere, og ikke skyve ansvaret over p\u00e5 de som st\u00e5r utenfor og gj\u00f8r s\u00e5 godt de kan, sier Flosand.<\/p>\n<p>Publisert<\/p>\n<p>30.12.2025, kl. 15.58<\/p>\n","protected":false},"excerpt":{"rendered":"Da vinden bl\u00e5ste som verst i romjulshelga mistet Gryt\u00f8y, Sands\u00f8y, Bjark\u00f8y, Mel\u00f8yv\u00e6r og Kj\u00f8tta forbindelsen til resten av&hellip;\n","protected":false},"author":2,"featured_media":125004,"comment_status":"","ping_status":"","sticky":false,"template":"","format":"standard","meta":{"footnotes":""},"categories":[10],"tags":[20,21,24,25,15,22,23,13,30,28,29,14,16,26,27],"class_list":{"0":"post-125003","1":"post","2":"type-post","3":"status-publish","4":"format-standard","5":"has-post-thumbnail","7":"category-norge","8":"tag-breaking-news","9":"tag-breakingnews","10":"tag-featured-news","11":"tag-featurednews","12":"tag-headlines","13":"tag-latest-news","14":"tag-latestnews","15":"tag-news","16":"tag-no","17":"tag-norge","18":"tag-norway","19":"tag-nyheter","20":"tag-overskrifter","21":"tag-top-stories","22":"tag-topstories"},"share_on_mastodon":{"url":"https:\/\/pubeurope.com\/@no\/115810011937748726","error":""},"_links":{"self":[{"href":"https:\/\/www.europesays.com\/no\/wp-json\/wp\/v2\/posts\/125003","targetHints":{"allow":["GET"]}}],"collection":[{"href":"https:\/\/www.europesays.com\/no\/wp-json\/wp\/v2\/posts"}],"about":[{"href":"https:\/\/www.europesays.com\/no\/wp-json\/wp\/v2\/types\/post"}],"author":[{"embeddable":true,"href":"https:\/\/www.europesays.com\/no\/wp-json\/wp\/v2\/users\/2"}],"replies":[{"embeddable":true,"href":"https:\/\/www.europesays.com\/no\/wp-json\/wp\/v2\/comments?post=125003"}],"version-history":[{"count":0,"href":"https:\/\/www.europesays.com\/no\/wp-json\/wp\/v2\/posts\/125003\/revisions"}],"wp:featuredmedia":[{"embeddable":true,"href":"https:\/\/www.europesays.com\/no\/wp-json\/wp\/v2\/media\/125004"}],"wp:attachment":[{"href":"https:\/\/www.europesays.com\/no\/wp-json\/wp\/v2\/media?parent=125003"}],"wp:term":[{"taxonomy":"category","embeddable":true,"href":"https:\/\/www.europesays.com\/no\/wp-json\/wp\/v2\/categories?post=125003"},{"taxonomy":"post_tag","embeddable":true,"href":"https:\/\/www.europesays.com\/no\/wp-json\/wp\/v2\/tags?post=125003"}],"curies":[{"name":"wp","href":"https:\/\/api.w.org\/{rel}","templated":true}]}}