{"id":125005,"date":"2025-12-30T18:54:07","date_gmt":"2025-12-30T18:54:07","guid":{"rendered":"https:\/\/www.europesays.com\/no\/125005\/"},"modified":"2025-12-30T18:54:07","modified_gmt":"2025-12-30T18:54:07","slug":"fotgjenger-omkom-i-hadsel-nrk-nordland","status":"publish","type":"post","link":"https:\/\/www.europesays.com\/no\/125005\/","title":{"rendered":"Fotgjenger omkom i Hadsel \u2013 NRK Nordland"},"content":{"rendered":"<p>Klokken 14.15 fikk politiet melding om at en kvinne var livstruende skadet etter en trafikkulykke mellom Melbu og Stokmarknes. <\/p>\n<p>Kvinnen skal ha v\u00e6rt til fots ved sin bil i sin oppkj\u00f8rsel, hvor det oppsto et uhell som involverte to andre biler. <\/p>\n<p>Senere ble det bekreftet at kvinnen omkom av skadene hun p\u00e5dro seg.<\/p>\n<p>Politiet jobber for \u00e5 f\u00e5 avklart hendelsesforl\u00f8pet, skriver de selv i en pressemelding, tirsdag kveld.<\/p>\n<p>De p\u00e5r\u00f8rende er varslet og blir fulgt opp av kommunalt kriseteam, bekrefter politiet.<\/p>\n<p><img decoding=\"async\"   src=\"data:image\/gif;base64,R0lGODlhAQABAIAAAAAAAP\/\/\/yH5BAEAAAAALAAAAAABAAEAAAIBRAA7\" loading=\"eager\" alt=\"En person i et plagg (Bildebeskrivelsen er laget av en KI-tjeneste)\" title=\"Foto: Ulrik Haug \/ NRK\"\/><\/p>\n<p class=\"\">Politiet rykket ut etter en ulykke mellom bil og fotgjenger p\u00e5 Melbu i Hadsel tirsdag ettermiddag.<\/p>\n<p>Foto: Ulrik Haug \/ NRK<\/p>\n<p>Livreddende f\u00f8rstehjelp<\/p>\n<p>Det ble fors\u00f8kt livreddende f\u00f8rstehjelp p\u00e5 stedet. Brannvesen og politiets krimteknikere jobber fortsatt p\u00e5 \u00e5stedet i kveld. <\/p>\n<p>Statens vegvesens ulykkesgruppe er varslet, og vil komme p\u00e5 et senere tidspunkt.<\/p>\n<p>Begge sj\u00e5f\u00f8rene av de to p\u00e5f\u00f8lgende bilene er testet, og ingen hadde promille. F\u00f8rerkortene til de to bilf\u00f8rerne er midlertidig beslaglagt.<\/p>\n<p>Veien, fylkesvei 82, ble stengt etter ulykken, men \u00e5pnet igjen n\u00e5, rett f\u00f8r klokken 19:30.<\/p>\n<p>\u2013 Vet mer etter avh\u00f8r<\/p>\n<p>\u2013 Vi driver og avh\u00f8rer f\u00f8rerne n\u00e5. Vi har fortsatt kriminalteknikere p\u00e5 stedet som begynner \u00e5 bli ferdige, den videre etterforskningen vil avdekke hva som har skjedd, sier Yngvar Fredriksen, operasjonsleder i Nordland politidistrikt.<\/p>\n<p>N\u00f8yaktig hva som har skjedd er det ikke godt \u00e5 si per n\u00e5.<\/p>\n<p>\u2013 Hun skal ha st\u00e5tt i utkj\u00f8rselen, og hvilken bil hun ble truffet av det vet vi ikke. Vi har en viss formening om hva som har skjedd, men det kan jeg ikke g\u00e5 ut med n\u00e5, f\u00f8r vi har f\u00e5tt gjennomf\u00f8rt avh\u00f8r, sier operasjonslederen.<\/p>\n<p>Publisert<\/p>\n<p>30.12.2025, kl. 19.26<\/p>\n<p>Oppdatert<\/p>\n<p>30.12.2025, kl. 19.33<\/p>\n","protected":false},"excerpt":{"rendered":"Klokken 14.15 fikk politiet melding om at en kvinne var livstruende skadet etter en trafikkulykke mellom Melbu og&hellip;\n","protected":false},"author":2,"featured_media":125006,"comment_status":"","ping_status":"","sticky":false,"template":"","format":"standard","meta":{"footnotes":""},"categories":[10],"tags":[20,21,24,25,15,22,23,13,30,28,29,14,16,26,27],"class_list":{"0":"post-125005","1":"post","2":"type-post","3":"status-publish","4":"format-standard","5":"has-post-thumbnail","7":"category-norge","8":"tag-breaking-news","9":"tag-breakingnews","10":"tag-featured-news","11":"tag-featurednews","12":"tag-headlines","13":"tag-latest-news","14":"tag-latestnews","15":"tag-news","16":"tag-no","17":"tag-norge","18":"tag-norway","19":"tag-nyheter","20":"tag-overskrifter","21":"tag-top-stories","22":"tag-topstories"},"share_on_mastodon":{"url":"https:\/\/pubeurope.com\/@no\/115810039438224444","error":""},"_links":{"self":[{"href":"https:\/\/www.europesays.com\/no\/wp-json\/wp\/v2\/posts\/125005","targetHints":{"allow":["GET"]}}],"collection":[{"href":"https:\/\/www.europesays.com\/no\/wp-json\/wp\/v2\/posts"}],"about":[{"href":"https:\/\/www.europesays.com\/no\/wp-json\/wp\/v2\/types\/post"}],"author":[{"embeddable":true,"href":"https:\/\/www.europesays.com\/no\/wp-json\/wp\/v2\/users\/2"}],"replies":[{"embeddable":true,"href":"https:\/\/www.europesays.com\/no\/wp-json\/wp\/v2\/comments?post=125005"}],"version-history":[{"count":0,"href":"https:\/\/www.europesays.com\/no\/wp-json\/wp\/v2\/posts\/125005\/revisions"}],"wp:featuredmedia":[{"embeddable":true,"href":"https:\/\/www.europesays.com\/no\/wp-json\/wp\/v2\/media\/125006"}],"wp:attachment":[{"href":"https:\/\/www.europesays.com\/no\/wp-json\/wp\/v2\/media?parent=125005"}],"wp:term":[{"taxonomy":"category","embeddable":true,"href":"https:\/\/www.europesays.com\/no\/wp-json\/wp\/v2\/categories?post=125005"},{"taxonomy":"post_tag","embeddable":true,"href":"https:\/\/www.europesays.com\/no\/wp-json\/wp\/v2\/tags?post=125005"}],"curies":[{"name":"wp","href":"https:\/\/api.w.org\/{rel}","templated":true}]}}