{"id":125011,"date":"2025-12-30T19:01:23","date_gmt":"2025-12-30T19:01:23","guid":{"rendered":"https:\/\/www.europesays.com\/no\/125011\/"},"modified":"2025-12-30T19:01:23","modified_gmt":"2025-12-30T19:01:23","slug":"melder-28-minusgrader-pa-bjorli","status":"publish","type":"post","link":"https:\/\/www.europesays.com\/no\/125011\/","title":{"rendered":"Melder 28 minusgrader p\u00e5 Bjorli"},"content":{"rendered":"<p data-testid=\"textWithMarkup-text\" data-v-81d7dc2b=\"\" data-v-62d58f52=\"\">L\u00f8rdag 3. januar er det meldt ned mot 28 minusgrader p\u00e5 Bjorli, if\u00f8lge Yr.no. <\/p>\n<p data-testid=\"textWithMarkup-text\" data-v-81d7dc2b=\"\" data-v-62d58f52=\"\">Allerede fredag drar det seg til med skikkelig kald luft som kommer fra nord\u00f8st.<\/p>\n<p data-testid=\"textWithMarkup-text\" data-v-81d7dc2b=\"\" data-v-62d58f52=\"\">\u2013 Det blir en kald start p\u00e5 2026, og skikkelig kaldt allerede disse dagene fram mot helga. Noen plasser blir det kaldere enn i fryseboksen, sier vakthavende meteorolog Unni Nilssen til NTB.<\/p>\n<p data-testid=\"textWithMarkup-text\" data-v-81d7dc2b=\"\" data-v-62d58f52=\"\">N\u00e5r det gjelder Bjorli, viser langtidsvarselet at temperaturene vil kunne komme under -20 grader flere dager.<\/p>\n<p data-testid=\"textWithMarkup-text\" data-v-81d7dc2b=\"\" data-v-62d58f52=\"\">I \u00c5lesund er det ventet ned mot fem minusgrader l\u00f8rdag, mens det i Volda vil krype ned mot -9.<\/p>\n","protected":false},"excerpt":{"rendered":"L\u00f8rdag 3. januar er det meldt ned mot 28 minusgrader p\u00e5 Bjorli, if\u00f8lge Yr.no. Allerede fredag drar det&hellip;\n","protected":false},"author":2,"featured_media":125012,"comment_status":"","ping_status":"","sticky":false,"template":"","format":"standard","meta":{"footnotes":""},"categories":[10],"tags":[20,21,24,25,15,22,23,13,30,28,29,14,16,26,27],"class_list":{"0":"post-125011","1":"post","2":"type-post","3":"status-publish","4":"format-standard","5":"has-post-thumbnail","7":"category-norge","8":"tag-breaking-news","9":"tag-breakingnews","10":"tag-featured-news","11":"tag-featurednews","12":"tag-headlines","13":"tag-latest-news","14":"tag-latestnews","15":"tag-news","16":"tag-no","17":"tag-norge","18":"tag-norway","19":"tag-nyheter","20":"tag-overskrifter","21":"tag-top-stories","22":"tag-topstories"},"share_on_mastodon":{"url":"https:\/\/pubeurope.com\/@no\/115810067239606260","error":""},"_links":{"self":[{"href":"https:\/\/www.europesays.com\/no\/wp-json\/wp\/v2\/posts\/125011","targetHints":{"allow":["GET"]}}],"collection":[{"href":"https:\/\/www.europesays.com\/no\/wp-json\/wp\/v2\/posts"}],"about":[{"href":"https:\/\/www.europesays.com\/no\/wp-json\/wp\/v2\/types\/post"}],"author":[{"embeddable":true,"href":"https:\/\/www.europesays.com\/no\/wp-json\/wp\/v2\/users\/2"}],"replies":[{"embeddable":true,"href":"https:\/\/www.europesays.com\/no\/wp-json\/wp\/v2\/comments?post=125011"}],"version-history":[{"count":0,"href":"https:\/\/www.europesays.com\/no\/wp-json\/wp\/v2\/posts\/125011\/revisions"}],"wp:featuredmedia":[{"embeddable":true,"href":"https:\/\/www.europesays.com\/no\/wp-json\/wp\/v2\/media\/125012"}],"wp:attachment":[{"href":"https:\/\/www.europesays.com\/no\/wp-json\/wp\/v2\/media?parent=125011"}],"wp:term":[{"taxonomy":"category","embeddable":true,"href":"https:\/\/www.europesays.com\/no\/wp-json\/wp\/v2\/categories?post=125011"},{"taxonomy":"post_tag","embeddable":true,"href":"https:\/\/www.europesays.com\/no\/wp-json\/wp\/v2\/tags?post=125011"}],"curies":[{"name":"wp","href":"https:\/\/api.w.org\/{rel}","templated":true}]}}