{"id":125023,"date":"2025-12-30T19:22:12","date_gmt":"2025-12-30T19:22:12","guid":{"rendered":"https:\/\/www.europesays.com\/no\/125023\/"},"modified":"2025-12-30T19:22:12","modified_gmt":"2025-12-30T19:22:12","slug":"fredrikstad-sentrum-utrykning-tar-alkohol-og-fyrverkeri-vi-kommer-til-a-vaere-like-synlige-i-ar","status":"publish","type":"post","link":"https:\/\/www.europesays.com\/no\/125023\/","title":{"rendered":"Fredrikstad sentrum, Utrykning | Tar alkohol og fyrverkeri: \u2013 Vi kommer til \u00e5 v\u00e6re like synlige i \u00e5r"},"content":{"rendered":"\n<p>Hvis du er forelder til en ungdom, b\u00f8r du lese oppfordringen fra politiet og kommunen f\u00f8r nytt\u00e5rsfeiringen.<\/p>\n<p>I en melding p\u00e5 kommunens nettside og i sosiale medier ber de blant annet om f\u00f8lgende:<\/p>\n<p>\u00abKj\u00e6re ungdomsforeldre! Pass p\u00e5 ungdommen din.<\/p>\n<p>Ungdom utsetter seg for risiko ved \u00e5 drikke mye, og alkohol og fyrverkeri er en farlig kombinasjon.\u00bb<\/p>\n<p>Meldingen er ogs\u00e5 sendt direkte til foresatte via ungdomsskoler og videreg\u00e5ende skoler.<\/p>\n<p>   <img decoding=\"async\" width=\"1424\" height=\"1228\" fetchpriority=\"low\"  loading=\"lazy\"  src=\"https:\/\/www.europesays.com\/no\/wp-content\/uploads\/2025\/12\/15perfyrverkeri.jpg\" alt=\"\" class=\"brick-c-cFOWSL\" style=\"--brick-image-ratio: 1424 \/ 1228;\"\/><\/p>\n<p>      Det er 18-\u00e5rsgrense for \u00e5 b\u00e5de kj\u00f8pe og bruke fyrverkeri.<br \/>\n      Foto: Erik Hagen\n    <\/p>\n<p>  Ble et samlingssted<\/p>\n<p>Helt siden <a href=\"https:\/\/www.f-b.no\/fra-fest-til-fyll-i-fredrikstad-sentrum-politiet-advarer-foreldre\/s\/5-59-2961949\" rel=\"Follow nofollow noopener\" target=\"_blank\">den mye omtalte 17. mai-feiringen i 2023<\/a> har politiet, kommunen og n\u00e6ringslivet samarbeidet tett for \u00e5 stoppe ungdomsfylla i sentrum.<\/p>\n<p>De vil ikke at Stortorvet skal v\u00e6re <a href=\"https:\/\/www.f-b.no\/politiet-om-ungdomsfylla-pa-17-mai-det-var-ekstremt-mye-mange-var-sterkt-beruset\/s\/5-59-2963061\" rel=\"Follow nofollow noopener\" target=\"_blank\">et gigantisk festlokale<\/a> for byens ten\u00e5ringer, noe som har skjedd flere ganger <a href=\"https:\/\/www.f-b.no\/kaos-i-fredrikstad-sentrum-ungdommer-ble-jaget-bort-av-politi-med-hunder-batonger-og-helikopter\/s\/5-59-2247018\" rel=\"Follow nofollow noopener\" target=\"_blank\">p\u00e5 nasjonaldagen<\/a> og nytt\u00e5rsaften.<\/p>\n<p>   <img decoding=\"async\" width=\"2878\" height=\"1757\" fetchpriority=\"low\"  loading=\"lazy\"  src=\"https:\/\/www.europesays.com\/no\/wp-content\/uploads\/2025\/12\/5_59_2962812+fb3.jpg\" alt=\"\" class=\"brick-c-cFOWSL\" style=\"--brick-image-ratio: 2878 \/ 1757;\"\/><\/p>\n<p>      17. mai-feiringen i 2023 kom ut av kontroll, med ungdommer helt ned i 13-14-\u00e5rsalderen som var beruset.<br \/>\n      Foto: Niklas Lyngfoss\n    <\/p>\n<p>Derfor har <a href=\"https:\/\/www.f-b.no\/politiet-pa-plass-pa-stortorvet-vil-unnga-tilstander-som-i-fjor\/s\/5-59-3170290\" rel=\"Follow nofollow noopener\" target=\"_blank\">politiet <\/a>og kommunen satt inn mye ressurser for \u00e5 v\u00e6re tydelig til stede i sentrum p\u00e5 disse merkedagene.<\/p>\n<p>Og de har <a href=\"https:\/\/www.f-b.no\/skal-hindre-17-mai-fylla-na-har-alle-tenaringsforeldre-i-fredrikstad-fatt-brev\/s\/5-59-3289730\" rel=\"Follow nofollow noopener\" target=\"_blank\">gjentatt advarselen<\/a> til b\u00e5de foreldre og ungdommer:<\/p>\n<p><a href=\"https:\/\/www.f-b.no\/slik-skal-de-stoppe-ungdomsfylla-pa-nyttarsaften-dette-er-ikke-en-festplass\/s\/5-59-3152960\" rel=\"Follow nofollow noopener\" target=\"_blank\">Stortorvet skal ikke v\u00e6re et samlingssted for fest og fyll.<\/a><\/p>\n<p>Det samme sier de n\u00e5 i 2025.<\/p>\n<p>Tar alkohol og fyrverkeri<\/p>\n<p>\u2013 Vi kommer til \u00e5 v\u00e6re like synlige i \u00e5r som vi har v\u00e6rt de siste to \u00e5rene, forteller Even Klund, ordenssjef i Fredrikstad-politiet.<\/p>\n<p>\u2013 Vi skal gripe inn tidlig og ha lav terskel for \u00e5 ta kontakt med beruset ungdom. Og vi kommer til \u00e5 inndra alkohol og fyrverkeri hvis vi treffer p\u00e5 mindre\u00e5rige som har det.<\/p>\n<p>   <img decoding=\"async\" width=\"3888\" height=\"2572\" fetchpriority=\"low\"  loading=\"lazy\"  src=\"https:\/\/www.europesays.com\/no\/wp-content\/uploads\/2025\/12\/5_59_3153511+Ungdomsfylla_ERHA+0343.jpg\" alt=\"\" class=\"brick-c-cFOWSL\" style=\"--brick-image-ratio: 3888 \/ 2572;\"\/><\/p>\n<p>      Synlig politi hjelper, fastsl\u00e5r Even Klund.<br \/>\n      Foto: Erik Hagen\n    <\/p>\n<p>Klund tilf\u00f8yer at tilstedev\u00e6relsen har hatt <a href=\"https:\/\/www.f-b.no\/fryktet-nytt-kaos-slik-gikk-feiringen-pa-stortorvet-i-natt\/s\/5-59-3170340\" rel=\"Follow nofollow noopener\" target=\"_blank\">god effekt<\/a>, med f\u00e6rre hendelser og <a href=\"https:\/\/www.f-b.no\/har-beslaglagt-flere-hundre-liter-alkohol-fra-mindrearige\/s\/5-59-3292501\" rel=\"Follow nofollow noopener\" target=\"_blank\">mindre uro<\/a> enn f\u00f8r.<\/p>\n<p>\u2013 Vi har konsentrert oss om Stortorvet fordi det er der det har v\u00e6rt ville tilstander, sier han.<\/p>\n<p>\u2013 Det har tidligere v\u00e6rt massiv bruk av fyrverkeri i folkemengden, mye alkohol og sl\u00e5sskamper.<\/p>\n<p>   <img decoding=\"async\" width=\"4032\" height=\"3024\" fetchpriority=\"low\"  loading=\"lazy\"  src=\"https:\/\/www.europesays.com\/no\/wp-content\/uploads\/2025\/12\/5_59_3293147+IMG_9728.JPG\" alt=\"\" class=\"brick-c-cFOWSL\" style=\"--brick-image-ratio: 4032 \/ 3024;\"\/><\/p>\n<p>      I 2024 tok politiet hundrevis av liter med alkohol fra ungdommer i sentrum.<br \/>\n      Foto: Marianne Hol\u00f8ien\n    <\/p>\n<p>  Ogs\u00e5 p\u00e5 Tollbodplassen<\/p>\n<p><b>\u2013 Men vil ikke ungdommene bare flytte seg til andre steder n\u00e5r de vet at dere er p\u00e5 Stortorvet?<\/b><\/p>\n<p>\u2013 Jo, det kan man anta. Men det er umulig for oss \u00e5 v\u00e6re overalt i byen. Vi fokuserer p\u00e5 de viktigste omr\u00e5dene, svarer Even Klund.<\/p>\n<p>\u2013 Vi kommer ogs\u00e5 til \u00e5 v\u00e6re p\u00e5 Tollbodplassen, sier han, med henvisning til ett av de tre stedene der det er lov \u00e5 bruke fyrverkeri i sentrum.<\/p>\n<p>   <img decoding=\"async\" width=\"4032\" height=\"3024\" fetchpriority=\"low\"  loading=\"lazy\"  src=\"https:\/\/www.europesays.com\/no\/wp-content\/uploads\/2025\/12\/5_59_3170299+IMG_2809.JPG\" alt=\"\" class=\"brick-c-cFOWSL\" style=\"--brick-image-ratio: 4032 \/ 3024;\"\/><\/p>\n<p>      Bildet er fra nytt\u00e5rsaften i fjor da politiet var synlig til stede p\u00e5 Stortorvet.<br \/>\n      Foto: Ivar Brynildsen\n    <\/p>\n<p>I meldingen til de foresatte st\u00e5r det blant annet at politiet og kommunen vil jobbe for at nytt\u00e5rsfeiringen skjer i trygge former.<\/p>\n<p>\u2013 Vi trenger ogs\u00e5 hjelp fra deg, p\u00e5peker de.<\/p>\n<p>\u2013 Hjelp oss med \u00e5 s\u00f8rge for at Fredrikstad sentrum er et trygt og hyggelig sted \u00e5 v\u00e6re for store og sm\u00e5 \u2013 ogs\u00e5 p\u00e5 nytt\u00e5rsaften.<\/p>\n<p>S\u00f8rg for \u00e5 v\u00e6re kj\u00f8rbar<\/p>\n<p>Politiet og kommunen har dessuten disse r\u00e5dene til alle foreldre:<\/p>\n<ul>\n<li>S\u00f8rg for at du selv eller andre voksne er kj\u00f8rbare og kan kj\u00f8re og hente, eller komme hvis det trengs.<\/li>\n<li>V\u00e6r tilgjengelig for ungdommen din p\u00e5 nytt\u00e5rsaften \u2013 og ta alltid telefonen hvis hun\/han ringer.<\/li>\n<li>Ikke la ungdommene sove borte n\u00e5r du vet at det er fest.<\/li>\n<li>Snakk med ungdommen din f\u00f8r nytt\u00e5rsaften om alkohol og festing.<\/li>\n<li>Ikke gi fyrverkeri til ungdommen din.<\/li>\n<li>Snakk med andre foreldre \u2013 bli enige om hvilke regler dere vil skal gjelde for ungdommene deres. Hold oversikt sammen om hva som skjer p\u00e5 nytt\u00e5rsaften.<\/li>\n<\/ul>\n<p>Hjemmefester<\/p>\n<p><b>\u2013 Hva med hjemmefester, hvilke oppfordringer har dere til foreldrene om det?<\/b><\/p>\n<p>\u2013 De m\u00e5 snakke med ungdommene sine om de samme tingene. S\u00e6rlig hvis det er mindre\u00e5rige som skal v\u00e6re hjemme alene, sier Even Klund i politiet.<\/p>\n<p>\u2013 Det b\u00f8r verken v\u00e6re alkohol eller fyrverkeri i bruk. Det b\u00f8r foreldre f\u00f8lge opp, slik at man ikke f\u00e5r hjemmefester med beruset ungdom, branner og skader.<\/p>\n<p>Han understreker at man m\u00e5 v\u00e6re 18 \u00e5r for \u00e5 kj\u00f8pe og sende opp fyrverkeri.<\/p>\n<p>\u2013 Det er en grunn til at det er aldersgrense, og til at man skal v\u00e6re edru. Fyrverkeri er forbundet med potensiell fare, og det skjer alvorlige skader hvert \u00e5r.<\/p>\n<p>  <a href=\"https:\/\/www.f-b.no\/5-59-3789305\" class=\"related-teaser has-image default-story-teaser article--c-eRUmMG article--c-eRUmMG-jKCPdD-design-default\" rel=\"nofollow noopener\" target=\"_blank\"><\/p>\n<p>    <img decoding=\"async\" loading=\"lazy\"  src=\"https:\/\/www.europesays.com\/no\/wp-content\/uploads\/2025\/12\/5_59_3322944+MARIANN.jpg\" alt=\"\" class=\"brick-c-cFOWSL\" style=\"\"\/><\/p>\n<p>\n            Les ogs\u00e5<\/p>\n<p>              Reagerer p\u00e5 forbudt fyrverkeri: \u2013 Det er sv\u00e6rt belastende\n        <\/p>\n<p>  <\/a><br \/>\n  Kommunen har ikke r\u00e5d<\/p>\n<p>De to siste \u00e5rene har ogs\u00e5 kommunen hatt flere ansatte ute i sentrum p\u00e5 nytt\u00e5rsaften.<\/p>\n<p>Slik blir det ikke i \u00e5r. \u00c5rsaken er \u00f8konomi.<\/p>\n<p>\u2013 Det koster penger \u00e5 ha folk p\u00e5 jobb p\u00e5 h\u00f8ytidsdager, konstaterer Erik Kruse, forebyggende koordinator i kommunens oppvekstomr\u00e5de.<\/p>\n<p>\u2013 S\u00e5 vi sparer i stedet kreftene til 17. mai og prioriterer den dagen. Men vi er veldig glad for at politiet skal ha tilsvarende bemanning ute som de foreg\u00e5ende nytt\u00e5rsaftenene.<\/p>\n<p>   <img decoding=\"async\" width=\"4032\" height=\"3024\" fetchpriority=\"low\"  loading=\"lazy\"  src=\"https:\/\/www.europesays.com\/no\/wp-content\/uploads\/2025\/12\/5_59_3170344+IMG_2807.JPG\" alt=\"\" class=\"brick-c-cFOWSL\" style=\"--brick-image-ratio: 4032 \/ 3024;\"\/><\/p>\n<p>      Kommuneansatte Camilla Paulsen og Susanne Evensen var p\u00e5 jobb nytt\u00e5rsaften i 2023. N\u00e5 har ikke kommunen r\u00e5d til \u00e5 betale for slik overtid.<br \/>\n      Foto: Ivar Brynildsen\n    <\/p>\n<p>PS: I innlegget til ten\u00e5ringsforeldrene minner for \u00f8vrig politiet og kommunen om at man m\u00e5 v\u00e6re over 18 \u00e5r for \u00e5 kj\u00f8pe og sende opp raketter.<\/p>\n<p>De p\u00e5peker ogs\u00e5 at det er forbudt \u00e5 bruke fyrverkeri i Fredrikstad sentrum, bortsett fra p\u00e5 disse tre stedene:<\/p>\n<ul>\n<li>Tollbodplassen p\u00e5 Cicignon<\/li>\n<li>Steffensjordet (skateparken)<\/li>\n<li>Wiesebanen (fotballbanen)<\/li>\n<\/ul>\n","protected":false},"excerpt":{"rendered":"Hvis du er forelder til en ungdom, b\u00f8r du lese oppfordringen fra politiet og kommunen f\u00f8r nytt\u00e5rsfeiringen. I&hellip;\n","protected":false},"author":2,"featured_media":125024,"comment_status":"","ping_status":"","sticky":false,"template":"","format":"standard","meta":{"footnotes":""},"categories":[10],"tags":[36,20,21,24,25,1595,15,22,23,13,30,28,29,14,16,5044,1510,26,27,14755,4468],"class_list":{"0":"post-125023","1":"post","2":"type-post","3":"status-publish","4":"format-standard","5":"has-post-thumbnail","7":"category-norge","8":"tag-art","9":"tag-breaking-news","10":"tag-breakingnews","11":"tag-featured-news","12":"tag-featurednews","13":"tag-fredrikstad-sentrum","14":"tag-headlines","15":"tag-latest-news","16":"tag-latestnews","17":"tag-news","18":"tag-no","19":"tag-norge","20":"tag-norway","21":"tag-nyheter","22":"tag-overskrifter","23":"tag-politiet-i-fredrikstad","24":"tag-story","25":"tag-top-stories","26":"tag-topstories","27":"tag-ungdom-i-fredrikstad","28":"tag-utrykning"},"share_on_mastodon":{"url":"https:\/\/pubeurope.com\/@no\/115810149550155409","error":""},"_links":{"self":[{"href":"https:\/\/www.europesays.com\/no\/wp-json\/wp\/v2\/posts\/125023","targetHints":{"allow":["GET"]}}],"collection":[{"href":"https:\/\/www.europesays.com\/no\/wp-json\/wp\/v2\/posts"}],"about":[{"href":"https:\/\/www.europesays.com\/no\/wp-json\/wp\/v2\/types\/post"}],"author":[{"embeddable":true,"href":"https:\/\/www.europesays.com\/no\/wp-json\/wp\/v2\/users\/2"}],"replies":[{"embeddable":true,"href":"https:\/\/www.europesays.com\/no\/wp-json\/wp\/v2\/comments?post=125023"}],"version-history":[{"count":0,"href":"https:\/\/www.europesays.com\/no\/wp-json\/wp\/v2\/posts\/125023\/revisions"}],"wp:featuredmedia":[{"embeddable":true,"href":"https:\/\/www.europesays.com\/no\/wp-json\/wp\/v2\/media\/125024"}],"wp:attachment":[{"href":"https:\/\/www.europesays.com\/no\/wp-json\/wp\/v2\/media?parent=125023"}],"wp:term":[{"taxonomy":"category","embeddable":true,"href":"https:\/\/www.europesays.com\/no\/wp-json\/wp\/v2\/categories?post=125023"},{"taxonomy":"post_tag","embeddable":true,"href":"https:\/\/www.europesays.com\/no\/wp-json\/wp\/v2\/tags?post=125023"}],"curies":[{"name":"wp","href":"https:\/\/api.w.org\/{rel}","templated":true}]}}