{"id":125025,"date":"2025-12-30T19:29:24","date_gmt":"2025-12-30T19:29:24","guid":{"rendered":"https:\/\/www.europesays.com\/no\/125025\/"},"modified":"2025-12-30T19:29:24","modified_gmt":"2025-12-30T19:29:24","slug":"ustabilt-vaer-bekymrer-folk-ma-vaere-forsiktige-bergensavisen","status":"publish","type":"post","link":"https:\/\/www.europesays.com\/no\/125025\/","title":{"rendered":"Ustabilt v\u00e6r bekymrer: \u2013 Folk m\u00e5 v\u00e6re forsiktige &#8211; Bergensavisen"},"content":{"rendered":"<ol>\n<li><a href=\"https:\/\/news.google.com\/rss\/articles\/CBMimgFBVV95cUxONkVocE1obFhhb1FUR1luUTl6WWVuZFZXc0VOaThzYmZuX3BDeHl0YzdqQ05ZT0Q4ZEJ0cDBKaHhHS251dzlmOWV1dDZuZ0JrMXYzMHotTTgxQzFWa0FNdmxsTmh3YmpyNk9wR2E5Z3ZKTkxLakJ3RG9SUTQ4S3hNVC1LNy1tT2oxdFZjT0VIc3NqLTdPQWNMY0JR?oc=5\" target=\"_blank\" rel=\"nofollow noopener\">Ustabilt v\u00e6r bekymrer: \u2013 Folk m\u00e5 v\u00e6re forsiktige<\/a>&nbsp;&nbsp;Bergensavisen<\/li>\n<li><a href=\"https:\/\/news.google.com\/rss\/articles\/CBMijwFBVV95cUxPeGp4a0RjM284a1VyTXFQQjl2WjVwVFlVZE02WC1sVlVfd0hPNk5VLTVYOGlmcl9od3paRXgxMVI3NF9sRDJseWdTVUlfXzB2aWRTOXE2YmJzSjdvLTdoTW9Eeldhc2FtMVNJSE90cWEyNnBIaHJoNnNSZENGSFpFR1pHSGNCaVBjLW1FTkJSZw?oc=5\" target=\"_blank\" rel=\"nofollow noopener\">Slik blir nytt\u00e5rsv\u00e6ret \u2013 f\u00f8r sprengkulden tar over<\/a>&nbsp;&nbsp;VG<\/li>\n<li><a href=\"https:\/\/news.google.com\/rss\/articles\/CBMilwFBVV95cUxNSDBybmF6dHlJMTJsZlU0Z0c2bGhDc21QaWtVbXhjb0tId09mazBvQ0lIdzZCN2lkMDBFTnNXUGZaX1hxdnRkZWVKdWs5YjNFU3lMdnRMa1k5dnlkRW1tci1zREY2dmJOelUtbGFmdVFMTVk3S0RnWENTU0o1aWFCNDdaQXEzenlGLWJkZTVVaVRJVDB5bVVr?oc=5\" target=\"_blank\" rel=\"nofollow noopener\">\u2013 Det er ikkje verdas beste v\u00earmelding<\/a>&nbsp;&nbsp;Bergens Tidende<\/li>\n<li><a href=\"https:\/\/news.google.com\/rss\/articles\/CBMigAFBVV95cUxPaVphdzdTRUlLbDhOVFZEVGFaTzY4WUhQb0hlUVppUzhESHpNRTVhRjZUaUplUWZhbnV0SlpMZmltU1dBWGZQUnVfSER2aXRuTzhRa2xEWXJuaVF0WUFRcWF6bWpCOVNMQmtpRkdnY3F5ZnFaQ3FOcUgySmtRcFVuWA?oc=5\" target=\"_blank\" rel=\"nofollow noopener\">Nedsl\u00e5ende nytt\u00e5rsbeskjed: \u2013 Vi forventer sn\u00f8<\/a>&nbsp;&nbsp;Drammens Tidende<\/li>\n<li><a href=\"https:\/\/news.google.com\/rss\/articles\/CBMirAFBVV95cUxNYUtWWVBxdWZyQlVsVUlJTzc4V3RFUXg5dU0tMHhncFZIekpFQUR0NjAtQkp1blNMcWJPQmdFMXBsUEh5aGZreWQ4cmV2dEd6ZjRQc0dqTWJZeUhmRWRfUFpDYzdleGU2TW1UYXlQTlpQMkN3WUdZSWM2YTZsd3FsTFN6NjBMSjU1a0dEM2JLRUt5UDJDaWhCaG13MWdpNWI2UGxSa0dsenU5ZHpf?oc=5\" target=\"_blank\" rel=\"nofollow noopener\">V\u00e6r, Nytt\u00e5rsaften | Meteorologen beroliger: \u2013 Nytt\u00e5rsrakettene f\u00e5r vi se, men det kommer sn\u00f8<\/a>&nbsp;&nbsp;Budstikka<\/li>\n<\/ol>\n","protected":false},"excerpt":{"rendered":"Ustabilt v\u00e6r bekymrer: \u2013 Folk m\u00e5 v\u00e6re forsiktige&nbsp;&nbsp;Bergensavisen Slik blir nytt\u00e5rsv\u00e6ret \u2013 f\u00f8r sprengkulden tar over&nbsp;&nbsp;VG \u2013 Det&hellip;\n","protected":false},"author":2,"featured_media":125026,"comment_status":"","ping_status":"","sticky":false,"template":"","format":"standard","meta":{"footnotes":""},"categories":[10],"tags":[20,21,24,25,15,22,23,13,30,28,29,14,16,26,27],"class_list":{"0":"post-125025","1":"post","2":"type-post","3":"status-publish","4":"format-standard","5":"has-post-thumbnail","7":"category-norge","8":"tag-breaking-news","9":"tag-breakingnews","10":"tag-featured-news","11":"tag-featurednews","12":"tag-headlines","13":"tag-latest-news","14":"tag-latestnews","15":"tag-news","16":"tag-no","17":"tag-norge","18":"tag-norway","19":"tag-nyheter","20":"tag-overskrifter","21":"tag-top-stories","22":"tag-topstories"},"share_on_mastodon":{"url":"https:\/\/pubeurope.com\/@no\/115810177079178413","error":""},"_links":{"self":[{"href":"https:\/\/www.europesays.com\/no\/wp-json\/wp\/v2\/posts\/125025","targetHints":{"allow":["GET"]}}],"collection":[{"href":"https:\/\/www.europesays.com\/no\/wp-json\/wp\/v2\/posts"}],"about":[{"href":"https:\/\/www.europesays.com\/no\/wp-json\/wp\/v2\/types\/post"}],"author":[{"embeddable":true,"href":"https:\/\/www.europesays.com\/no\/wp-json\/wp\/v2\/users\/2"}],"replies":[{"embeddable":true,"href":"https:\/\/www.europesays.com\/no\/wp-json\/wp\/v2\/comments?post=125025"}],"version-history":[{"count":0,"href":"https:\/\/www.europesays.com\/no\/wp-json\/wp\/v2\/posts\/125025\/revisions"}],"wp:featuredmedia":[{"embeddable":true,"href":"https:\/\/www.europesays.com\/no\/wp-json\/wp\/v2\/media\/125026"}],"wp:attachment":[{"href":"https:\/\/www.europesays.com\/no\/wp-json\/wp\/v2\/media?parent=125025"}],"wp:term":[{"taxonomy":"category","embeddable":true,"href":"https:\/\/www.europesays.com\/no\/wp-json\/wp\/v2\/categories?post=125025"},{"taxonomy":"post_tag","embeddable":true,"href":"https:\/\/www.europesays.com\/no\/wp-json\/wp\/v2\/tags?post=125025"}],"curies":[{"name":"wp","href":"https:\/\/api.w.org\/{rel}","templated":true}]}}