{"id":125028,"date":"2025-12-30T19:31:12","date_gmt":"2025-12-30T19:31:12","guid":{"rendered":"https:\/\/www.europesays.com\/no\/125028\/"},"modified":"2025-12-30T19:31:12","modified_gmt":"2025-12-30T19:31:12","slug":"khloe-kardashian-avkrefter-rykter-om-gjenforening-med-tristan-thompson","status":"publish","type":"post","link":"https:\/\/www.europesays.com\/no\/125028\/","title":{"rendered":"Khloe Kardashian avkrefter rykter om gjenforening med Tristan Thompson"},"content":{"rendered":"<p class=\"kicker \" style=\"\">Khlo\u00e9 Kardashian:<\/p>\n<p>  Khlo\u00e9 Kardashian sl\u00e5r tilbake mot fansen som advarer henne mot ekskj\u00e6resten.\u00a0<\/p>\n<p>\n    RYDDER OPP: Khlo\u00e9 rydder opp i ryktene om hun og ekskj\u00e6resten Tristan Thompson. Foto: NTB\n  <\/p>\n<p>Khlo\u00e9 Kardashian (41) rydder opp i ryktene om at hun og ekskj\u00e6resten Tristan Thompson (34) er sammen igjen.\u00a0<\/p>\n<p>    <a itemprop=\"url\" href=\"https:\/\/www.seher.no\/kjendis\/raser-mot-julegaver\/84034635\" rel=\"nofollow noopener\" target=\"_blank\"><\/p>\n<p>        <img loading=\"lazy\" decoding=\"async\" src=\"https:\/\/www.europesays.com\/no\/wp-content\/uploads\/2025\/12\/83812201.webp.webp\" width=\"147\" height=\"98\" title=\"Raser mot julegaver\" alt=\"\" class=\"lazyload\" style=\"--aspect-ratio-image: 1.50; \"\/><\/p>\n<p>        Raser mot julegaver<\/p>\n<p>    <\/a><\/p>\n<p class=\"font-weight-bold m-font-weight-bold\" data-lab-font_weight=\"font-weight-bold\">Realitystjernen gj\u00f8r det krystallklart at basketballspilleren bare er med p\u00e5 familiens julefeiring p\u00e5 grunn av barna deres.\u00a0<\/p>\n<p>Da en fan kommenterte p\u00e5 at Tristan var med p\u00e5 familiens \u00e5rlige pepperkakehus-laging og advarte Khlo\u00e9 om \u00e5 v\u00e6re forsiktig, kom 41-\u00e5ringen med et klart svar.\u00a0<\/p>\n<p>        <img loading=\"lazy\" decoding=\"async\" src=\"https:\/\/www.europesays.com\/no\/wp-content\/uploads\/2025\/12\/84040640.webp.webp\" width=\"686\" height=\"686\" title=\"FAREN: Tristan er pappa til True og Tatum. Foto: Broadimage \/ Shutterstock editorial\" alt=\"\" class=\"\" style=\"--aspect-ratio-image: 1.00; \"\/><\/p>\n<p>\n        FAREN: Tristan er pappa til True og Tatum. Foto: Broadimage \/ Shutterstock editorial\n    <\/p>\n<p class=\"font-weight-bold m-font-weight-bold\" data-lab-font_weight=\"font-weight-bold\">\u00abHan er faren til barna mine og for alltid en del av familien v\u00e5r\u00bb, skrev hun, if\u00f8lge <a href=\"https:\/\/www.eonline.com\/news\/1426674\/khloe-kardashian-on-tristan-thompson-reconciliation-rumors\" rel=\"nofollow noopener\" target=\"_blank\">E! News<\/a>.\u00a0<\/p>\n<p>Realitystjernen takket likevel f\u00f8lgeren for bekymringen, men understreket hvor prioriteringene hennes ligger.\u00a0<\/p>\n<p>        \u00abALLE ELSKER DAVID\u00bb: David Eriksen forteller at han hadde planer om \u00e5 lyve om dette. Video: \u00abAlle elsker David\u00bb\/TV 2, Nora Skavhaug\/R\u00f8d L\u00f8per<\/p>\n<p>\u00abTakk skal du ha, men barna mine kommer f\u00f8rst for alltid og alltid\u00bb, la hun til.\u00a0<\/p>\n<p>        <img loading=\"lazy\" decoding=\"async\" src=\"https:\/\/www.europesays.com\/no\/wp-content\/uploads\/2025\/12\/84040558.webp.webp\" width=\"667\" height=\"841\" title=\"JULAFTEN: Khlo\u00e9 med datteren True og s\u00f8nnen Tatum p\u00e5 julaften. Foto: Skjermbilde: @khloekardashian \/ Instagram\" alt=\"\" class=\"\" style=\"--aspect-ratio-image: 0.79; \"\/><\/p>\n<p>\n        JULAFTEN: Khlo\u00e9 med datteren True og s\u00f8nnen Tatum p\u00e5 julaften. Foto: Skjermbilde: @khloekardashian \/ Instagram\n    <\/p>\n<p>Khlo\u00e9 og Tristan gikk hver til sitt\u00a0 i 2021, og har datteren True (7) og s\u00f8nnen Tatum (3) sammen. I stedet for \u00e5 fokusere p\u00e5 kj\u00e6rlighetslivet, har realitystjernen funnet et nytt familiemedlem \u00e5 glede seg over.<\/p>\n<p>    <a itemprop=\"url\" href=\"https:\/\/www.seher.no\/kjendis\/satt-pa-knaerne-og-skrek\/83875296\" rel=\"nofollow noopener\" target=\"_blank\"><\/p>\n<p>        <img loading=\"lazy\" decoding=\"async\" src=\"https:\/\/www.europesays.com\/no\/wp-content\/uploads\/2025\/12\/83875644.webp.webp\" width=\"147\" height=\"98\" title=\"- Satt p\u00e5 kn\u00e6rne og skrek\" alt=\"\" class=\"lazyload\" style=\"--aspect-ratio-image: 1.50; \"\/><\/p>\n<p>        &#8211; Satt p\u00e5 kn\u00e6rne og skrek<\/p>\n<p>    <\/a><\/p>\n<p>Etter at barna skrev brev til julenissen med \u00f8nske om en svart labrador, overrasket Khlo\u00e9 dem med valpen Peppermint p\u00e5 julaften.<\/p>\n<p class=\"font-weight-bold m-font-weight-bold\" data-lab-font_weight=\"font-weight-bold\">\u00abJeg kommer til \u00e5 gr\u00e5te, hun er den beste i verden\u00bb, skrev hun om den nye hunden p\u00e5 sosiale medier.<\/p>\n<p>        <img loading=\"lazy\" decoding=\"async\" src=\"https:\/\/www.europesays.com\/no\/wp-content\/uploads\/2025\/12\/84040900.webp.webp\" width=\"667\" height=\"741\" title=\"NYTT FAMILIEMEDLEM: Khlo\u00e9 viste frem familiens nyeste tilskludd. Foto: Skjermbilde: @khloekardashian \/ Instagram\" alt=\"\" class=\"\" style=\"--aspect-ratio-image: 0.90; \"\/><\/p>\n<p>\n        NYTT FAMILIEMEDLEM: Khlo\u00e9 viste frem familiens nyeste tilskludd. Foto: Skjermbilde: @khloekardashian \/ Instagram\n    <\/p>\n<p>Den nye valpen skal erstatte familiens tidligere hund Gabbana, som d\u00f8de i 2018. Khlo\u00e9 beskrev tapet av den svarte labradorhunden som \u00e5 miste sin \u00abf\u00f8rste baby\u00bb og beste venn.<\/p>\n","protected":false},"excerpt":{"rendered":"Khlo\u00e9 Kardashian: Khlo\u00e9 Kardashian sl\u00e5r tilbake mot fansen som advarer henne mot ekskj\u00e6resten.\u00a0 RYDDER OPP: Khlo\u00e9 rydder opp&hellip;\n","protected":false},"author":2,"featured_media":125029,"comment_status":"","ping_status":"","sticky":false,"template":"","format":"standard","meta":{"footnotes":""},"categories":[59],"tags":[8512,8514,479,2543,30,28,29,83,82,8517,10434],"class_list":{"0":"post-125028","1":"post","2":"type-post","3":"status-publish","4":"format-standard","5":"has-post-thumbnail","7":"category-sport","8":"tag-keeping-up-with-the-kardashians","9":"tag-khloe-kardashian","10":"tag-kjendis","11":"tag-kjendisdesken","12":"tag-no","13":"tag-norge","14":"tag-norway","15":"tag-sport","16":"tag-sports","17":"tag-the-kardashians","18":"tag-tristan-thompson"},"share_on_mastodon":{"url":"https:\/\/pubeurope.com\/@no\/115810184931889447","error":""},"_links":{"self":[{"href":"https:\/\/www.europesays.com\/no\/wp-json\/wp\/v2\/posts\/125028","targetHints":{"allow":["GET"]}}],"collection":[{"href":"https:\/\/www.europesays.com\/no\/wp-json\/wp\/v2\/posts"}],"about":[{"href":"https:\/\/www.europesays.com\/no\/wp-json\/wp\/v2\/types\/post"}],"author":[{"embeddable":true,"href":"https:\/\/www.europesays.com\/no\/wp-json\/wp\/v2\/users\/2"}],"replies":[{"embeddable":true,"href":"https:\/\/www.europesays.com\/no\/wp-json\/wp\/v2\/comments?post=125028"}],"version-history":[{"count":0,"href":"https:\/\/www.europesays.com\/no\/wp-json\/wp\/v2\/posts\/125028\/revisions"}],"wp:featuredmedia":[{"embeddable":true,"href":"https:\/\/www.europesays.com\/no\/wp-json\/wp\/v2\/media\/125029"}],"wp:attachment":[{"href":"https:\/\/www.europesays.com\/no\/wp-json\/wp\/v2\/media?parent=125028"}],"wp:term":[{"taxonomy":"category","embeddable":true,"href":"https:\/\/www.europesays.com\/no\/wp-json\/wp\/v2\/categories?post=125028"},{"taxonomy":"post_tag","embeddable":true,"href":"https:\/\/www.europesays.com\/no\/wp-json\/wp\/v2\/tags?post=125028"}],"curies":[{"name":"wp","href":"https:\/\/api.w.org\/{rel}","templated":true}]}}