{"id":125032,"date":"2025-12-30T19:37:10","date_gmt":"2025-12-30T19:37:10","guid":{"rendered":"https:\/\/www.europesays.com\/no\/125032\/"},"modified":"2025-12-30T19:37:10","modified_gmt":"2025-12-30T19:37:10","slug":"max-2-ble-skremt-av-fyrverkeri-i-arendal-funnet-dod","status":"publish","type":"post","link":"https:\/\/www.europesays.com\/no\/125032\/","title":{"rendered":"Max (2) ble skremt av fyrverkeri i Arendal \u2013 funnet d\u00f8d"},"content":{"rendered":"\n<ul class=\"_list_o9xde_3 _list_64s2r_85 _unordered_o9xde_106 text-sans-m\">\n<li class=\"_item_o9xde_30\">Randi Bakkens hund, Max  (2), d\u00f8de etter \u00e5 ha blitt skremt av fyrverkeri.<\/li>\n<li class=\"_item_o9xde_30\">Max ble funnet omkommet med v\u00e5t pels og bl\u00e5 tunge etter \u00e5 ha l\u00f8pt i panikk.<\/li>\n<li class=\"_item_o9xde_30\">Dyrebeskyttelsen Norge har samlet over 60.000 underskrifter for \u00e5 forby privat fyrverkeri.<\/li>\n<li class=\"_item_o9xde_30\">51 prosent av befolkningen st\u00f8tter et forbud, if\u00f8lge en ny unders\u00f8kelse fra Tryg.<\/li>\n<\/ul>\n<p>Vis mer <\/p>\n<p class=\"_paragraph_o9xde_4 _paragraph_xtcu6_10 layout-component text-serif-m layout-normal text-serif-m layout-padded\">Mandag kveld var Randi Bakken p\u00e5 tur med hunden sin, Max (2), p\u00e5 Bu\u00f8ya utenfor Arendal. <\/p>\n<p class=\"_paragraph_o9xde_4 _paragraph_xtcu6_10 layout-component text-serif-m layout-normal text-serif-m layout-padded\">I m\u00e5neskinn og stjerneklar himmel sprang Max lykkelig rundt p\u00e5 stranden, forteller matmor. <\/p>\n<p class=\"_paragraph_o9xde_4 _paragraph_xtcu6_10 layout-component text-serif-m layout-normal text-serif-m layout-padded\">\u2013 Han elsket sj\u00f8 og sand, s\u00e5 hadde vi akkurat tatt p\u00e5 langline siden han var litt mammadalt, forteller Bakken. <\/p>\n<p class=\"_paragraph_o9xde_4 _paragraph_xtcu6_10 layout-component text-serif-m layout-normal text-serif-m layout-padded\">Hun forteller at Max ikke turte \u00e5 g\u00e5 s\u00e5 langt fra henne og at han alltid kom n\u00e5r man ropte p\u00e5 ham. <\/p>\n<p class=\"_paragraph_o9xde_4 _paragraph_xtcu6_10 layout-component text-serif-m layout-normal text-serif-m layout-padded\">Men omtrent tre timer etter at Max sprang rundt matmor i lykkerus, ble han funnet d\u00f8d i skogen. <\/p>\n<p><img alt=\"Max var en golden doodle som skulle bli 3 \u00e5r p\u00e5 ny\u00e5ret.  Foto: Privat\" class=\"_image_qp4xg_65 layout-component layout-normal\" data-fullscreen- data-track-element-type=\"Article image fullscreen\" data-track-name=\"ImageFullscreen\" decoding=\"async\" loading=\"lazy\" height=\"1915\" itemprop=\"image\"  src=\"https:\/\/www.europesays.com\/no\/wp-content\/uploads\/2025\/12\/686c5a83-a85d-4b40-9832-5dbbce981f46.jpeg\"  style=\"object-position:0% 0%\" width=\"1079\"\/>Max var en golden doodle som skulle bli 3 \u00e5r p\u00e5 ny\u00e5ret.  Foto: Privat<\/p>\n<p class=\"_paragraph_o9xde_4 _paragraph_xtcu6_10 layout-component text-serif-m layout-normal text-serif-m layout-padded\">Bakken opplyste selv om hendelsen og d\u00f8dsfallet i et Facebook-innlegg mandag kveld.<\/p>\n<p class=\"_paragraph_o9xde_4 _paragraph_xtcu6_10 layout-component text-serif-m layout-normal text-serif-m layout-padded\">Hun forteller at hun er redd for at det ikke vil vies tid eller ressurser til saken dersom den anmeldes, men at hun likevel vil anmelde. <\/p>\n<p>\u2013 L\u00f8pt seg i hjel <\/p>\n<p class=\"_paragraph_o9xde_4 _paragraph_xtcu6_10 layout-component text-serif-m layout-normal text-serif-m layout-padded\">Mens Bakken gikk langs sj\u00f8en med Max, hadde det kommet en bil kj\u00f8rende mot dem med fullt lys. <\/p>\n<p class=\"_paragraph_o9xde_4 _paragraph_xtcu6_10 layout-component text-serif-m layout-normal text-serif-m layout-padded\">\u2013 S\u00e5 snudde de og kj\u00f8rte tilbake p\u00e5 veien der de kom fra. S\u00e5 stoppet de et stykke unna. <\/p>\n<p class=\"_paragraph_o9xde_4 _paragraph_xtcu6_10 layout-component text-serif-m layout-normal text-serif-m layout-padded\">Omtrent ett minutt senere, forteller Bakken at det ble fyrt opp et batteri med fyrverkeri. <\/p>\n<p class=\"_paragraph_o9xde_4 _paragraph_xtcu6_10 layout-component text-serif-m layout-normal text-serif-m layout-padded\">Det siste matmor s\u00e5 av to \u00e5r gamle Max, var det redselsfulle blikket hans f\u00f8r han hylte og la p\u00e5 sprang inn imot skogen. <\/p>\n<p><img alt=\"Bakken forteller at hun gruer seg til \u00e5 tilbringe nytt\u00e5rsaften uten Max.   Foto: Privat\" class=\"_image_qp4xg_65 layout-component layout-normal\" data-fullscreen- data-track-element-type=\"Article image fullscreen\" data-track-name=\"ImageFullscreen\" decoding=\"async\" loading=\"lazy\" height=\"638\" itemprop=\"image\"  src=\"https:\/\/www.europesays.com\/no\/wp-content\/uploads\/2025\/12\/df93812e-cbd0-4bc4-92ae-adde85eeb949.jpeg\"  style=\"object-position:0% 0%\" width=\"405\"\/>Bakken forteller at hun gruer seg til \u00e5 tilbringe nytt\u00e5rsaften uten Max.   Foto: Privat<\/p>\n<p class=\"_paragraph_o9xde_4 _paragraph_xtcu6_10 layout-component text-serif-m layout-normal text-serif-m layout-padded\">Med hjelp av flere andre, gikk matmor manngard i skogen for \u00e5 lete etter Max. <\/p>\n<p class=\"_paragraph_o9xde_4 _paragraph_xtcu6_10 layout-component text-serif-m layout-normal text-serif-m layout-padded\">\u2013 S\u00e5 fant kameraten min han omkommet nesten p\u00e5 motsatt side av \u00f8ya, med tungen helt bl\u00e5. <\/p>\n<p class=\"_paragraph_o9xde_4 _paragraph_xtcu6_10 layout-component text-serif-m layout-normal text-serif-m layout-padded\">Bakken tror at Max l\u00f8p rundt hele \u00f8ya, og at han muligens kan ha kastet seg i sj\u00f8en i skrekk og sv\u00f8mt et stykke ogs\u00e5, siden han ble funnet med v\u00e5t pels. <\/p>\n<p class=\"_paragraph_o9xde_4 _paragraph_xtcu6_10 layout-component text-serif-m layout-normal text-serif-m layout-padded\">\u2013 Det s\u00e5 rett og slett ut som at han hadde l\u00f8pt seg i hjel, sier en tydelig ber\u00f8rt matmor. <\/p>\n<p class=\"_paragraph_o9xde_4 _paragraph_xtcu6_10 layout-component text-serif-m layout-normal text-serif-m layout-padded\">Til <a href=\"https:\/\/www.agderposten.no\/nyheter\/n\/e780Wl\/fant-max-doed-etter-fyrverkeri-smell\" class=\"_link_o9xde_39\" rel=\"nofollow noopener\" target=\"_blank\">Agder-posten<\/a> forteller kompisen til Bakken som fant Max, at det var s\u00e5 forferdelig grusomt som det kan f\u00e5 blitt. <\/p>\n<p>Over 50 prosent \u00f8nsker forbud<\/p>\n<p class=\"_paragraph_o9xde_4 _paragraph_xtcu6_10 layout-component text-serif-m layout-normal text-serif-m layout-padded\">\u2013 Det er utrolig trist og forferdelig at dette skjedde med Max. Det viser seg hvert \u00e5r at det er mange mennesker som ikke klarer \u00e5 h\u00e5ndtere fyrverkeri p\u00e5 en god m\u00e5te, og det f\u00f8rer til at b\u00e5de tamme og ville dyr d\u00f8r, sier daglig leder \u00c5shild Roaldset i <a href=\"https:\/\/www.vg.no\/tag\/dyrebeskyttelsen?utm_source=vg-article&amp;utm_medium=auto-tagger&amp;utm_campaign=aJwkl7\" class=\"_link_o9xde_39\" rel=\"nofollow noopener\" target=\"_blank\">Dyrebeskyttelsen<\/a> Norge til VG.<\/p>\n<p class=\"_paragraph_o9xde_4 _paragraph_xtcu6_10 layout-component text-serif-m layout-normal text-serif-m layout-padded\">Dyrebeskyttelsen Norge har selv laget et opprop mot fyrverkeri i privat regi. I skrivende stund har de mottatt 60.415 underskrifter.<\/p>\n<p><img decoding=\"async\" alt=\"Bilde av \u00c5shild Roaldset\" class=\"_image_ygndg_42\" height=\"53\" itemprop=\"image\" loading=\"lazy\"  src=\"https:\/\/www.europesays.com\/no\/wp-content\/uploads\/2025\/12\/ae994eb4-8b59-4726-a941-b2a10f988a29.jpeg\"  width=\"40\"\/><strong class=\"_name_ygndg_51 title-serif-xs\">\u00c5shild Roaldset<\/strong><\/p>\n<p class=\"_paragraph_o9xde_4 text-sans-m _description_ygndg_56\">Daglig leder, Dyrebeskyttelsen Norge<\/p>\n<p class=\"_paragraph_o9xde_4 _paragraph_xtcu6_10 layout-component text-serif-m layout-normal text-serif-m layout-padded\">\u2013 Det er ganske mange. En unders\u00f8kelse gjort av NITONITONorges ingeni\u00f8r- og teknologiorganisasjon. i fjor viser at hele 72 prosent av befolkningen \u00f8nsker et forbud mot fyrverkeri, sier Roaldset.<\/p>\n<p class=\"_paragraph_o9xde_4 _paragraph_xtcu6_10 layout-component text-serif-m layout-normal text-serif-m layout-padded\">Unders\u00f8kelsen ble gjennomf\u00f8rt av Norstat p\u00e5 vegne av NITO.<\/p>\n<p class=\"_paragraph_o9xde_4 _paragraph_xtcu6_10 layout-component text-serif-m layout-normal text-serif-m layout-padded\"><strong class=\"_strong_o9xde_25\">En ny unders\u00f8kelse gjort av forsikringsselskapet Tryg i \u00e5r, viser at 51 prosent av de spurte \u00f8nsker et forbud. Denne unders\u00f8kelsen ble gjennomf\u00f8rt av YouGov p\u00e5 vegne av Tryg.<\/strong><\/p>\n<p class=\"_paragraph_o9xde_4 _paragraph_xtcu6_10 layout-component text-serif-m layout-normal text-serif-m layout-padded\">\u2013 At over halvparten av de spurte \u00f8nsker et forbud, viser at dette er en problemstilling mange tar p\u00e5 alvor, sier kommunikasjonsr\u00e5dgiver Espen Borge i Tryg.<\/p>\n<p class=\"_paragraph_o9xde_4 _paragraph_xtcu6_10 layout-component text-serif-m layout-normal text-serif-m layout-padded\">Roaldset mener at et forbud ville gjort det tryggere for b\u00e5de dyr og mennesker.<\/p>\n<p class=\"_paragraph_o9xde_4 _paragraph_xtcu6_10 layout-component text-serif-m layout-normal text-serif-m layout-padded\">\u2013 Hvis man struper inn tilgangen p\u00e5 fyrverkeri, s\u00e5 blir det jo vanskeligere \u00e5 skaffe det. Ja, noen kan skaffe seg det p\u00e5 kriminelt vis, men det vil jo bli mye mindre av det.<\/p>\n<p>Hadde tatt alle forholdsregler <\/p>\n<p class=\"_paragraph_o9xde_4 _paragraph_xtcu6_10 layout-component text-serif-m layout-normal text-serif-m layout-padded\">Bakken beskriver det \u00e5 miste Max som helt grusomt. <\/p>\n<p class=\"_paragraph_o9xde_4 _paragraph_xtcu6_10 layout-component text-serif-m layout-normal text-serif-m layout-padded\">\u2013 Han var et familiemedlem, sier hun. <\/p>\n<p class=\"_paragraph_o9xde_4 _paragraph_xtcu6_10 layout-component text-serif-m layout-normal text-serif-m layout-padded\">Bakkens s\u00f8nn, 14 \u00e5r gamle Tobias, var p\u00e5 ferie med sin far p\u00e5 Karm\u00f8y da Max d\u00f8de. Tirsdag morgen m\u00e5tte Bakken fortelle s\u00f8nnen hva som hadde skjedd. <\/p>\n<p><img alt=\"14 \u00e5r gamle Tobias mistet sin aller beste venn.   Foto: Privat\" class=\"_image_qp4xg_65 layout-component layout-normal\" data-fullscreen- data-track-element-type=\"Article image fullscreen\" data-track-name=\"ImageFullscreen\" decoding=\"async\" loading=\"lazy\" height=\"1514\" itemprop=\"image\"  src=\"https:\/\/www.europesays.com\/no\/wp-content\/uploads\/2025\/12\/4e45281d-ec77-4595-89fd-f289fa7bff59.jpeg\"  style=\"object-position:0% 0%\" width=\"1079\"\/>14 \u00e5r gamle Tobias mistet sin aller beste venn.   Foto: Privat<\/p>\n<p class=\"_paragraph_o9xde_4 _paragraph_xtcu6_10 layout-component text-serif-m layout-normal text-serif-m layout-padded\">\u2013 Det var grusomt, Max var jo bestevennen til Tobias. Enten gikk Max i h\u00e6lene p\u00e5 meg, eller s\u00e5 gikk han i h\u00e6lene p\u00e5 guttungen. <\/p>\n<p class=\"_paragraph_o9xde_4 _paragraph_xtcu6_10 layout-component text-serif-m layout-normal text-serif-m layout-padded\">Matmor forteller at Max var en usedvanlig sosial hund med h\u00f8y sosial intelligens. Derfor skulle han bli sertifisert som omsorgshund. <\/p>\n<p><img alt=\"Bakken forteller at Max elsket sj\u00f8en, stranden og folk. Han beskrives som en trofast venn.   Foto: Privat\" class=\"_image_qp4xg_65 layout-component layout-normal\" data-fullscreen- data-track-element-type=\"Article image fullscreen\" data-track-name=\"ImageFullscreen\" decoding=\"async\" loading=\"lazy\" height=\"799\" itemprop=\"image\"  src=\"https:\/\/www.europesays.com\/no\/wp-content\/uploads\/2025\/12\/b205c2cd-573a-48ad-9f3c-48d4c8aa968b.jpeg\"  style=\"object-position:0% 0%\" width=\"599\"\/>Bakken forteller at Max elsket sj\u00f8en, stranden og folk. Han beskrives som en trofast venn.   Foto: Privat<\/p>\n<p class=\"_paragraph_o9xde_4 _paragraph_xtcu6_10 layout-component text-serif-m layout-normal text-serif-m layout-padded\">N\u00e5 gruer Bakken seg til nytt\u00e5rsaften. Planen var at hun og Max skulle dra p\u00e5 hytta p\u00e5 fjellet, vekk fra alt fyrverkeri, siden det kunne gj\u00f8re Max engstelig. <\/p>\n<p class=\"_paragraph_o9xde_4 _paragraph_xtcu6_10 layout-component text-serif-m layout-normal text-serif-m layout-padded\"><strong class=\"_strong_o9xde_25\">\u2013 Jeg hadde tatt alle forholdsregler, unntatt den om at andre lar v\u00e6re \u00e5 f\u00f8lge norsk lov. <\/strong><\/p>\n<p class=\"_paragraph_o9xde_4 _paragraph_xtcu6_10 layout-component text-serif-m layout-normal text-serif-m layout-padded\">\u2013 Er det virkelig n\u00f8dvendig \u00e5 v\u00e6re s\u00e5 egoistisk \u00e5 skremme livskiten ut av uskyldige dyr? Det har f\u00f8rt til at en 14-\u00e5ring kommer hjem til et tomt hus, uten bestevennen sin, bare fordi noen andre skulle ha det litt g\u00f8y, sier Bakken gr\u00e5tkvalt. <\/p>\n<p>\u2013 Umulig \u00e5 skjerme dyrene<\/p>\n<p class=\"_paragraph_o9xde_4 _paragraph_xtcu6_10 layout-component text-serif-m layout-normal text-serif-m layout-padded\">Det er kun lov til \u00e5 selge fyrverkeri til forbruker over disk i tidsrommet 27.\u201331. desember, det sier forskriften om h\u00e5ndtering av eksplosjonsfarlig stoff.<\/p>\n<p class=\"_paragraph_o9xde_4 _paragraph_xtcu6_10 layout-component text-serif-m layout-normal text-serif-m layout-padded\">\u2013 Men det er jo ikke noen begrensninger p\u00e5 hvor mye man kan f\u00e5 kj\u00f8pt, og selv om det er regler for n\u00e5r det er lov \u00e5 skyte opp, s\u00e5 ser vi at folk gj\u00f8r det hele \u00e5ret, sier Roaldset i Dyrebeskyttelsen.<\/p>\n<p class=\"_paragraph_o9xde_4 _paragraph_xtcu6_10 layout-component text-serif-m layout-normal text-serif-m layout-padded\">Roaldset er glad for at Randi Bakke deler den triste historien om hunden Max.<\/p>\n<p class=\"_paragraph_o9xde_4 _paragraph_xtcu6_10 layout-component text-serif-m layout-normal text-serif-m layout-padded\">\u2013 Dette viser at det ikke g\u00e5r an \u00e5 skjerme dyrene sine for fyrverkeri \u00e5ret rundt. Historien kan v\u00e6re en brikke for at vi kan regulere dette i mer empatiske rammer. Vi har ikke r\u00e5d til \u00e5 miste flere dyr, hverken ville eller tamme, til fyrverkeri.<\/p>\n","protected":false},"excerpt":{"rendered":"Randi Bakkens hund, Max (2), d\u00f8de etter \u00e5 ha blitt skremt av fyrverkeri. Max ble funnet omkommet med&hellip;\n","protected":false},"author":2,"featured_media":125033,"comment_status":"","ping_status":"","sticky":false,"template":"","format":"standard","meta":{"footnotes":""},"categories":[5],"tags":[20,21,2368,24,25,10497,15,19,2078,22,23,17,18,13,30,28,29,14,13381,16,26,27],"class_list":{"0":"post-125032","1":"post","2":"type-post","3":"status-publish","4":"format-standard","5":"has-post-thumbnail","7":"category-overskrifter","8":"tag-breaking-news","9":"tag-breakingnews","10":"tag-dyrebeskyttelsen","11":"tag-featured-news","12":"tag-featurednews","13":"tag-fyrverkeri","14":"tag-headlines","15":"tag-hovedoppslag","16":"tag-hund","17":"tag-latest-news","18":"tag-latestnews","19":"tag-main-news","20":"tag-mainnews","21":"tag-news","22":"tag-no","23":"tag-norge","24":"tag-norway","25":"tag-nyheter","26":"tag-nyttarsaften","27":"tag-overskrifter","28":"tag-top-stories","29":"tag-topstories"},"share_on_mastodon":{"url":"https:\/\/pubeurope.com\/@no\/115810208593757318","error":""},"_links":{"self":[{"href":"https:\/\/www.europesays.com\/no\/wp-json\/wp\/v2\/posts\/125032","targetHints":{"allow":["GET"]}}],"collection":[{"href":"https:\/\/www.europesays.com\/no\/wp-json\/wp\/v2\/posts"}],"about":[{"href":"https:\/\/www.europesays.com\/no\/wp-json\/wp\/v2\/types\/post"}],"author":[{"embeddable":true,"href":"https:\/\/www.europesays.com\/no\/wp-json\/wp\/v2\/users\/2"}],"replies":[{"embeddable":true,"href":"https:\/\/www.europesays.com\/no\/wp-json\/wp\/v2\/comments?post=125032"}],"version-history":[{"count":0,"href":"https:\/\/www.europesays.com\/no\/wp-json\/wp\/v2\/posts\/125032\/revisions"}],"wp:featuredmedia":[{"embeddable":true,"href":"https:\/\/www.europesays.com\/no\/wp-json\/wp\/v2\/media\/125033"}],"wp:attachment":[{"href":"https:\/\/www.europesays.com\/no\/wp-json\/wp\/v2\/media?parent=125032"}],"wp:term":[{"taxonomy":"category","embeddable":true,"href":"https:\/\/www.europesays.com\/no\/wp-json\/wp\/v2\/categories?post=125032"},{"taxonomy":"post_tag","embeddable":true,"href":"https:\/\/www.europesays.com\/no\/wp-json\/wp\/v2\/tags?post=125032"}],"curies":[{"name":"wp","href":"https:\/\/api.w.org\/{rel}","templated":true}]}}