{"id":125036,"date":"2025-12-30T19:43:07","date_gmt":"2025-12-30T19:43:07","guid":{"rendered":"https:\/\/www.europesays.com\/no\/125036\/"},"modified":"2025-12-30T19:43:07","modified_gmt":"2025-12-30T19:43:07","slug":"ordforer-bekymret-for-beredskapen-nrk-nordland","status":"publish","type":"post","link":"https:\/\/www.europesays.com\/no\/125036\/","title":{"rendered":"Ordf\u00f8rer bekymret for beredskapen \u2013 NRK Nordland"},"content":{"rendered":"<p>\u2013 Dette er ikke holdbart i 2025, sier Vestv\u00e5g\u00f8y-ordf\u00f8rer Johnny Finstad overfor NRK.<\/p>\n<p>For <a href=\"https:\/\/www.nrk.no\/nordland\/kraftig-uver-i-nord-_-garasje-tatt-av-vinden-1.17706033\" ec-id=\"pp:article:1.17706033\" ec-name=\"uv\u00e6ret i Nord-Norge sist helg\" rel=\"nofollow noopener\" target=\"_blank\">uv\u00e6ret i Nord-Norge sist helg<\/a> var s\u00e5 kraftig at det \u00abr\u00f8sket\u00bb med seg de to vindm\u00e5lerne p\u00e5 Leknes lufthavn.<\/p>\n<p>Dermed er flyplassen p\u00e5 Leknes stengt i flere dager \u2013 midt under travle reisedager i romjula og p\u00e5 ny\u00e5ret.<\/p>\n<p><img decoding=\"async\"   src=\"data:image\/gif;base64,R0lGODlhAQABAIAAAAAAAP\/\/\/yH5BAEAAAAALAAAAAABAAEAAAIBRAA7\" loading=\"eager\" alt=\"En mann st\u00e5r foran en bygning med glassvinduer, som ser ut til \u00e5 v\u00e6re en flyplass. Sn\u00f8 faller, og bakken er dekket av sn\u00f8. I bakgrunnen er det en bil parkert. Bygningen har belysning og et skilt med navnet p\u00e5 flyplassen. (Bildebeskrivelsen er laget av en KI-tjeneste)\" title=\"Foto: Brynjar Mangor Myrtveit Osgjerd \/ NRK\"\/><\/p>\n<p>Foto: Brynjar Mangor Myrtveit Osgjerd \/ NRK<\/p>\n<p>Ordf\u00f8reren reagerer p\u00e5 at Avinor ikke var bedre forberedt da uv\u00e6ret traff Lofoten.<\/p>\n<p>\u2013 Neste gang m\u00e5 vi ha reservemaster p\u00e5 plass p\u00e5 flyplassen, s\u00e5 vi slipper \u00e5 m\u00e5tte hente det s\u00f8rfra.<\/p>\n<p>Har aldri skjedd f\u00f8r<\/p>\n<p><strong>Da uv\u00e6ret sto p\u00e5 som verst l\u00f8rdag tilsvarte den kraftige vinden 150 kilometer i timen, if\u00f8lge lufthavnsjefen.<\/strong><\/p>\n<p>Nye vindm\u00e5lere har allerede ankommet Leknes. N\u00e5r NRK er innom flyplassen tirsdag er de i full gang med \u00e5 f\u00e5 gjort klargjort dem for bruk.<\/p>\n<p>\u2013 Dette har aldri skjedd f\u00f8r. B\u00e5de i 2006 og 2015 mistet vi \u00e9n vindm\u00e5ler. Det er f\u00f8rste gang at begge vindm\u00e5lerne p\u00e5 lufthavna ryker samtidig, sier lufthavnsjef Terje M. Worum.<\/p>\n<p><img decoding=\"async\"   src=\"data:image\/gif;base64,R0lGODlhAQABAIAAAAAAAP\/\/\/yH5BAEAAAAALAAAAAABAAEAAAIBRAA7\" loading=\"eager\" alt=\"En mann i oransje arbeidsjakke st\u00e5r foran en \u00e5pen bil i en sn\u00f8dekt innend\u00f8rs setting. Bakgrunnen viser et fjellandskap og flere kj\u00f8ret\u00f8y, inkludert en lastebil. Det er svake lys fra biler og taklamper i rommet. Omgivelsene har tydelige vinterforhold, med sn\u00f8 p\u00e5 bakken. (Bildebeskrivelsen er laget av en KI-tjeneste)\" title=\"Foto: Brynjar Mangor Myrtveit Osgjerd \/ NRK\"\/><\/p>\n<p>Foto: Brynjar Mangor Myrtveit Osgjerd \/ NRK<\/p>\n<p>Passasjerene er dermed bedt om \u00e5 heller fly fra Svolv\u00e6r lufthavn, en time og ti minutter unna med bil.<\/p>\n<p>Worum kaller det \u00abd\u00e5rlig timing\u00bb at dette skjer i nettopp romjula.<\/p>\n<p>\u2013 Vi jobber med \u00e5 f\u00e5 \u00e5pnet lufthavna s\u00e5 fort som mulig. Vi satser p\u00e5 \u00e5 f\u00e5 \u00e5pnet igjen til helga.<\/p>\n<p><img decoding=\"async\"   src=\"data:image\/gif;base64,R0lGODlhAQABAIAAAAAAAP\/\/\/yH5BAEAAAAALAAAAAABAAEAAAIBRAA7\" loading=\"eager\" alt=\"Tre arbeidsfolk i vernekl\u00e6r arbeider i en industrihall. To personer st\u00e5r ved siden av en p\u00e5hengsvogn, og en av dem drar et tau for \u00e5 sikre et heiseutstyr som henger fra en kran. Den tredje personen st\u00e5r p\u00e5 bakken og overv\u00e5ker arbeidet. Omgivelsene inkluderer lagringshyller og diverse utstyr i bakgrunnen. (Bildebeskrivelsen er laget av en KI-tjeneste)\" title=\"Foto: Brynjar Mangor Myrtveit Osgjerd \/ NRK\"\/><\/p>\n<p>Foto: Brynjar Mangor Myrtveit Osgjerd \/ NRK<\/p>\n<p>Ekstra dager i Lofoten for turistene<\/p>\n<p>Farid Hakim fra Singapore er p\u00e5 ferie i Nord-Norge sammen med kona for \u00e5 oppleve nordlys. For paret ble det noen ekstra dager i Lofoten.<\/p>\n<p>\u2013 Da vi kom hit var det fint v\u00e6r, men den neste dagen var det storm. Det tok oss p\u00e5 sengen. Vi skulle egentlig bare v\u00e6re her i to dager, men har n\u00e5 v\u00e6rt her i seks dager. For oss er det en opplevelse. Vi var lite forberedt p\u00e5 v\u00e6r som dette.<\/p>\n<p>N\u00e5 er de p\u00e5 vei til Troms\u00f8 i jakten p\u00e5 mer nordlys.<\/p>\n<p>\u2013 N\u00e5 virker v\u00e6ret bra. Forh\u00e5pentligvis g\u00e5r flyet v\u00e5rt som planlagt i dag.<\/p>\n<p><img decoding=\"async\"   src=\"data:image\/gif;base64,R0lGODlhAQABAIAAAAAAAP\/\/\/yH5BAEAAAAALAAAAAABAAEAAAIBRAA7\" loading=\"eager\" alt=\"En person st\u00e5r i en innend\u00f8rs setting if\u00f8rt jakke og lue. Bakgrunnen viser et serviceomr\u00e5de med en skranke og dataplanser. Det er synlige detaljer som gir kontekst til milj\u00f8et, inkludert en datamaskin og benker. Belysningen er varm og rommet virker travelt. (Bildebeskrivelsen er laget av en KI-tjeneste)\" title=\"Foto: Brynjar Mangor Myrtveit Osgjerd \/ NRK\"\/><\/p>\n<p>Foto: Brynjar Mangor Myrtveit Osgjerd \/ NRK<\/p>\n<p>\u00c5pner onsdag eller torsdag<\/p>\n<p>Glenn Robert Johnsen, omr\u00e5desjef i Avinor, sier det er muligheter for at flyplassen kan \u00e5pne onsdag eller torsdag.<\/p>\n<p>\u2013 N\u00e5 venter vi med \u00e5 f\u00e5 p\u00e5 plass master. Der jobbes det med en midlertidig l\u00f8sning som vi h\u00e5per \u00e5 f\u00e5 p\u00e5 plass snart. Hvis ikke er det p\u00e5 plass i l\u00f8pet av uken.<\/p>\n<p>\u2013 Hvorfor har det tatt s\u00e5 lang tid?<\/p>\n<p>\u2013 Vi startet med jobben s\u00e5 tidlig som mulig n\u00e5r dette skjedde. Vi var n\u00f8dt til \u00e5 f\u00e5 opp utstyr og nye master fra sentralt hold. Da tar det litt tid. Vi har jobbet s\u00e5 fort vi klarer, sier Johnsen.<\/p>\n<p>Han mener det som har skjedd er ekstraordin\u00e6rt.<\/p>\n<p>\u2013 Dette er en helt ekstrem situasjon v\u00e6rmessig. Vi har aldri v\u00e6rt borti at to master har knekt samtidig.<\/p>\n<p>M\u00e5 bruke helikopter<\/p>\n<p>Flyplasstengingen bekymrer folk p\u00e5 Leknes. Flyplassen er den n\u00e6rmeste til Lofotens st\u00f8rste sykehus p\u00e5 Gravdal.<\/p>\n<p>\u2013 Det vil v\u00e6re noen pasienter som f\u00e5r problemer med \u00e5 gjennomf\u00f8re sine reiser. Heldigvis er det lite planlagt aktivitet i jul- og nytt\u00e5rshelga p\u00e5 sykehuset n\u00e5. Det er f\u00e5 pasienter som har timer, sier fagdirekt\u00f8r i Nordlandssykehuset, Cato Kj\u00e6rvik.<\/p>\n<p>De som rammes mest, er pasienter som m\u00e5 reise fra Leknes til timer i st\u00f8rre byer som Bod\u00f8 eller Troms\u00f8.<\/p>\n<p>\u2013 Det blir en litt mer kronglete reise. Det mest utfordrende er at det ikke kan lande ambulansefly p\u00e5 flyplassen. Det betyr at pasientene som ikke kan ta rutefly, m\u00e5 transporteres med helikopter.<\/p>\n<p>\u2013 Folk trenger ikke v\u00e6re bekymret. Vi har fortsatt et trygt tilbud, selv om flytrafikken er rammet, konkluderer Kj\u00e6rvik.<\/p>\n<p>Publisert<\/p>\n<p>30.12.2025, kl. 20.01<\/p>\n","protected":false},"excerpt":{"rendered":"\u2013 Dette er ikke holdbart i 2025, sier Vestv\u00e5g\u00f8y-ordf\u00f8rer Johnny Finstad overfor NRK. For uv\u00e6ret i Nord-Norge sist&hellip;\n","protected":false},"author":2,"featured_media":125037,"comment_status":"","ping_status":"","sticky":false,"template":"","format":"standard","meta":{"footnotes":""},"categories":[10],"tags":[20,21,24,25,15,22,23,13,30,28,29,14,16,26,27],"class_list":{"0":"post-125036","1":"post","2":"type-post","3":"status-publish","4":"format-standard","5":"has-post-thumbnail","7":"category-norge","8":"tag-breaking-news","9":"tag-breakingnews","10":"tag-featured-news","11":"tag-featurednews","12":"tag-headlines","13":"tag-latest-news","14":"tag-latestnews","15":"tag-news","16":"tag-no","17":"tag-norge","18":"tag-norway","19":"tag-nyheter","20":"tag-overskrifter","21":"tag-top-stories","22":"tag-topstories"},"share_on_mastodon":{"url":"https:\/\/pubeurope.com\/@no\/115810232220787872","error":""},"_links":{"self":[{"href":"https:\/\/www.europesays.com\/no\/wp-json\/wp\/v2\/posts\/125036","targetHints":{"allow":["GET"]}}],"collection":[{"href":"https:\/\/www.europesays.com\/no\/wp-json\/wp\/v2\/posts"}],"about":[{"href":"https:\/\/www.europesays.com\/no\/wp-json\/wp\/v2\/types\/post"}],"author":[{"embeddable":true,"href":"https:\/\/www.europesays.com\/no\/wp-json\/wp\/v2\/users\/2"}],"replies":[{"embeddable":true,"href":"https:\/\/www.europesays.com\/no\/wp-json\/wp\/v2\/comments?post=125036"}],"version-history":[{"count":0,"href":"https:\/\/www.europesays.com\/no\/wp-json\/wp\/v2\/posts\/125036\/revisions"}],"wp:featuredmedia":[{"embeddable":true,"href":"https:\/\/www.europesays.com\/no\/wp-json\/wp\/v2\/media\/125037"}],"wp:attachment":[{"href":"https:\/\/www.europesays.com\/no\/wp-json\/wp\/v2\/media?parent=125036"}],"wp:term":[{"taxonomy":"category","embeddable":true,"href":"https:\/\/www.europesays.com\/no\/wp-json\/wp\/v2\/categories?post=125036"},{"taxonomy":"post_tag","embeddable":true,"href":"https:\/\/www.europesays.com\/no\/wp-json\/wp\/v2\/tags?post=125036"}],"curies":[{"name":"wp","href":"https:\/\/api.w.org\/{rel}","templated":true}]}}