{"id":125038,"date":"2025-12-30T19:44:11","date_gmt":"2025-12-30T19:44:11","guid":{"rendered":"https:\/\/www.europesays.com\/no\/125038\/"},"modified":"2025-12-30T19:44:11","modified_gmt":"2025-12-30T19:44:11","slug":"guri-melbys-konto-pa-x-er-hacket","status":"publish","type":"post","link":"https:\/\/www.europesays.com\/no\/125038\/","title":{"rendered":"Guri Melbys konto p\u00e5 X er hacket"},"content":{"rendered":"\n<p class=\"_lead_o9xde_2 _lead_xtcu6_50 layout-component text-serif-m layout-normal text-serif-l layout-component layout-wide layout-padded _wide_17hqh_1 layout-padded\">Nasjonal sikkerhetsmyndighet kontaktet X for \u00e5 gjenopprette kontoen til Guri Melby. Hvem som st\u00e5r bak hackingen er forel\u00f8pig ukjent. <\/p>\n<p><img alt=\"Venstre-leder Guri Melby sin konto p\u00e5 X er hacket, bekrefter NSM. Foto: Skjermdump fra X\" class=\"_image_qp4xg_65 layout-component layout-wide\" data-fullscreen- data-track-element-type=\"Article image fullscreen\" data-track-name=\"ImageFullscreen\" fetchpriority=\"high\" decoding=\"sync\" loading=\"eager\" height=\"760\" itemprop=\"image\"  src=\"https:\/\/www.europesays.com\/no\/wp-content\/uploads\/2025\/12\/77247fce-5fa8-4b74-8de7-950f4d97a478.png\"  style=\"object-position:0% 0%\" width=\"825\"\/>Venstre-leder Guri Melby sin konto p\u00e5 X er hacket, bekrefter NSM. Foto: Skjermdump fra X<\/p>\n<ul aria-hidden=\"true\" class=\"_images_ntbth_112\">\n<li><a class=\"_link_ntbth_117\" href=\"https:\/\/www.vg.no\/forfatter\/nora-holm-aftret\" style=\"z-index:1\" title=\"Nora Holm Aftret\" rel=\"nofollow noopener\" target=\"_blank\"><img alt=\"Bilde av Nora Holm Aftret\" class=\"_image_ntbth_93\" fetchpriority=\"low\" loading=\"lazy\" decoding=\"async\" itemprop=\"image\"  src=\"https:\/\/www.europesays.com\/no\/wp-content\/uploads\/2025\/12\/1767123849_582_f305139e-f923-41c4-8052-e05527fc0152.jpeg\"  width=\"480\"\/><\/a><\/li>\n<\/ul>\n<p> Oppdatert tirsdag 30. desember kl. 19:55     <\/p>\n<p class=\"_paragraph_o9xde_4 _paragraph_xtcu6_10 layout-component text-serif-m layout-normal text-serif-m layout-padded\">Venstre-leder <a href=\"https:\/\/www.vg.no\/tag\/guri-melby?utm_source=vg-article&amp;utm_medium=auto-tagger&amp;utm_campaign=5p0k8O\" class=\"_link_o9xde_39\" rel=\"nofollow noopener\" target=\"_blank\">Guri Melbys<\/a> konto p\u00e5 X ble nylig hacket. <\/p>\n<p class=\"_paragraph_o9xde_4 _paragraph_xtcu6_10 layout-component text-serif-m layout-normal text-serif-m layout-padded\">P\u00e5 X-profilen var det fremdeles bilde av Venstre-lederen. Men forsidebildet viste logoen til teknologiselskapet Flare Network. <\/p>\n<p class=\"_paragraph_o9xde_4 _paragraph_xtcu6_10 layout-component text-serif-m layout-normal text-serif-m layout-padded\">Profilen har i l\u00f8pet av de siste dagene delt flere innlegg fra Flare Network.<\/p>\n<p class=\"_paragraph_o9xde_4 _paragraph_xtcu6_10 layout-component text-serif-m layout-normal text-serif-m layout-padded\">F\u00f8r julaften var det siste innlegget fra Melby publisert 28. februar.<\/p>\n<p><img alt=\"Guri Melbys profil p\u00e5 X har siden julaften republisert flere innlegg fra teknologiselskapet Flare Network.  Foto: Skjermdump fra X\" class=\"_image_qp4xg_65 layout-component layout-normal\" data-fullscreen- data-track-element-type=\"Article image fullscreen\" data-track-name=\"ImageFullscreen\" decoding=\"async\" loading=\"lazy\" height=\"686\" itemprop=\"image\"  src=\"https:\/\/www.europesays.com\/no\/wp-content\/uploads\/2025\/12\/48e3d9dc-7266-499e-842b-5e2ddf2a6a09.png\"  style=\"object-position:0% 0%\" width=\"530\"\/>Guri Melbys profil p\u00e5 X har siden julaften republisert flere innlegg fra teknologiselskapet Flare Network.  Foto: Skjermdump fra X\u00abNerdemamma\u00bb \u00abMattenerd\u00bb og \u00abKlatrer\u00bb<\/p>\n<p class=\"_paragraph_o9xde_4 _paragraph_xtcu6_10 layout-component text-serif-m layout-normal text-serif-m layout-padded\">Flare Network bygger teknologi som kobler sammen kryptovalutaer,kryptovalutaer,Digitale penger som kan sendes direkte mellom personer, uten bank.<br \/>\nEksempler er Bitcoin og XRP. slik at det er mulig \u00e5 bruke dem i nye digitale tjenester.<\/p>\n<p class=\"_paragraph_o9xde_4 _paragraph_xtcu6_10 layout-component text-serif-m layout-normal text-serif-m layout-padded\">P\u00e5 den hackede profilen til Melby st\u00e5r det at hun er utvikler i det britiske selskapet. <\/p>\n<p class=\"_paragraph_o9xde_4 _paragraph_xtcu6_10 layout-component text-serif-m layout-normal text-serif-m layout-padded\"><strong class=\"_strong_o9xde_25\">P\u00e5 X er beskrivelsen i Melbys profil endret til:<\/strong><\/p>\n<p class=\"_paragraph_o9xde_4 _paragraph_xtcu6_10 layout-component text-serif-m layout-normal text-serif-m layout-padded\">\u00abFull-Stack Web3 Developer Flare Networks. Science writer. GeekMom. Math nerd. Climber. TED-ED speaker. Research Scientist\u00bb.<\/p>\n<p class=\"_paragraph_o9xde_4 _paragraph_xtcu6_10 layout-component text-serif-m layout-normal text-serif-m layout-padded\">Det kan oversettes til:<\/p>\n<p class=\"_paragraph_o9xde_4 _paragraph_xtcu6_10 layout-component text-serif-m layout-normal text-serif-m layout-padded\">\u00abFull-Stack Web3-utvikler Flare Networks. Vitenskapsformidler. Nerdemamma. Mattenerd. Klatrer. Ted-ed foredragsholder. Forsker\u00bb.<\/p>\n<p><img alt=\"P\u00e5 den hackede X-profilen beskrives Guri Melby blant annet som utvikler, nerdemamma og klatrer.  Foto: Skjermdump fra X\" class=\"_image_qp4xg_65 layout-component layout-normal\" data-fullscreen- data-track-element-type=\"Article image fullscreen\" data-track-name=\"ImageFullscreen\" decoding=\"async\" loading=\"lazy\" height=\"178\" itemprop=\"image\"  src=\"https:\/\/www.europesays.com\/no\/wp-content\/uploads\/2025\/12\/87f68aa8-b396-4d2d-92d1-64d44b3923b7.png\"  style=\"object-position:0% 0%\" width=\"809\"\/>P\u00e5 den hackede X-profilen beskrives Guri Melby blant annet som utvikler, nerdemamma og klatrer.  Foto: Skjermdump fra X\u2013 H\u00e5per det lar seg l\u00f8se noks\u00e5 raskt<\/p>\n<p class=\"_paragraph_o9xde_4 _paragraph_xtcu6_10 layout-component text-serif-m layout-normal text-serif-m layout-padded\">VG har fors\u00f8kt \u00e5 kontakte Melby for en kommentar. Hun er p\u00e5 ferie, opplyser presser\u00e5dgiveren hennes, Karl Arthur Giverholt. <\/p>\n<p class=\"_paragraph_o9xde_4 _paragraph_xtcu6_10 layout-component text-serif-m layout-normal text-serif-m layout-padded\">\u2013 Vi har varslet NSM NSM Nasjonal sikkerhetsmyndighet om saken og h\u00e5per det lar seg l\u00f8se noks\u00e5 raskt, sier Giverholt til VG. <\/p>\n<p class=\"_paragraph_o9xde_4 _paragraph_xtcu6_10 layout-component text-serif-m layout-normal text-serif-m layout-padded\">Han vil ikke uttale seg mer om den hackede kontoen. <\/p>\n<p><img alt=\"Flare Network er et teknologiselskap som kobler sammen kryptovalutaer.  Foto: Skjermdump fra X\" class=\"_image_qp4xg_65 layout-component layout-normal\" data-fullscreen- data-track-element-type=\"Article image fullscreen\" data-track-name=\"ImageFullscreen\" decoding=\"async\" loading=\"lazy\" height=\"821\" itemprop=\"image\"  src=\"https:\/\/www.europesays.com\/no\/wp-content\/uploads\/2025\/12\/a045c276-b19f-4b1e-9bcc-10d262010236.png\"  style=\"object-position:0% 0%\" width=\"812\"\/>Flare Network er et teknologiselskap som kobler sammen kryptovalutaer.  Foto: Skjermdump fra XBeredskapsordning<\/p>\n<p class=\"_paragraph_o9xde_4 _paragraph_xtcu6_10 layout-component text-serif-m layout-normal text-serif-m layout-padded\">Nasjonal sikkerhetsmyndighet (NSM) skal varsles om u\u00f8nskede hendelser som kan ha betydning for nasjonal sikkerhet, oppgir de p\u00e5 egen <a href=\"https:\/\/nsm.no\/varsle-nsm\/\" class=\"_link_o9xde_39\" rel=\"nofollow noopener\" target=\"_blank\">nettside<\/a>. <\/p>\n<p class=\"_paragraph_o9xde_4 _paragraph_xtcu6_10 layout-component text-serif-m layout-normal text-serif-m layout-padded\">NSM har en beredskapsordning som kan beskytte sosiale medier-profiler til departementer, direktorater, samt politiske partier, opplyser pressevakt Mari Lerdal i NSM til VG. <\/p>\n<p class=\"_paragraph_o9xde_4 _paragraph_xtcu6_10 layout-component text-serif-m layout-normal text-serif-m layout-padded\">Med beredskapsordningen kan NSM etablere rask kontakt med sosiale medieplattformer som Facebook, Instagram og X. <\/p>\n<p class=\"_paragraph_o9xde_4 _paragraph_xtcu6_10 layout-component text-serif-m layout-normal text-serif-m layout-padded\">\u2013 I tillegg blir ordningen benyttet for \u00e5 rapportere falske profiler som utgir seg for \u00e5 v\u00e6re sentrale myndighetsorganer, politiske partier, politikere og lignende, samt for \u00e5 s\u00f8rge for at profiler som blir hacket blir overf\u00f8rt raskest mulig tilbake til profileier, sier Lerdal. <\/p>\n<p>Har kontaktet X<\/p>\n<p class=\"_paragraph_o9xde_4 _paragraph_xtcu6_10 layout-component text-serif-m layout-normal text-serif-m layout-padded\">NSM er kjent med at Guri Melby sin X-konto er utsatt for kontokapring, og har tatt kontakt med X for bistand til \u00e5 resette kontoen, opplyser hun videre. <\/p>\n<p class=\"_paragraph_o9xde_4 _paragraph_xtcu6_10 layout-component text-serif-m layout-normal text-serif-m layout-padded\">VG har spurt om det er grunn til \u00e5 tro at selskapet Flare Networks st\u00e5r bak hackingen, og om hva NSM tror motivasjonen kan v\u00e6re.<\/p>\n<p class=\"_paragraph_o9xde_4 _paragraph_xtcu6_10 layout-component text-serif-m layout-normal text-serif-m layout-padded\">\u2013 \u00c5 mene noe om hvem som st\u00e5r bak og hva motivasjonen er, er utenfor NSMs mandat, sier Lerdal.<\/p>\n<p><img alt=\"Guri Melbys hackede profil har ogs\u00e5 tatt kontakt med andre X-brukere.  Foto: Skjermdump fra X\" class=\"_image_qp4xg_65 layout-component layout-normal\" data-fullscreen- data-track-element-type=\"Article image fullscreen\" data-track-name=\"ImageFullscreen\" decoding=\"async\" loading=\"lazy\" height=\"340\" itemprop=\"image\"  src=\"https:\/\/www.europesays.com\/no\/wp-content\/uploads\/2025\/12\/b0a601e5-2a22-4cfa-9f80-7618e42276c5.jpeg\"  style=\"object-position:0% 0%\" width=\"538\"\/>Guri Melbys hackede profil har ogs\u00e5 tatt kontakt med andre X-brukere.  Foto: Skjermdump fra X<\/p>\n<p class=\"_paragraph_o9xde_4 _paragraph_xtcu6_10 layout-component text-serif-m layout-normal text-serif-m layout-padded\">Hvorvidt hackingen er et straffbart forhold eller ikke, er et sp\u00f8rsm\u00e5l som m\u00e5 rettes til politiet, legger hun til. <\/p>\n<p class=\"_paragraph_o9xde_4 _paragraph_xtcu6_10 layout-component text-serif-m layout-normal text-serif-m layout-padded\">P\u00e5 grunn av ferieavvikling, f\u00e5r ikke NSM svart utfyllende p\u00e5 sp\u00f8rsm\u00e5let, opplyser pressevakt Mari Lerdal.<\/p>\n<p class=\"_paragraph_o9xde_4 _paragraph_xtcu6_10 layout-component text-serif-m layout-normal text-serif-m layout-padded\">VG har fors\u00f8kt \u00e5 kontakte Flare Network og stilt sp\u00f8rsm\u00e5l til den hackede kontoen p\u00e5 X, uten \u00e5 f\u00e5 svar. <\/p>\n","protected":false},"excerpt":{"rendered":"Nasjonal sikkerhetsmyndighet kontaktet X for \u00e5 gjenopprette kontoen til Guri Melby. Hvem som st\u00e5r bak hackingen er forel\u00f8pig&hellip;\n","protected":false},"author":2,"featured_media":125039,"comment_status":"","ping_status":"","sticky":false,"template":"","format":"standard","meta":{"footnotes":""},"categories":[5],"tags":[20,21,24,25,1099,1584,15,19,22,23,17,18,9150,13,30,28,29,14,16,26,27,4882],"class_list":{"0":"post-125038","1":"post","2":"type-post","3":"status-publish","4":"format-standard","5":"has-post-thumbnail","7":"category-overskrifter","8":"tag-breaking-news","9":"tag-breakingnews","10":"tag-featured-news","11":"tag-featurednews","12":"tag-guri-melby","13":"tag-hacking","14":"tag-headlines","15":"tag-hovedoppslag","16":"tag-latest-news","17":"tag-latestnews","18":"tag-main-news","19":"tag-mainnews","20":"tag-nasjonal-sikkerhetsmyndighet","21":"tag-news","22":"tag-no","23":"tag-norge","24":"tag-norway","25":"tag-nyheter","26":"tag-overskrifter","27":"tag-top-stories","28":"tag-topstories","29":"tag-x"},"share_on_mastodon":{"url":"https:\/\/pubeurope.com\/@no\/115810236238000000","error":""},"_links":{"self":[{"href":"https:\/\/www.europesays.com\/no\/wp-json\/wp\/v2\/posts\/125038","targetHints":{"allow":["GET"]}}],"collection":[{"href":"https:\/\/www.europesays.com\/no\/wp-json\/wp\/v2\/posts"}],"about":[{"href":"https:\/\/www.europesays.com\/no\/wp-json\/wp\/v2\/types\/post"}],"author":[{"embeddable":true,"href":"https:\/\/www.europesays.com\/no\/wp-json\/wp\/v2\/users\/2"}],"replies":[{"embeddable":true,"href":"https:\/\/www.europesays.com\/no\/wp-json\/wp\/v2\/comments?post=125038"}],"version-history":[{"count":0,"href":"https:\/\/www.europesays.com\/no\/wp-json\/wp\/v2\/posts\/125038\/revisions"}],"wp:featuredmedia":[{"embeddable":true,"href":"https:\/\/www.europesays.com\/no\/wp-json\/wp\/v2\/media\/125039"}],"wp:attachment":[{"href":"https:\/\/www.europesays.com\/no\/wp-json\/wp\/v2\/media?parent=125038"}],"wp:term":[{"taxonomy":"category","embeddable":true,"href":"https:\/\/www.europesays.com\/no\/wp-json\/wp\/v2\/categories?post=125038"},{"taxonomy":"post_tag","embeddable":true,"href":"https:\/\/www.europesays.com\/no\/wp-json\/wp\/v2\/tags?post=125038"}],"curies":[{"name":"wp","href":"https:\/\/api.w.org\/{rel}","templated":true}]}}