{"id":125042,"date":"2025-12-30T19:50:30","date_gmt":"2025-12-30T19:50:30","guid":{"rendered":"https:\/\/www.europesays.com\/no\/125042\/"},"modified":"2025-12-30T19:50:30","modified_gmt":"2025-12-30T19:50:30","slug":"lover-sinnssykt-bra-fyrverkeri-i-kristiansund-veldig-mange-setter-pris-pa-det-tidens-krav","status":"publish","type":"post","link":"https:\/\/www.europesays.com\/no\/125042\/","title":{"rendered":"Lover \u00absinnssykt bra\u00bb fyrverkeri i Kristiansund: \u2013 Veldig mange setter pris p\u00e5 det &#8211; Tidens Krav"},"content":{"rendered":"<ol>\n<li><a href=\"https:\/\/news.google.com\/rss\/articles\/CBMirwFBVV95cUxPVUk2QzZodDR5LTFuSlp2aDN5UzBTXzhUbXRLcnJVNXppYXNTRVVRcV9vX3U0SXJtQ3pXMzZaNGRzclRpZFExQjhLaGZEa2RMT3VtLXcxRE54WjNOZnVwcEl4M0xhZHUzeHEyTnFla2otVmNhQmNhWndYTEVxOHNzSTJ6QUxuUXNoM29JeVNYRVUzbFAta2xRRFdtMGNqUHZLZ1Zjc216dnBTc0RBRHZ3?oc=5\" target=\"_blank\" rel=\"nofollow noopener\">Lover \u00absinnssykt bra\u00bb fyrverkeri i Kristiansund: \u2013 Veldig mange setter pris p\u00e5 det<\/a>&nbsp;&nbsp;Tidens Krav<\/li>\n<li><a href=\"https:\/\/news.google.com\/rss\/articles\/CBMixgFBVV95cUxQbUFycU9aRXU1VEdUemVvN25UYVd4WmE3QWxCNlZ0LXNQcExud0xRQWt6N1lSMGtCQ3luYnI5aEl0ZWFoQ3ZiRWxxTjRkTXdUbmZHZmJ3TjZQVUJIWXZqaEI5emJPVHJYQUw2UFo0bXV0M3kxQzFJRFZMXzBkNTk3ekxWZjlnT3k5NF8wUjlzWjFPVlBRNkZwVVEzRU9UcVBWX25FUldOS1gtNnFWbUVfX2c3WFA5WmcwdmNhNVcteEU1U2FTUWc?oc=5\" target=\"_blank\" rel=\"nofollow noopener\">Er avhengig av spleise\u00adlag for \u00e5 f\u00e5 til felles fyr\u00adverkeri \u2013 i Kristian\u00adsund betaler kommunen<\/a>&nbsp;&nbsp;NRK<\/li>\n<li><a href=\"https:\/\/news.google.com\/rss\/articles\/CBMitwFBVV95cUxPVGRzU1dseTcySW56QnJUczlXZXdTdU8zZDNnXy1va3pVYnVpMGZpTGtMVEhZeG16d3lXcW93N21xVGEybG16VHU5cUhvRXRaR2prSUFNNWVCT2ZWMUhpOFpwUEJ5RkhDZUZyN3lWUjNGZDNsVW85alg3ZGZvd1RvWkstcDB4a2psanZGTXE3T0ZwZk9JaUl4YVhuaXBxWnJrQlNCbl93dlU0VTZabkdRa1dBMlpaRUk?oc=5\" target=\"_blank\" rel=\"nofollow noopener\">Har skapt en tradisjon: Lover spektakul\u00e6rt fyrverkerishow p\u00e5 nytt\u00e5rsaften<\/a>&nbsp;&nbsp;avisa-st.no<\/li>\n<li><a href=\"https:\/\/news.google.com\/rss\/articles\/CBMie0FVX3lxTE9pV0RRQmZMNDJDU2tqUl9JVjR4UFotWkZIR3FJV1d1N2xQMEdfbmk1MHJCaWJGai1fMjVGRENHMDVaVmxWOXVPZk1nNU1LLWdzemZWUXFVN0g1OFd0RThiV3ZDeXM0SnpORS14bzJrcUlTaWlJWEdvdTloMA?oc=5\" target=\"_blank\" rel=\"nofollow noopener\">Klart hvor oppskytinga skal skje<\/a>&nbsp;&nbsp;rbnett.no<\/li>\n<li><a href=\"https:\/\/news.google.com\/rss\/articles\/CBMikwFBVV95cUxOdmh1STI5Ukp6NEFQY1VpU1B4SmtrcW1YV1dwa2o0UG0wSFdOY0ZqLWVoV01VNWxIcjhtMXdVdTc0TURzWVlldFZZaDg1X1diZ0EwanM2VUpTVTZEcHN4d0d0M3h2cHo0MU5XTVA5QjIyM2RLRVk2VExpY0FtM2FUcW1udWZiaGJjZVNBYzNhb1FMMlk?oc=5\" target=\"_blank\" rel=\"nofollow noopener\">Svir av fleire tusen kroner<\/a>&nbsp;&nbsp;smp.no<\/li>\n<\/ol>\n","protected":false},"excerpt":{"rendered":"Lover \u00absinnssykt bra\u00bb fyrverkeri i Kristiansund: \u2013 Veldig mange setter pris p\u00e5 det&nbsp;&nbsp;Tidens Krav Er avhengig av spleise\u00adlag&hellip;\n","protected":false},"author":2,"featured_media":125043,"comment_status":"","ping_status":"","sticky":false,"template":"","format":"standard","meta":{"footnotes":""},"categories":[10],"tags":[20,21,24,25,15,22,23,13,30,28,29,14,16,26,27],"class_list":{"0":"post-125042","1":"post","2":"type-post","3":"status-publish","4":"format-standard","5":"has-post-thumbnail","7":"category-norge","8":"tag-breaking-news","9":"tag-breakingnews","10":"tag-featured-news","11":"tag-featurednews","12":"tag-headlines","13":"tag-latest-news","14":"tag-latestnews","15":"tag-news","16":"tag-no","17":"tag-norge","18":"tag-norway","19":"tag-nyheter","20":"tag-overskrifter","21":"tag-top-stories","22":"tag-topstories"},"share_on_mastodon":{"url":"https:\/\/pubeurope.com\/@no\/115810259718202642","error":""},"_links":{"self":[{"href":"https:\/\/www.europesays.com\/no\/wp-json\/wp\/v2\/posts\/125042","targetHints":{"allow":["GET"]}}],"collection":[{"href":"https:\/\/www.europesays.com\/no\/wp-json\/wp\/v2\/posts"}],"about":[{"href":"https:\/\/www.europesays.com\/no\/wp-json\/wp\/v2\/types\/post"}],"author":[{"embeddable":true,"href":"https:\/\/www.europesays.com\/no\/wp-json\/wp\/v2\/users\/2"}],"replies":[{"embeddable":true,"href":"https:\/\/www.europesays.com\/no\/wp-json\/wp\/v2\/comments?post=125042"}],"version-history":[{"count":0,"href":"https:\/\/www.europesays.com\/no\/wp-json\/wp\/v2\/posts\/125042\/revisions"}],"wp:featuredmedia":[{"embeddable":true,"href":"https:\/\/www.europesays.com\/no\/wp-json\/wp\/v2\/media\/125043"}],"wp:attachment":[{"href":"https:\/\/www.europesays.com\/no\/wp-json\/wp\/v2\/media?parent=125042"}],"wp:term":[{"taxonomy":"category","embeddable":true,"href":"https:\/\/www.europesays.com\/no\/wp-json\/wp\/v2\/categories?post=125042"},{"taxonomy":"post_tag","embeddable":true,"href":"https:\/\/www.europesays.com\/no\/wp-json\/wp\/v2\/tags?post=125042"}],"curies":[{"name":"wp","href":"https:\/\/api.w.org\/{rel}","templated":true}]}}