{"id":125048,"date":"2025-12-30T19:56:09","date_gmt":"2025-12-30T19:56:09","guid":{"rendered":"https:\/\/www.europesays.com\/no\/125048\/"},"modified":"2025-12-30T19:56:09","modified_gmt":"2025-12-30T19:56:09","slug":"tatiana-schlossberg-er-dod-hadde-kreft","status":"publish","type":"post","link":"https:\/\/www.europesays.com\/no\/125048\/","title":{"rendered":"Tatiana Schlossberg er d\u00f8d &#8211; hadde kreft"},"content":{"rendered":"\n<p class=\"_lead_o9xde_2 _lead_xtcu6_50 layout-component text-serif-m layout-normal text-serif-l layout-component layout-wide layout-padded _wide_17hqh_1 layout-padded\">Tatiana Schlossberg, barnebarn av USAs tidligere president John F. Kennedy, har d\u00f8dd i en alder av 35 \u00e5r. <\/p>\n<p><img alt=\"Schlossberg under en tale i John F. Kennedy Presidential Library and Museum i Boston oktober 2023. Foto: Steven Senne \/ AP \/ NTB\" class=\"_image_qp4xg_65 layout-component layout-wide\" data-fullscreen- data-track-element-type=\"Article image fullscreen\" data-track-name=\"ImageFullscreen\" fetchpriority=\"high\" decoding=\"sync\" loading=\"eager\" height=\"2666\" itemprop=\"image\"  src=\"https:\/\/www.europesays.com\/no\/wp-content\/uploads\/2025\/12\/b7059608-3595-4484-917d-550ca071cfac.png\"  style=\"object-position:59.27731932983246% 23.424606151537887%\" width=\"3999\"\/>Schlossberg under en tale i John F. Kennedy Presidential Library and Museum i Boston oktober 2023. Foto: Steven Senne \/ AP \/ NTB<\/p>\n<ul aria-hidden=\"true\" class=\"_images_ntbth_112\">\n<li><a class=\"_link_ntbth_117\" href=\"https:\/\/www.vg.no\/forfatter\/harpreet-kaur-nijjer\" style=\"z-index:1\" title=\"Harpreet Kaur Nijjer\" rel=\"nofollow noopener\" target=\"_blank\"><img alt=\"Bilde av Harpreet Kaur Nijjer\" class=\"_image_ntbth_93\" fetchpriority=\"low\" loading=\"lazy\" decoding=\"async\" itemprop=\"image\"  src=\"https:\/\/www.europesays.com\/no\/wp-content\/uploads\/2025\/12\/1767124569_270_9915841b-33cb-470f-8ab4-1d1650cff10e.jpeg\"  width=\"480\"\/><\/a><\/li>\n<\/ul>\n<p> Oppdatert tirsdag 30. desember kl. 20:50     <\/p>\n<p class=\"_paragraph_o9xde_4 _paragraph_xtcu6_10 layout-component text-serif-m layout-normal text-serif-m layout-padded\">P\u00e5 vegne av familien, skriver JFK Library Foundation p\u00e5 <a href=\"https:\/\/www.instagram.com\/jfklibraryfdn\/\" class=\"_link_o9xde_39\" rel=\"nofollow noopener\" target=\"_blank\">Instagram<\/a>, at Schlossberg d\u00f8de tirsdag morgen lokal tid. <\/p>\n<p class=\"_paragraph_o9xde_4 _paragraph_xtcu6_10 layout-component text-serif-m layout-normal text-serif-m layout-padded\">\u2013 Hun vil for alltid v\u00e6re i v\u00e5re hjerter. <\/p>\n<p class=\"_paragraph_o9xde_4 _paragraph_xtcu6_10 layout-component text-serif-m layout-normal text-serif-m layout-padded\">For en m\u00e5ned siden ble det meldt om at Schlossberg hadde <a href=\"https:\/\/www.vg.no\/rampelys\/i\/m0gLaO\/kennedy-datter-tatiana-schlossberg-35-har-doedelig-kreft\" data-track-element-type=\"Link\" data-track-id=\"link:m0gLaO\" class=\"_link_o9xde_39\" rel=\"nofollow noopener\" target=\"_blank\">mindre enn ett \u00e5r igjen \u00e5 leve<\/a>, etter \u00e5 ha blitt diagnostisert med d\u00f8delig kreft i mai 2024. <\/p>\n<p class=\"_paragraph_o9xde_4 _paragraph_xtcu6_10 layout-component text-serif-m layout-normal text-serif-m layout-padded\">Schlossberg var tobarnsmor og journalist, og avsl\u00f8rte i et <a href=\"https:\/\/www.newyorker.com\/culture\/the-weekend-essay\/a-battle-with-my-blood\" class=\"_link_o9xde_39\" rel=\"nofollow noopener\" target=\"_blank\">essay <\/a>i The New Yorker at hun hadde akutt myeloid leukemi. <\/p>\n<p><img alt=\"Foto: JFK Library Foundation \/ Facebook\" class=\"_image_qp4xg_65 layout-component layout-normal\" data-fullscreen- data-track-element-type=\"Article image fullscreen\" data-track-name=\"ImageFullscreen\" decoding=\"async\" loading=\"lazy\" height=\"608\" itemprop=\"image\"  src=\"https:\/\/www.europesays.com\/no\/wp-content\/uploads\/2025\/12\/d631ff09-ad12-464a-b321-88e79666a5a6.jpeg\"  style=\"object-position:0% 0%\" width=\"695\"\/>Foto: JFK Library Foundation \/ Facebook<\/p>\n<p class=\"_paragraph_o9xde_4 _paragraph_xtcu6_10 layout-component text-serif-m layout-normal text-serif-m layout-padded\">\u2013 Jeg kunne ikke tro at de snakket om meg. Jeg hadde sv\u00f8mt en kilometer dagen f\u00f8r, ni m\u00e5neder gravid. Jeg var ikke syk. Jeg f\u00f8lte meg ikke syk, skrev Schlossberg.<\/p>\n<p class=\"_paragraph_o9xde_4 _paragraph_xtcu6_10 layout-component text-serif-m layout-normal text-serif-m layout-padded\">Krefttypen hun hadde skal ha v\u00e6rt av en sjelden mutasjon, kalt Inversion 3, som ikke kan kureres med standard behandling.<\/p>\n<p>Hyllet familien for st\u00f8tten<\/p>\n<p class=\"_paragraph_o9xde_4 _paragraph_xtcu6_10 layout-component text-serif-m layout-normal text-serif-m layout-padded\">Hun etterlater seg de to barna sine, ektemannen George Moran (36) og foreldrene Caroline Kennedy og Ed Schlossberg. <\/p>\n<p><img alt=\"Tatiana Schlossberg med ektemannen George Moran (midten) og broren Jack Schlossberg i 2018.  Foto: Steven Senne \/ AP \/ NTB\" class=\"_image_qp4xg_65 layout-component layout-normal\" data-fullscreen- data-track-element-type=\"Article image fullscreen\" data-track-name=\"ImageFullscreen\" decoding=\"async\" loading=\"lazy\" height=\"4200\" itemprop=\"image\"  src=\"https:\/\/www.europesays.com\/no\/wp-content\/uploads\/2025\/12\/8e3d1601-b821-420e-b7f8-fe8b4c6239fd.jpeg\"  style=\"object-position:32.53743995478949% 24.916666666666668%\" width=\"3539\"\/>Tatiana Schlossberg med ektemannen George Moran (midten) og broren Jack Schlossberg i 2018.  Foto: Steven Senne \/ AP \/ NTB<\/p>\n<p class=\"_paragraph_o9xde_4 _paragraph_xtcu6_10 layout-component text-serif-m layout-normal text-serif-m layout-padded\">I essayet i The New Yorker, hyllet hun familien for st\u00f8tten i etterkant av diagnosen. <\/p>\n<p class=\"_paragraph_o9xde_4 _paragraph_xtcu6_10 layout-component text-serif-m layout-normal text-serif-m layout-padded\">\u2013 De har holdt h\u00e5nden min n\u00e5r jeg har lidd og pr\u00f8vd \u00e5 ikke vise sin smerte og tristhet for \u00e5 beskytte meg. Dette har v\u00e6rt en stor gave, selv om jeg har f\u00f8lt smerten deres daglig, skrev hun.<\/p>\n<p class=\"_paragraph_o9xde_4 _paragraph_xtcu6_10 layout-component text-serif-m layout-normal text-serif-m layout-padded\">Schlossberg skrev ogs\u00e5 om hvordan hun hele livet hadde pr\u00f8vd \u00e5 v\u00e6re et godt menneske og beskytte sin ber\u00f8mte mor, som gjentatte ganger har v\u00e6rt\u00a0<a href=\"https:\/\/www.vg.no\/nyheter\/i\/Xynmr\/kennedy-dynastiets-forbannelse\" data-track-element-type=\"Link\" data-track-id=\"link:Xynmr\" class=\"_link_o9xde_39\" rel=\"nofollow noopener\" target=\"_blank\">rammet av tragediene i Kennedy-klanen<\/a>.<\/p>\n<p class=\"_paragraph_o9xde_4 _paragraph_xtcu6_10 layout-component text-serif-m layout-normal text-serif-m layout-padded\">\u2013 N\u00e5 har jeg tilf\u00f8rt en ny tragedie i livet hennes, i v\u00e5r families liv, og det er ingenting jeg kan gj\u00f8re for \u00e5 stoppe den.<\/p>\n<p><img alt=\"Tatiana Schlossberg med moren Caroline Kennedy, faren Edwin Schlossberg og broren Jack Schlossberg i oktober 2023.  Foto: Steven Senne \/ AP \/ NTB\" class=\"_image_qp4xg_65 layout-component layout-normal\" data-fullscreen- data-track-element-type=\"Article image fullscreen\" data-track-name=\"ImageFullscreen\" decoding=\"async\" loading=\"lazy\" height=\"3247\" itemprop=\"image\"  src=\"https:\/\/www.europesays.com\/no\/wp-content\/uploads\/2025\/12\/16d2fcd3-ff30-4e34-b2be-bd7f14a87a24.jpeg\"  style=\"object-position:0% 0%\" width=\"4871\"\/>Tatiana Schlossberg med moren Caroline Kennedy, faren Edwin Schlossberg og broren Jack Schlossberg i oktober 2023.  Foto: Steven Senne \/ AP \/ NTBFikk benmargstransplantasjon <\/p>\n<p class=\"_paragraph_o9xde_4 _paragraph_xtcu6_10 layout-component text-serif-m layout-normal text-serif-m layout-padded\">Schlossberg oppdaget kreften da hun f\u00f8dte sitt andre barn i mai 2024, ved at en lege la merke til hennes unormalt h\u00f8ye antall hvite blodlegemer, og bestilte ytterligere tester. <\/p>\n<p class=\"_paragraph_o9xde_4 _paragraph_xtcu6_10 layout-component text-serif-m layout-normal text-serif-m layout-padded\">Det skrev Schlossberg selv i essayet sitt. <\/p>\n<p class=\"_paragraph_o9xde_4 _paragraph_xtcu6_10 layout-component text-serif-m layout-normal text-serif-m layout-padded\">Deretter tilbrakte hun fem uker p\u00e5 Columbia-Presbyterian Hospital i New York, f\u00f8r hun begynte med cellegift hjemme og senere fikk en benmargstransplantasjon.<\/p>\n<p class=\"_paragraph_o9xde_4 _paragraph_xtcu6_10 layout-component text-serif-m layout-normal text-serif-m layout-padded\">Tatiana Schlossberg var en erfaren og respektert milj\u00f8journalist, etter \u00e5 ha jobbet for The New York Times og bidratt til publikasjoner hos The Atlantic og The Washington Post.<\/p>\n<p>    <script async src=\"\/\/www.instagram.com\/embed.js\"><\/script><\/p>\n","protected":false},"excerpt":{"rendered":"Tatiana Schlossberg, barnebarn av USAs tidligere president John F. Kennedy, har d\u00f8dd i en alder av 35 \u00e5r.&hellip;\n","protected":false},"author":2,"featured_media":125049,"comment_status":"","ping_status":"","sticky":false,"template":"","format":"standard","meta":{"footnotes":""},"categories":[12],"tags":[31,20,21,24,25,15,14130,1401,22,23,13,30,28,29,14,16,26,27,42,43,44,45],"class_list":{"0":"post-125048","1":"post","2":"type-post","3":"status-publish","4":"format-standard","5":"has-post-thumbnail","7":"category-verden","8":"tag-breaking","9":"tag-breaking-news","10":"tag-breakingnews","11":"tag-featured-news","12":"tag-featurednews","13":"tag-headlines","14":"tag-john-f-kennedy","15":"tag-kreft","16":"tag-latest-news","17":"tag-latestnews","18":"tag-news","19":"tag-no","20":"tag-norge","21":"tag-norway","22":"tag-nyheter","23":"tag-overskrifter","24":"tag-top-stories","25":"tag-topstories","26":"tag-verden","27":"tag-world","28":"tag-world-news","29":"tag-worldnews"},"share_on_mastodon":{"url":"https:\/\/pubeurope.com\/@no\/115810283244536411","error":""},"_links":{"self":[{"href":"https:\/\/www.europesays.com\/no\/wp-json\/wp\/v2\/posts\/125048","targetHints":{"allow":["GET"]}}],"collection":[{"href":"https:\/\/www.europesays.com\/no\/wp-json\/wp\/v2\/posts"}],"about":[{"href":"https:\/\/www.europesays.com\/no\/wp-json\/wp\/v2\/types\/post"}],"author":[{"embeddable":true,"href":"https:\/\/www.europesays.com\/no\/wp-json\/wp\/v2\/users\/2"}],"replies":[{"embeddable":true,"href":"https:\/\/www.europesays.com\/no\/wp-json\/wp\/v2\/comments?post=125048"}],"version-history":[{"count":0,"href":"https:\/\/www.europesays.com\/no\/wp-json\/wp\/v2\/posts\/125048\/revisions"}],"wp:featuredmedia":[{"embeddable":true,"href":"https:\/\/www.europesays.com\/no\/wp-json\/wp\/v2\/media\/125049"}],"wp:attachment":[{"href":"https:\/\/www.europesays.com\/no\/wp-json\/wp\/v2\/media?parent=125048"}],"wp:term":[{"taxonomy":"category","embeddable":true,"href":"https:\/\/www.europesays.com\/no\/wp-json\/wp\/v2\/categories?post=125048"},{"taxonomy":"post_tag","embeddable":true,"href":"https:\/\/www.europesays.com\/no\/wp-json\/wp\/v2\/tags?post=125048"}],"curies":[{"name":"wp","href":"https:\/\/api.w.org\/{rel}","templated":true}]}}