{"id":12507,"date":"2025-08-19T18:19:08","date_gmt":"2025-08-19T18:19:08","guid":{"rendered":"https:\/\/www.europesays.com\/no\/12507\/"},"modified":"2025-08-19T18:19:08","modified_gmt":"2025-08-19T18:19:08","slug":"sondre-guttormsen-nest-sist-i-diamond-league-stevnet-i-lausanne","status":"publish","type":"post","link":"https:\/\/www.europesays.com\/no\/12507\/","title":{"rendered":"Sondre Guttormsen nest sist i Diamond League-stevnet i Lausanne"},"content":{"rendered":"\n<p class=\"_lead_1bvmi_2 _lead_xtcu6_50 layout-component text-serif-m layout-normal text-serif-l layout-component layout-wide layout-padded _wide_17hqh_1 layout-padded\">Sondre Guttormsen (26) fikk det ikke til \u00e5 stemme og ble nummer ni i stav under Diamond League-stevnet i Lausanne.<\/p>\n<p><img alt=\"Sondre Guttormsen greide ikke \u00e5 bli blant de beste i tirsdagens Diamond League-konkurranse i stav. Her er han fra innend\u00f8rs-EM i mars.  Foto: Beate Oma Dahle \/ NTB\" class=\"_image_qp4xg_65 layout-component layout-wide\" data-fullscreen- data-track-element-type=\"Article image fullscreen\" data-track-name=\"ImageFullscreen\" fetchpriority=\"high\" decoding=\"sync\" loading=\"eager\" height=\"3132\" itemprop=\"image\"  src=\"https:\/\/www.europesays.com\/no\/wp-content\/uploads\/2025\/08\/5e428b7d-43e4-40cf-96ba-6e71175629dc\"  style=\"object-position:0% 0%\" width=\"4698\"\/>Sondre Guttormsen greide ikke \u00e5 bli blant de beste i tirsdagens Diamond League-konkurranse i stav. Her er han fra innend\u00f8rs-EM i mars.  Foto: Beate Oma Dahle \/ NTB<\/p>\n<ul aria-hidden=\"true\" class=\"_images_1y6fe_106\">\n<li><a class=\"_link_1y6fe_111\" href=\"https:\/\/www.vg.no\/forfatter\/ntb\" style=\"z-index:1\" title=\"NTB\" rel=\"nofollow noopener\" target=\"_blank\"><img alt=\"Bilde av NTB\" class=\"_image_1y6fe_88\" fetchpriority=\"low\" loading=\"lazy\" decoding=\"async\" itemprop=\"image\"  src=\"https:\/\/www.europesays.com\/no\/wp-content\/uploads\/2025\/08\/1755627548_391_c33980b0-5d07-4027-84a1-813f90a7c8d6\"  width=\"480\"\/><\/a><\/li>\n<\/ul>\n<p> Oppdatert tirsdag 19. august kl. 19:38     <\/p>\n<p class=\"_paragraph_1bvmi_4 _paragraph_xtcu6_10 layout-component text-serif-m layout-normal text-serif-m layout-padded\">Han tok seg lett over 5,42 meter p\u00e5 f\u00f8rste fors\u00f8k, men s\u00e5 stoppet det helt opp. Guttormsen rev to ganger p\u00e5 5,72 f\u00f8r han ga det et fors\u00f8k p\u00e5 5,82. <\/p>\n<p class=\"_paragraph_1bvmi_4 _paragraph_xtcu6_10 layout-component text-serif-m layout-normal text-serif-m layout-padded\">Det gikk ikke, og han endte nest sist i et felt p\u00e5 ti mann.<\/p>\n<p class=\"_paragraph_1bvmi_4 _paragraph_xtcu6_10 layout-component text-serif-m layout-normal text-serif-m layout-padded\">Guttormsen har 5,90 som \u00e5rsbeste fra innend\u00f8rs-EM i mars. Hans personlige rekord lyder p\u00e5 6,00 og ble satt i 2023.<\/p>\n<p class=\"_paragraph_1bvmi_4 _paragraph_xtcu6_10 layout-component text-serif-m layout-normal text-serif-m layout-padded\">Tirsdagens konkurranse var stavhopperens 16. s\u00e5 langt i sesongen. Guttormsen er for lengst kvalifisert for neste m\u00e5neds VM i Tokyo.<\/p>\n<p class=\"_paragraph_1bvmi_4 _paragraph_xtcu6_10 layout-component text-serif-m layout-normal text-serif-m layout-padded\">Stav\u00f8velsen i Lausanne ble vunnet av grekeren Emmanouil Karalis. Han var alene om \u00e5 svinge seg over b\u00e5de 5,92 og 6,02.<\/p>\n<p class=\"_paragraph_1bvmi_4 _paragraph_xtcu6_10 layout-component text-serif-m layout-normal text-serif-m layout-padded\">Onsdag arrangeres resten av det sveitsiske Diamond League-stevnet, og da skal Henriette J\u00e6ger (400 m) og Sigrid Borge (spyd) i aksjon.<\/p>\n","protected":false},"excerpt":{"rendered":"Sondre Guttormsen (26) fikk det ikke til \u00e5 stemme og ble nummer ni i stav under Diamond League-stevnet&hellip;\n","protected":false},"author":2,"featured_media":12508,"comment_status":"","ping_status":"","sticky":false,"template":"","format":"standard","meta":{"footnotes":""},"categories":[59],"tags":[2049,423,30,28,29,2476,83,82],"class_list":{"0":"post-12507","1":"post","2":"type-post","3":"status-publish","4":"format-standard","5":"has-post-thumbnail","7":"category-sport","8":"tag-diamond-league","9":"tag-friidrett","10":"tag-no","11":"tag-norge","12":"tag-norway","13":"tag-sondre-guttormsen","14":"tag-sport","15":"tag-sports"},"share_on_mastodon":{"url":"","error":""},"_links":{"self":[{"href":"https:\/\/www.europesays.com\/no\/wp-json\/wp\/v2\/posts\/12507","targetHints":{"allow":["GET"]}}],"collection":[{"href":"https:\/\/www.europesays.com\/no\/wp-json\/wp\/v2\/posts"}],"about":[{"href":"https:\/\/www.europesays.com\/no\/wp-json\/wp\/v2\/types\/post"}],"author":[{"embeddable":true,"href":"https:\/\/www.europesays.com\/no\/wp-json\/wp\/v2\/users\/2"}],"replies":[{"embeddable":true,"href":"https:\/\/www.europesays.com\/no\/wp-json\/wp\/v2\/comments?post=12507"}],"version-history":[{"count":0,"href":"https:\/\/www.europesays.com\/no\/wp-json\/wp\/v2\/posts\/12507\/revisions"}],"wp:featuredmedia":[{"embeddable":true,"href":"https:\/\/www.europesays.com\/no\/wp-json\/wp\/v2\/media\/12508"}],"wp:attachment":[{"href":"https:\/\/www.europesays.com\/no\/wp-json\/wp\/v2\/media?parent=12507"}],"wp:term":[{"taxonomy":"category","embeddable":true,"href":"https:\/\/www.europesays.com\/no\/wp-json\/wp\/v2\/categories?post=12507"},{"taxonomy":"post_tag","embeddable":true,"href":"https:\/\/www.europesays.com\/no\/wp-json\/wp\/v2\/tags?post=12507"}],"curies":[{"name":"wp","href":"https:\/\/api.w.org\/{rel}","templated":true}]}}