{"id":125081,"date":"2025-12-30T20:54:09","date_gmt":"2025-12-30T20:54:09","guid":{"rendered":"https:\/\/www.europesays.com\/no\/125081\/"},"modified":"2025-12-30T20:54:09","modified_gmt":"2025-12-30T20:54:09","slug":"nyttar-fyrverkeri-her-kan-du-oppleve-gratis-fyrverkerishow-budstikka","status":"publish","type":"post","link":"https:\/\/www.europesays.com\/no\/125081\/","title":{"rendered":"Nytt\u00e5r, Fyrverkeri | Her kan du oppleve gratis fyrverkerishow &#8211; Budstikka"},"content":{"rendered":"<ol>\n<li><a href=\"https:\/\/news.google.com\/rss\/articles\/CBMihwFBVV95cUxObHZKU2dsS09uckJCRlNhM3k0Y2dOSmhwSEZUMUxIVWlGb3kycVpaU2VFWnBHWC1hTV9IVFg4eXRYWGpYdG95WHA5TlBPV3UxN253SGZlQ1E1Ny12TlBhSHMwZG9FbTFaclV6clk4a2dsZlB3UUE5eFdiRGRRMV9FMmpadS1SbTA?oc=5\" target=\"_blank\" rel=\"nofollow noopener\">Nytt\u00e5r, Fyrverkeri | Her kan du oppleve gratis fyrverkerishow<\/a>&nbsp;&nbsp;Budstikka<\/li>\n<li><a href=\"https:\/\/news.google.com\/rss\/articles\/CBMingFBVV95cUxNNjVySTFwTzdSNndJcnRnaDdBdkNVRlp1SFRKQVg3WXE5UENBOGI3bjFfakJGekc4RUw0OWxLekZRb3dadlRSa0oyeTNDajJqTE14T2NrdnJvV2NBNDY1NHpGVXB0SDMwRkNGQ1RQSy1hYkhsek5GVHhqaE9kQ29sM1hVOWJZajhsRzdkRHEzdmJLSVN0OWdZek1yV0xtUQ?oc=5\" target=\"_blank\" rel=\"nofollow noopener\">Flere kommuner betaler ikke for fyrverkeri: \u2013 For kostbart<\/a>&nbsp;&nbsp;NRK<\/li>\n<li><a href=\"https:\/\/news.google.com\/rss\/articles\/CBMikwFBVV95cUxQalBXQ0kwNDIyR0NMYURmYnNYd3NUTWxER1BvSF91dXN0UThLVmdVYWZTYXBzY3IzbW51STBibUdDaGRiUHhtNmNDNzFZRUtuXzN1d2Jud2pMMXhYZEhxTmxYQkxlaTRDSHotd1RHODE2N1N5YXNCM3Y0ajRyVEJuNjZ2RjJGWFB5bFZUck8tTDVWV2M?oc=5\" target=\"_blank\" rel=\"nofollow noopener\">Dette m\u00e5 du vite hvis du skal v\u00e6re i Bergen p\u00e5 nytt\u00e5rsaften<\/a>&nbsp;&nbsp;Bergens Tidende<\/li>\n<li><a href=\"https:\/\/news.google.com\/rss\/articles\/CBMidkFVX3lxTE5XZTJaQ2Fva19fX3RUazRwak1MdU1LaVNJd2doNTh4ZDBTM19Eb19RdEx0VnJKMHVKMVdvS2s1WHVuYVI2VTlYOGd4M0Z2c3N5UTloMFI2bGprUmx0akJKU285UFFMWDlGWU14UUExQ0prcTZiQ1E?oc=5\" target=\"_blank\" rel=\"nofollow noopener\">\u2013 For meg var noe av motivasjonen bak felles fyrverkeri \u00e5 begrense privat oppskyting<\/a>&nbsp;&nbsp;banett.no<\/li>\n<li><a href=\"https:\/\/news.google.com\/rss\/articles\/CBMijgFBVV95cUxNUEtKb3JIcm1WbWljeXJUNXowZzhDMm1QbmZlVk82U0w5cWpCZDBIUktVZXdidGpOMVNJZWFBZVBaaGJLOGQyZjUxODRGNFNzd1g4bTh6bkIyWDh6ZTZ3S20wUnBMekItSTR6NkZuRG5pODIwdVdseVY0dm51Z0pwUF9aN0NBZ2NUQXlEbFln?oc=5\" target=\"_blank\" rel=\"nofollow noopener\">Slik ligg det an med fellesfyrverkeria<\/a>&nbsp;&nbsp;vestlandsnytt.no<\/li>\n<\/ol>\n","protected":false},"excerpt":{"rendered":"Nytt\u00e5r, Fyrverkeri | Her kan du oppleve gratis fyrverkerishow&nbsp;&nbsp;Budstikka Flere kommuner betaler ikke for fyrverkeri: \u2013 For kostbart&nbsp;&nbsp;NRK&hellip;\n","protected":false},"author":2,"featured_media":125082,"comment_status":"","ping_status":"","sticky":false,"template":"","format":"standard","meta":{"footnotes":""},"categories":[10],"tags":[20,21,24,25,15,22,23,13,30,28,29,14,16,26,27],"class_list":{"0":"post-125081","1":"post","2":"type-post","3":"status-publish","4":"format-standard","5":"has-post-thumbnail","7":"category-norge","8":"tag-breaking-news","9":"tag-breakingnews","10":"tag-featured-news","11":"tag-featurednews","12":"tag-headlines","13":"tag-latest-news","14":"tag-latestnews","15":"tag-news","16":"tag-no","17":"tag-norge","18":"tag-norway","19":"tag-nyheter","20":"tag-overskrifter","21":"tag-top-stories","22":"tag-topstories"},"share_on_mastodon":{"url":"https:\/\/pubeurope.com\/@no\/115810511337069737","error":""},"_links":{"self":[{"href":"https:\/\/www.europesays.com\/no\/wp-json\/wp\/v2\/posts\/125081","targetHints":{"allow":["GET"]}}],"collection":[{"href":"https:\/\/www.europesays.com\/no\/wp-json\/wp\/v2\/posts"}],"about":[{"href":"https:\/\/www.europesays.com\/no\/wp-json\/wp\/v2\/types\/post"}],"author":[{"embeddable":true,"href":"https:\/\/www.europesays.com\/no\/wp-json\/wp\/v2\/users\/2"}],"replies":[{"embeddable":true,"href":"https:\/\/www.europesays.com\/no\/wp-json\/wp\/v2\/comments?post=125081"}],"version-history":[{"count":0,"href":"https:\/\/www.europesays.com\/no\/wp-json\/wp\/v2\/posts\/125081\/revisions"}],"wp:featuredmedia":[{"embeddable":true,"href":"https:\/\/www.europesays.com\/no\/wp-json\/wp\/v2\/media\/125082"}],"wp:attachment":[{"href":"https:\/\/www.europesays.com\/no\/wp-json\/wp\/v2\/media?parent=125081"}],"wp:term":[{"taxonomy":"category","embeddable":true,"href":"https:\/\/www.europesays.com\/no\/wp-json\/wp\/v2\/categories?post=125081"},{"taxonomy":"post_tag","embeddable":true,"href":"https:\/\/www.europesays.com\/no\/wp-json\/wp\/v2\/tags?post=125081"}],"curies":[{"name":"wp","href":"https:\/\/api.w.org\/{rel}","templated":true}]}}