{"id":125095,"date":"2025-12-30T21:15:16","date_gmt":"2025-12-30T21:15:16","guid":{"rendered":"https:\/\/www.europesays.com\/no\/125095\/"},"modified":"2025-12-30T21:15:16","modified_gmt":"2025-12-30T21:15:16","slug":"minneord-sport-minneord-sivert-guttorm-bakken-1998-2025","status":"publish","type":"post","link":"https:\/\/www.europesays.com\/no\/125095\/","title":{"rendered":"Minneord, Sport | Minneord \u2013 Sivert Guttorm Bakken (1998\u20132025)"},"content":{"rendered":"\n<p>\u00abDu skal ha en j\u00e6vlig god grunn til \u00e5 trene mindre enn to timer.\u00bb <\/p>\n<p>Det sitatet sier mye om Sivert.<\/p>\n<p>Siden han begynte p\u00e5 NTG Lillehammer i 2014, dreide livet hans seg om skiskyting. Han var et naturlig midtpunkt i gruppa \u2013 han trente mest, trente best og stilte h\u00f8yest krav, b\u00e5de til seg selv og til de rundt seg. Resultatene lot ikke vente p\u00e5 seg. Allerede i 2016 vant han Ungdoms-OL p\u00e5 hjemmebane. P\u00e5 tribunen sto mamma Mette og pappa Sveinung og heiste det norske flagget \u2013 selvf\u00f8lgelig som funksjon\u00e6rer.<\/p>\n<p>Da Sivert kom inn p\u00e5 rekruttlaget i 2019, ble han raskt en av de viktigste drivkreftene i \u00e5 bygge prestasjonskulturen blant rekruttgutta. Laget dyrket rollen som underdogs, med et tydelig m\u00e5l: \u00e5 trene bedre enn de beste \u2013 og bli best p\u00e5 utvikling. Sivert sto helt i front for denne kulturen, til tross for utfordringer med hjerteflimmer underveis.<\/p>\n<p>I 2022 kom det store gjennombruddet: seier p\u00e5 fellesstarten under verdenscupfinalen i Holmenkollen. Samme v\u00e5r ble han tatt ut p\u00e5 elitelaget. S\u00e5 kom tilbakeslaget. Hjerteposebetennelse f\u00f8rte til to \u00e5r helt uten fysisk trening. To \u00e5r p\u00e5 sidelinja. <\/p>\n<p>Men Sivert brukte tiden. P\u00e5 skytebanen tok han niv\u00e5et sitt fra allerede sv\u00e6rt h\u00f8yt \u2013 til noe av det r\u00e5este vi har sett. Han var blant v\u00e5re beste skyttere f\u00f8r sykdommen. Etterp\u00e5 var han i en klasse for seg.<\/p>\n<p>V\u00e5ren 2024 startet han helt p\u00e5 nytt, utenfor landslagssystemet, med en utrent kropp. Steg for steg bygget han seg opp igjen. Nok til \u00e5 kunne konkurrere i november. Han visste at han ikke var like fysisk sterk som konkurrentene, og at han m\u00e5tte l\u00f8se konkurransene smart. Det gjorde han. Sivert perfeksjonerte pacing-strategi og satte en ny standard. \u00abSmart skiskyting\u00bb kalte vi det. Det ble en greie \u2013 rolige \u00e5pninger, full kontroll \u2013 og maksimal uttelling av det han hadde inne. Siste snappen fra Sivert var etter femteplassen i Le Grand Bornand der han smilte og s\u00e5 sto det \u00absmart skiskyting\u00bb.<\/p>\n<p>Han kvalifiserte til IBU Cup p\u00e5 f\u00f8rste fors\u00f8k. I l\u00f8pet av vinteren ble han europamester. I sin comebacksesong. En sesong som, ut fra forutsetningene, egentlig skulle v\u00e6rt umulig.<\/p>\n<p>Sesongen etter var han tilbake p\u00e5 rekruttlaget \u2013 med den samme gutteaktige iveren som tre \u00e5r tidligere. I sin andre sesong etter comebacket kvalifiserte han seg til verdenscup, ble nummer fire i debuten og gjorde seg h\u00f8yaktuell for OL-deltakelse. Dessverre skulle det aldri bli noe av.<\/p>\n<p>Comebacket til Sivert var s\u00e5 unikt at det n\u00e6rmest ble et fenomen. \u00c5 komme tilbake fra noe slikt krever en helt spesiell drive \u2013 en drive vi aldri har sett maken til. Mens Sivert l\u00e5 p\u00e5 sofaen i to \u00e5r, fortsatte utviklingen uten ham. Likevel fant han motivasjon til \u00e5 komme tilbake \u2013 og p\u00e5 sikt bli bedre enn alle. Med blikket festet langt fram i tid. Mot VM i 2029.<\/p>\n<p>Aldri har vi m\u00f8tt en ut\u00f8ver med et s\u00e5 langsiktig perspektiv. \u00c5 ligge utrent som 25-\u00e5ring \u2013 og samtidig legge konkrete planer for hvordan han skulle v\u00e6re best som 31-\u00e5ring. Det paradoksale var at nettopp dette lange perspektivet gjorde ham friere her og n\u00e5. Han slapp seg l\u00f8s \u2013 og presterte bedre ogs\u00e5 p\u00e5 kort sikt.<\/p>\n<p>S\u00e5 hvem var egentlig Sivert?<\/p>\n<p>Han s\u00f8kte utfordringer, men ikke risiko. Han var alltid den f\u00f8rste som tok fram tauet for \u00e5 sikre n\u00e5r vi skulle krysse en bre. Den som tok en ekstra sikringsdag etter sykdom. Han elsket det r\u00e5, elsket \u00e5 pushe komfortsonen \u2013 men aldri over grensa.<\/p>\n<p>Han var ikke den som viste de st\u00f8rste f\u00f8lelsene. Likevel visste de som sto ham n\u00e6r alltid hvor de hadde ham. Sivert stilte h\u00f8ye krav til omgivelsene \u2013 p\u00e5 den gode m\u00e5ten. Han maste, spurte, gravde. Han ville forst\u00e5, ha sparring, utvikle. Han l\u00f8ftet ideer og gikk helst foran.<\/p>\n<p>Han var ekstremt dedikert. Ikke bare til skiskyting, men til livet som skulle komme etterp\u00e5. For selv om han valgte skiskyting, elsket han fjellet mer enn noe annet. Mellom \u00f8ktene planla han fjellturer i off season og store prosjekter han skulle gjennomf\u00f8re den dagen han la opp. Det er hjerteskj\u00e6rende \u00e5 tenke p\u00e5 n\u00e5.<\/p>\n<p>Sivert l\u00e5 alltid i front. Som trener m\u00e5tte man aldri jage ham ut p\u00e5 \u00f8kt \u2013 men ofte m\u00e5tte man g\u00e5 ut for \u00e5 hente ham inn til lunsj. Han elsket det han holdt p\u00e5 med, og utstr\u00e5lte en glede, trygghet og selvtillit som smittet over alle rundt ham.<\/p>\n<p>Han h\u00f8stet enorm respekt for sin seri\u00f8sitet \u2013 samtidig som han var leken. Han ville gj\u00f8re \u00f8ktene lengre, r\u00e5ere, mer dyriske. \u00c5 g\u00e5 p\u00e5 kompromiss med kvalitet var aldri et alternativ.<\/p>\n<p>Med Sivert har vi mistet en foregangsmann for idretten v\u00e5r. Kanskje den st\u00f8rste inspiratoren vi noen gang har hatt. Vi har mistet en av v\u00e5re aller beste ut\u00f8vere \u2013 og en n\u00e6r, varm og god venn.<\/p>\n<p>Vi er s\u00f8nderknust. Og akkurat n\u00e5 klarer vi ikke helt \u00e5 se hvor veien g\u00e5r videre.<\/p>\n<p>Men vi vet \u00e9n ting: Arven etter Sivert lever videre \u2013 i kulturen han var med \u00e5 bygge, i standardene han satte, og i menneskene han l\u00f8ftet rundt seg.<\/p>\n","protected":false},"excerpt":{"rendered":"\u00abDu skal ha en j\u00e6vlig god grunn til \u00e5 trene mindre enn to timer.\u00bb Det sitatet sier mye&hellip;\n","protected":false},"author":2,"featured_media":125096,"comment_status":"","ping_status":"","sticky":false,"template":"","format":"standard","meta":{"footnotes":""},"categories":[59],"tags":[36,1427,692,30,28,29,1533,769,83,82],"class_list":{"0":"post-125095","1":"post","2":"type-post","3":"status-publish","4":"format-standard","5":"has-post-thumbnail","7":"category-sport","8":"tag-art","9":"tag-lillehammer","10":"tag-minneord","11":"tag-no","12":"tag-norge","13":"tag-norway","14":"tag-opinion","15":"tag-skiskyting","16":"tag-sport","17":"tag-sports"},"share_on_mastodon":{"url":"https:\/\/pubeurope.com\/@no\/115810594193261702","error":""},"_links":{"self":[{"href":"https:\/\/www.europesays.com\/no\/wp-json\/wp\/v2\/posts\/125095","targetHints":{"allow":["GET"]}}],"collection":[{"href":"https:\/\/www.europesays.com\/no\/wp-json\/wp\/v2\/posts"}],"about":[{"href":"https:\/\/www.europesays.com\/no\/wp-json\/wp\/v2\/types\/post"}],"author":[{"embeddable":true,"href":"https:\/\/www.europesays.com\/no\/wp-json\/wp\/v2\/users\/2"}],"replies":[{"embeddable":true,"href":"https:\/\/www.europesays.com\/no\/wp-json\/wp\/v2\/comments?post=125095"}],"version-history":[{"count":0,"href":"https:\/\/www.europesays.com\/no\/wp-json\/wp\/v2\/posts\/125095\/revisions"}],"wp:featuredmedia":[{"embeddable":true,"href":"https:\/\/www.europesays.com\/no\/wp-json\/wp\/v2\/media\/125096"}],"wp:attachment":[{"href":"https:\/\/www.europesays.com\/no\/wp-json\/wp\/v2\/media?parent=125095"}],"wp:term":[{"taxonomy":"category","embeddable":true,"href":"https:\/\/www.europesays.com\/no\/wp-json\/wp\/v2\/categories?post=125095"},{"taxonomy":"post_tag","embeddable":true,"href":"https:\/\/www.europesays.com\/no\/wp-json\/wp\/v2\/tags?post=125095"}],"curies":[{"name":"wp","href":"https:\/\/api.w.org\/{rel}","templated":true}]}}