{"id":125100,"date":"2025-12-30T21:21:15","date_gmt":"2025-12-30T21:21:15","guid":{"rendered":"https:\/\/www.europesays.com\/no\/125100\/"},"modified":"2025-12-30T21:21:15","modified_gmt":"2025-12-30T21:21:15","slug":"flukten-fra-bolivia-madelaine-rodriguez-om-tv-serien","status":"publish","type":"post","link":"https:\/\/www.europesays.com\/no\/125100\/","title":{"rendered":"Flukten fra Bolivia: Madelaine Rodriguez om TV-serien"},"content":{"rendered":"\n<ul class=\"_list_o9xde_3 _list_64s2r_85 _unordered_o9xde_106 text-sans-m\">\n<li class=\"_item_o9xde_30\">Kokaind\u00f8mte Madelaine Rodriguez mener TV 2-serien \u00abFlukten fra Bolivia\u00bb er en seier for henne. <\/li>\n<li class=\"_item_o9xde_30\">Etter 17 \u00e5r er hun fortsatt fanget i Bolivia, til tross for at fengselsstraffen i praksis er ferdigsonet. <\/li>\n<li class=\"_item_o9xde_30\">N\u00e5 h\u00e5per hun \u00e5 samle inn nok penger til \u00e5 engasjere en advokat som kan hjelpe henne videre. <\/li>\n<\/ul>\n<p>Vis mer <\/p>\n<p class=\"_paragraph_o9xde_4 _paragraph_xtcu6_10 layout-component text-serif-m layout-normal text-serif-m layout-padded\">\u00abFlukten fra <a href=\"https:\/\/www.vg.no\/tag\/bolivia?utm_source=vg-article&amp;utm_medium=auto-tagger&amp;utm_campaign=y53KAE\" class=\"_link_o9xde_39\" rel=\"nofollow noopener\" target=\"_blank\">Bolivia<\/a>\u00bb er blant de mest sette seriene p\u00e5 TV 2 i romjulen.<\/p>\n<p class=\"_paragraph_o9xde_4 _paragraph_xtcu6_10 layout-component text-serif-m layout-normal text-serif-m layout-padded\">TV-serien er basert p\u00e5 en virkelig hendelse: For 17 \u00e5r siden ble Madelaine Rodriguez (21), en \u00f8stlandsjente (17) og en s\u00f8rlandskvinne (18) p\u00e5grepet p\u00e5 flyplassen i Cochabamba etter at boliviansk politi fant 11 pakker med kokain gjemt i bagasjen deres.<\/p>\n<p class=\"_paragraph_o9xde_4 _paragraph_xtcu6_10 layout-component text-serif-m layout-normal text-serif-m layout-padded\">\u2013 Jeg synes serien er bra. Den ble bedre enn forventet. Jeg var litt skeptisk, selv om jeg har hatt kontakt med de som har laget serien, s\u00e5 visste jeg ikke hvordan den kom til \u00e5 bli, forteller Madelaine til VG.<\/p>\n<p class=\"_paragraph_o9xde_4 _paragraph_xtcu6_10 layout-component text-serif-m layout-normal text-serif-m layout-padded\">Hun kalles \u00abMichelle\u00bb i TV-serien, og rollen spilles av Josephine Tetlie. I serien skildres dramaet som oppsto da de to andre jentene hevdet de var lurt og la skylden p\u00e5 Madelaine Rodriguez. De r\u00f8mte senere fra Bolivia, mens hun ble igjen i fengsel.<\/p>\n<p class=\"_paragraph_o9xde_4 _paragraph_xtcu6_10 layout-component text-serif-m layout-normal text-serif-m layout-padded\">\u2013 Jeg f\u00f8ler TV-serien er en seier for meg. Det er mer min versjon enn deres versjon, sier Madelaine Rodriguez p\u00e5 telefon fra Bolivia.<\/p>\n<p><img alt=\"ARBEIDER SOM PT: Madelaine Rodriguez har tre jobber i Bolivia for \u00e5 skaffe nok inntekter. Hun er personlig trener, vakt p\u00e5 nattklubb og jobber for en musikkgruppe. Bildet er fra mai 2022.  Foto: Bj\u00f8rnar Konglevoll Bekkevard \/ VG\" class=\"_image_qp4xg_65 layout-component layout-normal\" data-fullscreen- data-track-element-type=\"Article image fullscreen\" data-track-name=\"ImageFullscreen\" decoding=\"async\" loading=\"lazy\" height=\"4280\" itemprop=\"image\"  src=\"https:\/\/www.europesays.com\/no\/wp-content\/uploads\/2025\/12\/c66eb53b-cf14-4190-8bc6-4e46220b8fa9.png\"  style=\"object-position:0% 0%\" width=\"6420\"\/>ARBEIDER SOM PT: Madelaine Rodriguez har tre jobber i Bolivia for \u00e5 skaffe nok inntekter. Hun er personlig trener, vakt p\u00e5 nattklubb og jobber for en musikkgruppe. Bildet er fra mai 2022.  Foto: Bj\u00f8rnar Konglevoll Bekkevard \/ VG<\/p>\n<p class=\"_paragraph_o9xde_4 _paragraph_xtcu6_10 layout-component text-serif-m layout-normal text-serif-m layout-padded\">TV 2 p\u00e5peker at serien er et fiksjonsdrama, selv om den er inspirert av virkelige hendelser. De understreker at de ikke tar stilling til faktiske rettsprosesser i TV-serien.<\/p>\n<p class=\"_paragraph_o9xde_4 _paragraph_xtcu6_10 layout-component text-serif-m layout-normal text-serif-m layout-padded\">\u2013 Noe er inspirert av virkeligheten, noe har vi m\u00e5ttet legge til for at det skal bli en spenningsserie, sa serieskaper Emilie Beck i et <a href=\"https:\/\/www.vg.no\/rampelys\/i\/pB69ej\/flukten-fra-bolivia-skaper-emilie-k-beck-jeg-var-i-sjokk\" data-track-element-type=\"Link\" data-track-id=\"link:pB69ej\" class=\"_link_o9xde_39\" rel=\"nofollow noopener\" target=\"_blank\">VG-intervju<\/a> da TV-serien ble lansert.<\/p>\n<p> To av jentene r\u00f8mte<\/p>\n<p class=\"_paragraph_o9xde_4 _paragraph_xtcu6_10 layout-component text-serif-m layout-normal text-serif-m layout-padded\">Den 18 \u00e5r gamle s\u00f8rlandskvinnen fikk hjelp av Utenriksdepartementet, slik at hun kunne fly hjem med n\u00f8dpass etter at hun hadde r\u00f8mt fra Bolivia. <\/p>\n<p class=\"_paragraph_o9xde_4 _paragraph_xtcu6_10 layout-component text-serif-m layout-normal text-serif-m layout-padded\">Hun ble senere tiltalt av p\u00e5talemyndighetenp\u00e5talemyndighetenDette er de offentlige myndighetene som har ansvar for \u00e5 etterforske straffesaker og f\u00f8re dem for retten.  i Norge for kokainsmugling, men ble frikjent i to rettsinstanser. Hennes advokat <a href=\"https:\/\/www.vg.no\/nyheter\/i\/Pd9mR7\/gjoer-underholdning-av-tragiske-hendelser\" data-track-element-type=\"Link\" data-track-id=\"link:Pd9mR7\" class=\"_link_o9xde_39\" rel=\"nofollow noopener\" target=\"_blank\">reagerer sterkt p\u00e5 TV-serien<\/a>.<\/p>\n<p class=\"_paragraph_o9xde_4 _paragraph_xtcu6_10 layout-component text-serif-m layout-normal text-serif-m layout-padded\">Den 17 \u00e5r gamle \u00f8stlandsjenta flyktet via Brasil og fl\u00f8y hjem med falskt pass etter \u00e5 ha f\u00e5tt hjelp av mannebladet \u00abAlfa\u00bb, sikkerhetsfirmaet ABP World Group og en norsk milliard\u00e6r. <\/p>\n<p class=\"_paragraph_o9xde_4 _paragraph_xtcu6_10 layout-component text-serif-m layout-normal text-serif-m layout-padded\">Hun ble aldri tiltalt i Norge, siden hun hadde sonet deler av straffen i Bolivia, og loven forbyr at man straffes to ganger for samme forhold.<\/p>\n<p><img alt=\"P\u00c5 CELLA: Madelaine Rodriguez avbildet p\u00e5 fengselscella i 2015.  Foto: Thomas Nilsson \/ VG\" class=\"_image_qp4xg_65 layout-component layout-normal\" data-fullscreen- data-track-element-type=\"Article image fullscreen\" data-track-name=\"ImageFullscreen\" decoding=\"async\" loading=\"lazy\" height=\"3840\" itemprop=\"image\"  src=\"https:\/\/www.europesays.com\/no\/wp-content\/uploads\/2025\/12\/f2991361-9664-49c7-8341-627965e5ffaf.jpeg\"  style=\"object-position:0% 0%\" width=\"5760\"\/>P\u00c5 CELLA: Madelaine Rodriguez avbildet p\u00e5 fengselscella i 2015.  Foto: Thomas Nilsson \/ VG<\/p>\n<p class=\"_paragraph_o9xde_4 _paragraph_xtcu6_10 layout-component text-serif-m layout-normal text-serif-m layout-padded\">Mens de to andre jentene returnerte til Norge i 2010 og 2011, er Madelaine Rodriguez fortsatt i Bolivia. I l\u00f8pet av tiden i S\u00f8r-Amerika har hun f\u00e5tt tre barn. Hun har ogs\u00e5 en 19 \u00e5r gammel datter i Norge.<\/p>\n<p> \u2013 Gjorde veldig vondt<\/p>\n<p class=\"_paragraph_o9xde_4 _paragraph_xtcu6_10 layout-component text-serif-m layout-normal text-serif-m layout-padded\">Da hun ble p\u00e5grepet p\u00e5 flyplassen, var hun 21 \u00e5r gammel. Neste \u00e5r fyller hun 40 \u00e5r.<\/p>\n<p class=\"_paragraph_o9xde_4 _paragraph_xtcu6_10 layout-component text-serif-m layout-normal text-serif-m layout-padded\">\u2013 Da jeg s\u00e5 serien, ble jeg brakt tilbake til den tiden. Da vi ble fengslet, kom foreldrene til de to andre veldig ofte, men ikke min familie, forteller Madelaine.<\/p>\n<p class=\"_paragraph_o9xde_4 _paragraph_xtcu6_10 layout-component text-serif-m layout-normal text-serif-m layout-padded\">Hennes n\u00e6rmeste hadde ikke penger til \u00e5 reise ned til Bolivia og hjelpe henne p\u00e5 samme m\u00e5te.<\/p>\n<p class=\"_paragraph_o9xde_4 _paragraph_xtcu6_10 layout-component text-serif-m layout-normal text-serif-m layout-padded\">\u2013 M\u00e5ten de andre familiene behandlet meg p\u00e5, gjorde veldig vondt, sier Madelaine.<\/p>\n<p><img alt=\"KOFFERTENE: Kort tid etter p\u00e5gripelsen brant boliviansk politi opp kokainbeslaget. Kripos i Norge mente senere at det var rundt 11 kilo kokain, ikke 22,4 kilo. Boliviansk politi veide kokainen sammen med bagene som den ble oppbevart i.  Foto: Mattis Sandblad \/ VG\" class=\"_image_qp4xg_65 layout-component layout-normal\" data-fullscreen- data-track-element-type=\"Article image fullscreen\" data-track-name=\"ImageFullscreen\" decoding=\"async\" loading=\"lazy\" height=\"2912\" itemprop=\"image\"  src=\"https:\/\/www.europesays.com\/no\/wp-content\/uploads\/2025\/12\/4728176c-f203-410f-8cdb-dd827d9d66a5.png\"  style=\"object-position:0% 0%\" width=\"4368\"\/>KOFFERTENE: Kort tid etter p\u00e5gripelsen brant boliviansk politi opp kokainbeslaget. Kripos i Norge mente senere at det var rundt 11 kilo kokain, ikke 22,4 kilo. Boliviansk politi veide kokainen sammen med bagene som den ble oppbevart i.  Foto: Mattis Sandblad \/ VG<\/p>\n<p class=\"_paragraph_o9xde_4 _paragraph_xtcu6_10 layout-component text-serif-m layout-normal text-serif-m layout-padded\">Madelaine Rodriguez ble i 2010 d\u00f8mt til 13 \u00e5r og fire m\u00e5neder i fengsel for smuglingsfors\u00f8ket. Etter \u00e5 ha sonet \u00e5tte \u00e5r i fengsel, ble hun l\u00f8slatt p\u00e5 kausjonkausjonDette er en sum penger som betales for \u00e5 midlertidig l\u00f8slate en person fra fengsel. Pengene brukes som sikkerhet for at vedkommende ikke skal r\u00f8mme. i 2016.<\/p>\n<p class=\"_paragraph_o9xde_4 _paragraph_xtcu6_10 layout-component text-serif-m layout-normal text-serif-m layout-padded\">Kausjonen kunne hun betale fordi en norsk lokalpolitiker hjalp henne med penger.<\/p>\n<p class=\"_paragraph_o9xde_4 _paragraph_xtcu6_10 layout-component text-serif-m layout-normal text-serif-m layout-padded\">N\u00e5 har det g\u00e5tt 17 \u00e5r, men Madelaine Rodriguez er fortsatt fanget i Cochabamba.<\/p>\n<p class=\"_paragraph_o9xde_4 _paragraph_xtcu6_10 layout-component text-serif-m layout-normal text-serif-m layout-padded\">\u2013 Det burde ikke v\u00e6rt lov. Jeg har en dom p\u00e5 13 \u00e5r og s\u00e5 er jeg her fortsatt etter 17 \u00e5r. Det er brudd p\u00e5 menneskerettighetene. Skal jeg betale for en feil resten av livet mitt?<\/p>\n<p> M\u00e5 trolig tilbake i fengsel<\/p>\n<p class=\"_paragraph_o9xde_4 _paragraph_xtcu6_10 layout-component text-serif-m layout-normal text-serif-m layout-padded\">If\u00f8lge boliviansk lov kan hun ikke be om pr\u00f8vel\u00f8slatelse n\u00e5r hun er ute p\u00e5 kausjon. For \u00e5 f\u00e5 avsluttet straffesaken, m\u00e5 hun trolig tilbake i fengsel.<\/p>\n<p class=\"_paragraph_o9xde_4 _paragraph_xtcu6_10 layout-component text-serif-m layout-normal text-serif-m layout-padded\">Dette til tross for at hun egentlig har sonet ferdig straffen &#8211; med fradraget hun f\u00e5r for fengselsarbeid.<\/p>\n<p class=\"_paragraph_o9xde_4 _paragraph_xtcu6_10 layout-component text-serif-m layout-normal text-serif-m layout-padded\">\u2013 Da m\u00e5 jeg sitte der, s\u00e5 lenge det tar \u00e5 gj\u00f8re papirarbeidet. Hvor lang tid det tar, er avhengig av hvor flink advokaten er, for \u00e5 si det s\u00e5nn. Det kan g\u00e5 fort, eller det kan g\u00e5 sakte, sier hun.<\/p>\n<p><img alt=\"I RETTEN: Madelaine Rodriguez avbildet under rettssaken i 2010.  Foto: G\u00f6ran Bohlin \/ VG\" class=\"_image_qp4xg_65 layout-component layout-normal\" data-fullscreen- data-track-element-type=\"Article image fullscreen\" data-track-name=\"ImageFullscreen\" decoding=\"async\" loading=\"lazy\" height=\"2832\" itemprop=\"image\"  src=\"https:\/\/www.europesays.com\/no\/wp-content\/uploads\/2025\/12\/ccf97e98-3f95-4f53-a909-830fba25cd14.jpeg\"  style=\"object-position:0% 0%\" width=\"4256\"\/>I RETTEN: Madelaine Rodriguez avbildet under rettssaken i 2010.  Foto: G\u00f6ran Bohlin \/ VG<\/p>\n<p class=\"_paragraph_o9xde_4 _paragraph_xtcu6_10 layout-component text-serif-m layout-normal text-serif-m layout-padded\">KorrupsjonKorrupsjonDette er misbruk av makt for personlig gevinst, ofte gjennom bestikkelser eller ulovlige avtaler. er et stort problem i Bolivia, ogs\u00e5 i rettssystemet. Mange straffesaker blir liggende i \u00e5revis uten endelig dom, mens de som har mye penger, kan betale seg ut og slippe straff.<\/p>\n<p class=\"_paragraph_o9xde_4 _paragraph_xtcu6_10 layout-component text-serif-m layout-normal text-serif-m layout-padded\">I forbindelse med at TV-serien har gitt saken fornyet oppmerksomhet, har Madelaines s\u00f8ster i Norge startet en ny pengeinnsamling for \u00e5 hjelpe henne.<\/p>\n<p class=\"_paragraph_o9xde_4 _paragraph_xtcu6_10 layout-component text-serif-m layout-normal text-serif-m layout-padded\">\u2013 Jeg har en datter i Norge som aldri har hatt mammaen sin. Og det ligger p\u00e5 samvittigheten min. Skj\u00f8nner du? Det er noe som gj\u00f8r vondt, forteller Madelaine Rodriguez.<\/p>\n<p class=\"_paragraph_o9xde_4 _paragraph_xtcu6_10 layout-component text-serif-m layout-normal text-serif-m layout-padded\">M\u00e5let er \u00e5 samle inn nok penger til at hun kan f\u00e5 hjelp fra en dyktig advokat i Bolivia.<\/p>\n<p class=\"_paragraph_o9xde_4 _paragraph_xtcu6_10 layout-component text-serif-m layout-normal text-serif-m layout-padded\">\u2013 Jeg vil bli ordentlig fri. Ikke \u00abfalsk fri\u00bb, hvis du skj\u00f8nner hva jeg mener. <\/p>\n<p class=\"_paragraph_o9xde_4 _paragraph_xtcu6_10 layout-component text-serif-m layout-normal text-serif-m layout-padded\">\u2013 Hvor lang tid vil det ta?<\/p>\n<p class=\"_paragraph_o9xde_4 _paragraph_xtcu6_10 layout-component text-serif-m layout-normal text-serif-m layout-padded\">\u2013 Jeg h\u00e5per jeg har kommet mye lenger om seks m\u00e5neder. Kanskje jeg allerede har f\u00e5tt pr\u00f8vel\u00f8slatelse, eller at jeg i det minste vet hva som skal skje, sier Madelaine til VG.<\/p>\n<p class=\"_paragraph_o9xde_4 _paragraph_xtcu6_10 layout-component text-serif-m layout-normal text-serif-m layout-padded\">PS: <a href=\"https:\/\/podme.com\/no\/podkast\/krimpodden-vg\/\" class=\"_link_o9xde_39\" rel=\"nofollow noopener\" target=\"_blank\">Krimpodden<\/a> kommer 5. januar med egne Bolivia-episoder p\u00e5 Podme.<\/p>\n<p class=\"_paragraph_o9xde_4 _paragraph_xtcu6_10 layout-component text-serif-m layout-normal text-serif-m layout-padded\"><strong class=\"_strong_o9xde_25\">I 2022 m\u00f8tte vi Madelaine Rodriguez i Bolivia. Se VG-dokumentaren her:<\/strong><\/p>\n<p>Les ogs\u00e5<\/p>\n","protected":false},"excerpt":{"rendered":"Kokaind\u00f8mte Madelaine Rodriguez mener TV 2-serien \u00abFlukten fra Bolivia\u00bb er en seier for henne. Etter 17 \u00e5r er&hellip;\n","protected":false},"author":2,"featured_media":125101,"comment_status":"","ping_status":"","sticky":false,"template":"","format":"standard","meta":{"footnotes":""},"categories":[5],"tags":[14459,20,21,24,25,15,19,6388,22,23,17,18,13,30,28,29,14,16,26,27,208],"class_list":{"0":"post-125100","1":"post","2":"type-post","3":"status-publish","4":"format-standard","5":"has-post-thumbnail","7":"category-overskrifter","8":"tag-bolivia","9":"tag-breaking-news","10":"tag-breakingnews","11":"tag-featured-news","12":"tag-featurednews","13":"tag-headlines","14":"tag-hovedoppslag","15":"tag-kokain","16":"tag-latest-news","17":"tag-latestnews","18":"tag-main-news","19":"tag-mainnews","20":"tag-news","21":"tag-no","22":"tag-norge","23":"tag-norway","24":"tag-nyheter","25":"tag-overskrifter","26":"tag-top-stories","27":"tag-topstories","28":"tag-tv-2"},"share_on_mastodon":{"url":"https:\/\/pubeurope.com\/@no\/115810617650112815","error":""},"_links":{"self":[{"href":"https:\/\/www.europesays.com\/no\/wp-json\/wp\/v2\/posts\/125100","targetHints":{"allow":["GET"]}}],"collection":[{"href":"https:\/\/www.europesays.com\/no\/wp-json\/wp\/v2\/posts"}],"about":[{"href":"https:\/\/www.europesays.com\/no\/wp-json\/wp\/v2\/types\/post"}],"author":[{"embeddable":true,"href":"https:\/\/www.europesays.com\/no\/wp-json\/wp\/v2\/users\/2"}],"replies":[{"embeddable":true,"href":"https:\/\/www.europesays.com\/no\/wp-json\/wp\/v2\/comments?post=125100"}],"version-history":[{"count":0,"href":"https:\/\/www.europesays.com\/no\/wp-json\/wp\/v2\/posts\/125100\/revisions"}],"wp:featuredmedia":[{"embeddable":true,"href":"https:\/\/www.europesays.com\/no\/wp-json\/wp\/v2\/media\/125101"}],"wp:attachment":[{"href":"https:\/\/www.europesays.com\/no\/wp-json\/wp\/v2\/media?parent=125100"}],"wp:term":[{"taxonomy":"category","embeddable":true,"href":"https:\/\/www.europesays.com\/no\/wp-json\/wp\/v2\/categories?post=125100"},{"taxonomy":"post_tag","embeddable":true,"href":"https:\/\/www.europesays.com\/no\/wp-json\/wp\/v2\/tags?post=125100"}],"curies":[{"name":"wp","href":"https:\/\/api.w.org\/{rel}","templated":true}]}}