{"id":125104,"date":"2025-12-30T21:23:14","date_gmt":"2025-12-30T21:23:14","guid":{"rendered":"https:\/\/www.europesays.com\/no\/125104\/"},"modified":"2025-12-30T21:23:14","modified_gmt":"2025-12-30T21:23:14","slug":"keyyo-petrushina-avslorer-ny-kjaereste-intim-klem-med-melodifestivalen-stjerne","status":"publish","type":"post","link":"https:\/\/www.europesays.com\/no\/125104\/","title":{"rendered":"Keyyo Petrushina avsl\u00f8rer ny kj\u00e6reste: Intim klem med Melodifestivalen-stjerne"},"content":{"rendered":"<p class=\"kicker t20\" style=\"\">Kristina \u00abKeyyo\u00bb Petrushina:\u00a0<\/p>\n<p>  Den svenske influenseren og komikeren har v\u00e6rt p\u00e5 leting etter en \u00abkjekkas\u00bb \u00e5 dele livet med. N\u00e5 har hun funnet lykken.\u00a0<\/p>\n<p>\n    KJ\u00c6RESTER: Etter bilde og kommentarene og tolke kan det virke som den popul\u00e6re komikeren har funnet lykken med artisten Kristoffer Greczula. Foto: Instagram \/ @Keyylo\n  <\/p>\n<p id=\"text\" class=\"svelte-1bgec1z\">I samarbeid med<\/p>\n<p>     <img decoding=\"async\" src=\"https:\/\/www.europesays.com\/no\/wp-content\/uploads\/2025\/12\/fishermansFriend.png\" alt=\"kommersiell logo\" class=\"svelte-1bgec1z\"\/>          <\/p>\n<p> Komiker Kristina \u00abKeyyo\u00bb Petrushina (28) er en av Sveriges st\u00f8rste TV-profiler.\u00a0<\/p>\n<p>Til tross for stor medieinteresse rundt privatlivet hennes, holder hun vanligvis kortene tett til brystet. <\/p>\n<p>    <a itemprop=\"url\" href=\"https:\/\/www.dagbladet.no\/kjendis\/flytter-til-frankrike\/84041860\" rel=\"nofollow noopener\" target=\"_blank\"><\/p>\n<p>        <img loading=\"lazy\" decoding=\"async\" src=\"https:\/\/www.europesays.com\/no\/wp-content\/uploads\/2025\/12\/84041788.webp.webp\" width=\"980\" height=\"441\" title=\"Flytter til Frankrike\" alt=\"\" class=\"lazyload\" style=\"--aspect-ratio-image: 2.22; \"\/><\/p>\n<p>        Flytter til Frankrike<\/p>\n<p>    <\/a><\/p>\n<p> Men like f\u00f8r \u00e5rsskiftet deler den popul\u00e6re profilen et Instagram-innlegg for \u00e5 oppsummerer \u00e5ret som har g\u00e5tt, og det f\u00f8rste bildet vekker oppsikt hos f\u00f8lgerne. <\/p>\n<p>Her kan hun sees i en het omfavnelse med Melodifestivalen-deltaker Kristoffer Greczula (33). <\/p>\n<p>        <img loading=\"lazy\" decoding=\"async\" src=\"https:\/\/www.europesays.com\/no\/wp-content\/uploads\/2025\/12\/84042073.webp.webp\" width=\"667\" height=\"861\" title=\"KLEM: Artisten dukker opp i flere av bildene Kristina delte p\u00e5 instagram. Foto: instagram \/ @keyyo\" alt=\"\" class=\"\" style=\"--aspect-ratio-image: 0.77; \"\/><\/p>\n<p>\n        KLEM: Artisten dukker opp i flere av bildene Kristina delte p\u00e5 instagram. Foto: instagram \/ @keyyo\n    <\/p>\n<p> \u00ab2025 &#8211; takk for alt\u00bb, skriver hun til bildene. <\/p>\n<p>TV-profilen, som ledet \u00e5rets Melodifestival sammen med Edvin T\u00f6rnblom (29), har tidligere v\u00e6rt \u00e5pen om at hun er singel og er p\u00e5 s\u00f8ken etter mannen i sitt liv.\u00a0<\/p>\n<p>Hun har blant annet datet p\u00e5 TV i sitt eget program \u00abKeyyo dejtar en Mellohunk\u00bb hvor hun m\u00f8tte ulike Melodifestival-profiler.<\/p>\n<p>Men n\u00e5 ser det ut til at hun har funnet sin Melodifestival-kjekkas. P\u00e5 bildene som hun delte p\u00e5 Instagram, sees hun klemme Greczula, som kom p\u00e5 tredjeplass i \u00e5rets konkurranse med l\u00e5ten \u00abBelieve Me\u00bb.<\/p>\n<p>        <img loading=\"lazy\" decoding=\"async\" src=\"https:\/\/www.europesays.com\/no\/wp-content\/uploads\/2025\/12\/84042063.webp.webp\" width=\"686\" height=\"453\" title=\"PROGRAMLEDER: Kristina ledet \u00abMelodifestivalen\u00bb sammen med komiker Edvin T\u00f6rnblom. Samme konkurranse som hennes utk\u00e5rede deltok i. Foto: Jeppe Gustafsson \/ NTB\" alt=\"\" class=\"\" style=\"--aspect-ratio-image: 1.51; \"\/><\/p>\n<p>\n        PROGRAMLEDER: Kristina ledet \u00abMelodifestivalen\u00bb sammen med komiker Edvin T\u00f6rnblom. Samme konkurranse som hennes utk\u00e5rede deltok i. Foto: Jeppe Gustafsson \/ NTB\n    <\/p>\n","protected":false},"excerpt":{"rendered":"Kristina \u00abKeyyo\u00bb Petrushina:\u00a0 Den svenske influenseren og komikeren har v\u00e6rt p\u00e5 leting etter en \u00abkjekkas\u00bb \u00e5 dele livet&hellip;\n","protected":false},"author":2,"featured_media":125105,"comment_status":"","ping_status":"","sticky":false,"template":"","format":"standard","meta":{"footnotes":""},"categories":[58],"tags":[71,479,2543,14760,30,28,29,72],"class_list":{"0":"post-125104","1":"post","2":"type-post","3":"status-publish","4":"format-standard","5":"has-post-thumbnail","7":"category-underholdning","8":"tag-entertainment","9":"tag-kjendis","10":"tag-kjendisdesken","11":"tag-kristina-keyyo-petrushina","12":"tag-no","13":"tag-norge","14":"tag-norway","15":"tag-underholdning"},"share_on_mastodon":{"url":"https:\/\/pubeurope.com\/@no\/115810625348638262","error":""},"_links":{"self":[{"href":"https:\/\/www.europesays.com\/no\/wp-json\/wp\/v2\/posts\/125104","targetHints":{"allow":["GET"]}}],"collection":[{"href":"https:\/\/www.europesays.com\/no\/wp-json\/wp\/v2\/posts"}],"about":[{"href":"https:\/\/www.europesays.com\/no\/wp-json\/wp\/v2\/types\/post"}],"author":[{"embeddable":true,"href":"https:\/\/www.europesays.com\/no\/wp-json\/wp\/v2\/users\/2"}],"replies":[{"embeddable":true,"href":"https:\/\/www.europesays.com\/no\/wp-json\/wp\/v2\/comments?post=125104"}],"version-history":[{"count":0,"href":"https:\/\/www.europesays.com\/no\/wp-json\/wp\/v2\/posts\/125104\/revisions"}],"wp:featuredmedia":[{"embeddable":true,"href":"https:\/\/www.europesays.com\/no\/wp-json\/wp\/v2\/media\/125105"}],"wp:attachment":[{"href":"https:\/\/www.europesays.com\/no\/wp-json\/wp\/v2\/media?parent=125104"}],"wp:term":[{"taxonomy":"category","embeddable":true,"href":"https:\/\/www.europesays.com\/no\/wp-json\/wp\/v2\/categories?post=125104"},{"taxonomy":"post_tag","embeddable":true,"href":"https:\/\/www.europesays.com\/no\/wp-json\/wp\/v2\/tags?post=125104"}],"curies":[{"name":"wp","href":"https:\/\/api.w.org\/{rel}","templated":true}]}}