{"id":125108,"date":"2025-12-30T21:27:13","date_gmt":"2025-12-30T21:27:13","guid":{"rendered":"https:\/\/www.europesays.com\/no\/125108\/"},"modified":"2025-12-30T21:27:13","modified_gmt":"2025-12-30T21:27:13","slug":"nyhet-strom-ekstrem-norgespris-effekt-98-prosent-lonnsomt","status":"publish","type":"post","link":"https:\/\/www.europesays.com\/no\/125108\/","title":{"rendered":"Nyhet, Str\u00f8m | Ekstrem Norgespris-effekt: 98 prosent l\u00f8nnsomt"},"content":{"rendered":"\n<p><a href=\"www.nettavisen.no\" rel=\"Follow\">(Nettavisen): <\/a>N\u00e5 er det klart: Desember ble nok en m\u00e5ned der Norgespris med en fastpris p\u00e5 50 ble l\u00f8nnsomt i hele landet, med unntak av Nord-Norge.<\/p>\n<p><b>I Midt-Norge fikk de s\u00e5gar \u00e5rets dyreste str\u00f8m, med en snittpris p\u00e5 73,3 kroner per kWh inkludert mva.<\/b><\/p>\n<p>Lenger s\u00f8r ble det enda h\u00f8yere priser, selv om det var en liten nedgang fra november.<\/p>\n<p>Sammenlignet med desember 2024 er det prisoppgang over hele landet.<\/p>\n<p>If\u00f8lge <a href=\"https:\/\/www.strompriser.no\/\" rel=\"Follow nofollow noopener\" target=\"_blank\">Strompriser.no<\/a> har en gjennomsnittlig husholdning i \u00d8stlandet spart ca. 580 kroner ved \u00e5 velge Norgespris i desember. Lenger s\u00f8r besparelsen n\u00e6r 600 kroner.<\/p>\n<p>\u2013 Tallene er tydelige: I 98 prosent av timene i desember var det billigere med Norgespris enn vanlig spotpris inkludert str\u00f8mst\u00f8tte. Husholdninger med Norgespris betalte fast 50 \u00f8re\/kWh, forteller Alf-Henning Drage, mannen bak tjenesten.<\/p>\n<p><b>Ser man de tre f\u00f8rste m\u00e5nedene med Norgespris under ett, viser hans beregninger en total besparelse p\u00e5 1360 kroner.<\/b><\/p>\n<p>\u2013 Det er fortsatt mange som kan spare store bel\u00f8p p\u00e5 \u00e5 velge Norgespris, og v\u00e5r anbefaling er klar: Med Norgespris unng\u00e5r du b\u00e5de prissjokkene og usikkerheten som f\u00f8lger med dagens spotmarked, sier Drage.<\/p>\n<p>En annerledes m\u00e5ned<\/p>\n<p>Prishoppet skjer i en desemberm\u00e5ned som har v\u00e6rt ganske spesiell: M\u00e5neden begynte med unormalt h\u00f8ye temperaturer, uten at det s\u00e5 ut til \u00e5 p\u00e5virke str\u00f8mprisene noe s\u00e6rlig.<\/p>\n<p>S\u00e5 skjedde ikke det vi opplever nesten hver jul: Lave str\u00f8mpriser.<\/p>\n<p>Historisk har julen v\u00e6rt preget av lavt forbruk og lave priser, men i \u00e5r holdt str\u00f8mprisene seg jevnt h\u00f8ye gjennom den stille tiden \u2013 riktignok uten de helt store pristoppene.<\/p>\n<p>\u00c5rsaken ser vi ut til \u00e5 finne i str\u00f8meksporten: Vanligvis har vannkraftprodusenter spart p\u00e5 vannet i denne perioden, og ofte har det v\u00e6rt mye import. I \u00e5rets romjul har derimot str\u00f8meksporten har fortsatt \u00e5 g\u00e5 i stort tempo.<\/p>\n<p><b>Tall fra Statnett viser at hele 98 prosent av bruken av utenlandskabler fra 20. desember og fram til n\u00e5 har v\u00e6rt eksport.<\/b><\/p>\n<p>Str\u00f8mprisene \u00f8kte i 2025 \u2013 i halve landet<\/p>\n<p>Ser vi p\u00e5 de gjennomsnittlige str\u00f8mprisene for hele 2025, ser vi et Norge som er tydelig delt i to:<\/p>\n<p>Prisene \u00f8kte i de tre s\u00f8rlige prisomr\u00e5dene sammenlignet med 2024.<\/p>\n<p>Dyrest ble det lengst s\u00f8r, der str\u00f8mmen i gjennomsnitt har kostet n\u00e6r 96 \u00f8re gjennom hele \u00e5ret, en \u00f8kning p\u00e5 30 prosent fra i fjor. Det er praktisk talt det samme som i 2021, \u00e5ret da str\u00f8mpriskrisen startet.<\/p>\n<p>Situasjonen lenger nord i landet var ganske annerledes, med lange perioder preget av overfylte vannkraftmagasiner som presset prisene ned p\u00e5 et minimumsniv\u00e5.<\/p>\n","protected":false},"excerpt":{"rendered":"(Nettavisen): N\u00e5 er det klart: Desember ble nok en m\u00e5ned der Norgespris med en fastpris p\u00e5 50 ble&hellip;\n","protected":false},"author":2,"featured_media":124866,"comment_status":"","ping_status":"","sticky":false,"template":"","format":"standard","meta":{"footnotes":""},"categories":[10],"tags":[36,20,21,24,25,15,22,23,13,30,28,3333,29,447,14,16,1510,243,26,27],"class_list":{"0":"post-125108","1":"post","2":"type-post","3":"status-publish","4":"format-standard","5":"has-post-thumbnail","7":"category-norge","8":"tag-art","9":"tag-breaking-news","10":"tag-breakingnews","11":"tag-featured-news","12":"tag-featurednews","13":"tag-headlines","14":"tag-latest-news","15":"tag-latestnews","16":"tag-news","17":"tag-no","18":"tag-norge","19":"tag-norgespris","20":"tag-norway","21":"tag-nyhet","22":"tag-nyheter","23":"tag-overskrifter","24":"tag-story","25":"tag-strom","26":"tag-top-stories","27":"tag-topstories"},"share_on_mastodon":{"url":"https:\/\/pubeurope.com\/@no\/115810641160268871","error":""},"_links":{"self":[{"href":"https:\/\/www.europesays.com\/no\/wp-json\/wp\/v2\/posts\/125108","targetHints":{"allow":["GET"]}}],"collection":[{"href":"https:\/\/www.europesays.com\/no\/wp-json\/wp\/v2\/posts"}],"about":[{"href":"https:\/\/www.europesays.com\/no\/wp-json\/wp\/v2\/types\/post"}],"author":[{"embeddable":true,"href":"https:\/\/www.europesays.com\/no\/wp-json\/wp\/v2\/users\/2"}],"replies":[{"embeddable":true,"href":"https:\/\/www.europesays.com\/no\/wp-json\/wp\/v2\/comments?post=125108"}],"version-history":[{"count":0,"href":"https:\/\/www.europesays.com\/no\/wp-json\/wp\/v2\/posts\/125108\/revisions"}],"wp:featuredmedia":[{"embeddable":true,"href":"https:\/\/www.europesays.com\/no\/wp-json\/wp\/v2\/media\/124866"}],"wp:attachment":[{"href":"https:\/\/www.europesays.com\/no\/wp-json\/wp\/v2\/media?parent=125108"}],"wp:term":[{"taxonomy":"category","embeddable":true,"href":"https:\/\/www.europesays.com\/no\/wp-json\/wp\/v2\/categories?post=125108"},{"taxonomy":"post_tag","embeddable":true,"href":"https:\/\/www.europesays.com\/no\/wp-json\/wp\/v2\/tags?post=125108"}],"curies":[{"name":"wp","href":"https:\/\/api.w.org\/{rel}","templated":true}]}}