{"id":12511,"date":"2025-08-19T18:28:06","date_gmt":"2025-08-19T18:28:06","guid":{"rendered":"https:\/\/www.europesays.com\/no\/12511\/"},"modified":"2025-08-19T18:28:06","modified_gmt":"2025-08-19T18:28:06","slug":"ulansert-philips-hue-produkt-dukket-opp-hos-testkunde-rykte","status":"publish","type":"post","link":"https:\/\/www.europesays.com\/no\/12511\/","title":{"rendered":"Ulansert Philips Hue-produkt dukket opp hos testkunde &#8211; Rykte"},"content":{"rendered":"<p class=\"df\" data-clearfix=\"false\">Fikk Philips Hue Bridge Pro f\u00f8r lansering.<\/p>\n<p><img alt=\"Kun noen dager etter at Philips Hue lekket sitt eget produkt ved en feiltagelse, fikk en Reddit-bruker det sendt i posten.\" fetchpriority=\"high\" width=\"1500\" height=\"993\" decoding=\"async\" data-nimg=\"1\" class=\"gV\" style=\"color:transparent\"   src=\"https:\/\/www.europesays.com\/no\/wp-content\/uploads\/2025\/08\/0793a3ea-69a4-4571-ae8c-280500ce5472\"\/><\/p>\n<p class=\"kS\">Kun noen dager etter at Philips Hue lekket sitt eget produkt ved en feiltagelse, fikk en Reddit-bruker det sendt i posten.<\/p>\n<p>KameraSignify<\/p>\n<p><a class=\"tv\" href=\"https:\/\/www.tek.no\/skribenter\/18337138-5953-49fa-bee5-2e16f86b11d6\/jan-dydland\" rel=\"nofollow noopener\" target=\"_blank\"><img alt=\"Jan Sarzuelo Dydland\" loading=\"lazy\" width=\"60\" height=\"60\" decoding=\"async\" data-nimg=\"1\" class=\"tx\" style=\"color:transparent\"  src=\"https:\/\/www.europesays.com\/no\/wp-content\/uploads\/2025\/08\/d41256ae-8cbb-4d70-8ee1-f125e58209e6\"\/><\/a>Lagre<img decoding=\"async\" alt=\"\" aria-hidden=\"true\" src=\"https:\/\/chart.googleapis.com\/chart?choe=UTF-8&amp;chl=https:\/\/www.tek.no\/nyheter\/rykte\/i\/73228W\/philips-hue-bridge-pro-oppdaget-av-testbruker&amp;chs=100x100&amp;cht=qr&amp;chld=L|0\"\/><\/p>\n<p class=\"ht\" data-clearfix=\"false\">Flere nye Philips Hue-produkter har blitt lekket, og ett av dem har til og med havnet i hendene til en Reddit-bruker. Brukeren delte bilder av enheten p\u00e5 <a class=\"pL kr\" href=\"https:\/\/www.reddit.com\/r\/Hue\/comments\/1mrl87b\/what_to_do_with_this_thing\/\" rel=\"noopener nofollow\" target=\"_blank\">Reddit<\/a> og spurte hva han skulle gj\u00f8re med den.<\/p>\n<p class=\"ht\" data-clearfix=\"false\">\u2013 Jeg vet ikke noe om smart belysning, men som en Lowes-anmelder fikk jeg nettopp en Bridge Pro, skrev brukeren u\/TugBuilder p\u00e5 l\u00f8rdag.<\/p>\n<p class=\"ht\" data-clearfix=\"false\">Testbrukeren hadde f\u00e5tt enheten gjennom et testprogram fra den amerikanske butikkjeden Lowe&#8217;s, som har nesten 2000 butikker og fokuserer p\u00e5 husholdningsapparater og byggevarer.<\/p>\n<p class=\"ht\" data-clearfix=\"false\">Selv om QR-koden p\u00e5 baksiden av Bridge Pro ikke fungerte i Hue-appen, klarte brukeren \u00e5 koble til enheten manuelt. Han bekreftet ogs\u00e5 at Wi-Fi-tilkoblingen fungerte.<\/p>\n<p class=\"ht\" data-clearfix=\"false\"><a class=\"pL kr\" href=\"https:\/\/hueblog.com\/2025\/08\/18\/hue-bridge-pro-spotted-in-the-wild\/\" rel=\"noopener nofollow\" target=\"_blank\">Hueblog<\/a> fors\u00f8kte \u00e5 kontakte testbrukeren for mer informasjon, men han avslo alle foresp\u00f8rsler.<\/p>\n<p class=\"ht\" data-clearfix=\"false\">\u2013 Til alle de h\u00e5pefulle bloggerne som sender meg direktemeldinger: Takk for interessen, men nei, jeg kommer ikke til \u00e5 sende dere enheten, skrev han.<\/p>\n<p><a class=\"hz\" href=\"http:\/\/www.tek.no\/nyheter\/rykte\/i\/73228W\/philips-hue-bridge-pro-oppdaget-av-testbruker#lekket-flere-produkter\" rel=\"nofollow noopener\" target=\"_blank\">Lekket flere produkter<\/a><img loading=\"lazy\" width=\"1500\" height=\"885\" decoding=\"async\" data-nimg=\"1\" class=\"gV\" style=\"color:transparent\"   src=\"https:\/\/www.europesays.com\/no\/wp-content\/uploads\/2025\/08\/5b302839-27e9-49f8-b9cb-366251ae873c\"\/><\/p>\n<p>KameraSignify<\/p>\n<p class=\"ht\" data-clearfix=\"false\">Forrige uke  hadde Philips Hue ved et uhell lagt ut informasjon om Bridge Pro og flere nye produkter p\u00e5 sin egen nettside, if\u00f8lge <a class=\"pL kr\" href=\"https:\/\/hueblog.com\/2025\/08\/14\/hue-bridge-pro-and-other-new-products-appear-on-the-hue-website\/\" rel=\"noopener nofollow\" target=\"_blank\">Hueblog<\/a>.<\/p>\n<p class=\"ht\" data-clearfix=\"false\">Der beskrev selskapet Bridge Pro som \u00abv\u00e5r mest avanserte smarthjem-hub som er raskere, har mer kapasitet og l\u00e5ser opp flere funksjoner enn noen gang f\u00f8r\u00bb.<\/p>\n<p class=\"ht\" data-clearfix=\"false\">Bridge Pro blir da den f\u00f8rste nye belysningshuben til Philips Hue siden 2015, da Philips Hue Bridge v2 ble lansert.<\/p>\n<p class=\"ht\" data-clearfix=\"false\">Den nye Bridge Pro skal ogs\u00e5 ha en spesiell MotionAware-teknologi som kan gj\u00f8re smartlys om til bevegelsessensorer.<\/p>\n<p><img loading=\"lazy\" width=\"1500\" height=\"1058\" decoding=\"async\" data-nimg=\"1\" class=\"gV\" style=\"color:transparent\"   src=\"https:\/\/www.europesays.com\/no\/wp-content\/uploads\/2025\/08\/7b03c631-dc29-4681-82a4-690c41fe8760\"\/><\/p>\n<p>KameraSignify<\/p>\n<p class=\"ht\" data-clearfix=\"false\">I tillegg viser siden Phillips Hues nye video-ringeklokke, lysslenge, LED-stripe og en ny E27-p\u00e6re som skal bruke 40 prosent mindre energi.<\/p>\n<p class=\"ht\" data-clearfix=\"false\">Men det sto ingenting om pris eller tekniske detaljer rundt produktene.<\/p>\n<p class=\"ht\" data-clearfix=\"false\">Nettsiden ble fjernet i ettertid, men <a class=\"pL kr\" href=\"https:\/\/www.appgefahren.de\/downloads\/PhilipsHueWebsite.pdf\" rel=\"noopener nofollow\" target=\"_blank\">Hueblog lagret siden som en PDF<\/a>, hvis du vil kikke p\u00e5 den.<\/p>\n<p class=\"ht\" data-clearfix=\"false\">Hueblog mener den tidlige distribusjonen tyder p\u00e5 at en lansering sannsynligvis vil skje i september.<\/p>\n","protected":false},"excerpt":{"rendered":"Fikk Philips Hue Bridge Pro f\u00f8r lansering. Kun noen dager etter at Philips Hue lekket sitt eget produkt&hellip;\n","protected":false},"author":2,"featured_media":12512,"comment_status":"","ping_status":"","sticky":false,"template":"","format":"standard","meta":{"footnotes":""},"categories":[57],"tags":[30,28,29,65,63,64,66,70,69,67,68],"class_list":{"0":"post-12511","1":"post","2":"type-post","3":"status-publish","4":"format-standard","5":"has-post-thumbnail","7":"category-vitenskap-og-teknologi","8":"tag-no","9":"tag-norge","10":"tag-norway","11":"tag-science","12":"tag-science-and-technology","13":"tag-scienceandtechnology","14":"tag-technology","15":"tag-teknologi","16":"tag-vitenskap","17":"tag-vitenskap-og-teknologi","18":"tag-vitenskapteknologi"},"share_on_mastodon":{"url":"","error":""},"_links":{"self":[{"href":"https:\/\/www.europesays.com\/no\/wp-json\/wp\/v2\/posts\/12511","targetHints":{"allow":["GET"]}}],"collection":[{"href":"https:\/\/www.europesays.com\/no\/wp-json\/wp\/v2\/posts"}],"about":[{"href":"https:\/\/www.europesays.com\/no\/wp-json\/wp\/v2\/types\/post"}],"author":[{"embeddable":true,"href":"https:\/\/www.europesays.com\/no\/wp-json\/wp\/v2\/users\/2"}],"replies":[{"embeddable":true,"href":"https:\/\/www.europesays.com\/no\/wp-json\/wp\/v2\/comments?post=12511"}],"version-history":[{"count":0,"href":"https:\/\/www.europesays.com\/no\/wp-json\/wp\/v2\/posts\/12511\/revisions"}],"wp:featuredmedia":[{"embeddable":true,"href":"https:\/\/www.europesays.com\/no\/wp-json\/wp\/v2\/media\/12512"}],"wp:attachment":[{"href":"https:\/\/www.europesays.com\/no\/wp-json\/wp\/v2\/media?parent=12511"}],"wp:term":[{"taxonomy":"category","embeddable":true,"href":"https:\/\/www.europesays.com\/no\/wp-json\/wp\/v2\/categories?post=12511"},{"taxonomy":"post_tag","embeddable":true,"href":"https:\/\/www.europesays.com\/no\/wp-json\/wp\/v2\/tags?post=12511"}],"curies":[{"name":"wp","href":"https:\/\/api.w.org\/{rel}","templated":true}]}}