{"id":125115,"date":"2025-12-30T21:48:36","date_gmt":"2025-12-30T21:48:36","guid":{"rendered":"https:\/\/www.europesays.com\/no\/125115\/"},"modified":"2025-12-30T21:48:36","modified_gmt":"2025-12-30T21:48:36","slug":"nyheter-arnes-to-innbrudd-pa-to-maneder-det-er-demotiverende-raumnes","status":"publish","type":"post","link":"https:\/\/www.europesays.com\/no\/125115\/","title":{"rendered":"Nyheter, \u00c5rnes | To innbrudd p\u00e5 to m\u00e5neder: \u2013 Det er demotiverende &#8211; Raumnes"},"content":{"rendered":"<ol>\n<li><a href=\"https:\/\/news.google.com\/rss\/articles\/CBMikAFBVV95cUxQS0dHVExiSF9KTjJScmQ0RjYtS1JGZW1fVVBLb3dNZTJWd1pRMXdFQXdPTmJoQ1RrMmtFRU5nNmVmQjBrOGVFVGpETnMybkw4aFY3UFNweHU0T3p5MnVCOEJLMWxKbmNsUmZpMEFGMGRUU1VaUEViT2dzMEtNaWREWTQ3eE1OaWU5NU9nMUhDZ3A?oc=5\" target=\"_blank\" rel=\"nofollow noopener\">Nyheter, \u00c5rnes | To innbrudd p\u00e5 to m\u00e5neder: \u2013 Det er demotiverende<\/a>&nbsp;&nbsp;Raumnes<\/li>\n<li><a href=\"https:\/\/news.google.com\/rss\/articles\/CBMiigFBVV95cUxPbXFGRTNfSlJrS3QxQjJ2QWNFRU9CdTY0WUdaQjBUOFhFZGtzM1dTSDBYVHl1LXdiSjd5aW1ncWpNSF9GVVlEQWZEX094M1BQUUlXNlU3d0hsV2hXdlRkRHdoSmg4SGpIb1NxbGhQN1JTWHlGdGkzSjc4eXVHdWlHMnk0T0dZU0JoX1E?oc=5\" target=\"_blank\" rel=\"nofollow noopener\">Nyheter, Tyveri | Rammet igjen: Stjal varer for 500.000 kroner<\/a>&nbsp;&nbsp;Romerikes Blad<\/li>\n<li><a href=\"https:\/\/news.google.com\/rss\/articles\/CBMijwFBVV95cUxQM2NIQmc0VUpuWTBUaE1hVTdHUHdiNVlCblR1cHBkVFBsRTVtbzB3Sl9FQXRBQlBSMUQ5WERCdmlBZl9ha0pBS1Z0NHo4OEt0MmN6UHVJVk9NNUZHNEtiQ2h2cFBzMkRaUnRhRzc0NHhRcUtaNzViaXpmektqcEZiUnNFWVFfTThWTWhQMDdmdw?oc=5\" target=\"_blank\" rel=\"nofollow noopener\">To innbrudd p\u00e5 to m\u00e5neder: \u2013 Det er demotiverende<\/a>&nbsp;&nbsp;Gl\u00e5mdalen<\/li>\n<li><a href=\"https:\/\/news.google.com\/rss\/articles\/CBMiigFBVV95cUxPU1BuMmg5LWZUTUsxZnpiZmRhNVJ5UktyTlFORUVNYTdkNXVsTzg3amh3SEgwNlZCTi1zNlB5a3dvSmt4aE15eHE3bFUtckZCdUlIcC1aaVl3N1lRT1NIOFhBTV9YVDFyclVyMGRualdaTWJQVWFPeTF5YXE4dTN2N25YUExXOHQwc1E?oc=5\" target=\"_blank\" rel=\"nofollow noopener\">Nyheter, Nes | Nytt innbrudd p\u00e5 Romerike: Stjal for store verdier<\/a>&nbsp;&nbsp;Romerikes Blad<\/li>\n<li><a href=\"https:\/\/news.google.com\/rss\/articles\/CBMiekFVX3lxTE9OQXUybkVyTlY1MzVrRTFwMk1mY2oyRkhJa3NZVnptSjlCR0hHYnF3WURrbF9DUVpUWHNlOUR6WlNZTTZRMFlKXzB6TmJQV1N4eWlxQlMzUzFjU1lldjBYWGRkNC1FdHRmSy1tRnpQWlpCN2tONFhuS1VB?oc=5\" target=\"_blank\" rel=\"nofollow noopener\">Politi, Krim | Politiet etterforsker innbrudd<\/a>&nbsp;&nbsp;Gl\u00e5mdalen<\/li>\n<\/ol>\n","protected":false},"excerpt":{"rendered":"Nyheter, \u00c5rnes | To innbrudd p\u00e5 to m\u00e5neder: \u2013 Det er demotiverende&nbsp;&nbsp;Raumnes Nyheter, Tyveri | Rammet igjen: Stjal&hellip;\n","protected":false},"author":2,"featured_media":125116,"comment_status":"","ping_status":"","sticky":false,"template":"","format":"standard","meta":{"footnotes":""},"categories":[10],"tags":[20,21,24,25,15,22,23,13,30,28,29,14,16,26,27],"class_list":{"0":"post-125115","1":"post","2":"type-post","3":"status-publish","4":"format-standard","5":"has-post-thumbnail","7":"category-norge","8":"tag-breaking-news","9":"tag-breakingnews","10":"tag-featured-news","11":"tag-featurednews","12":"tag-headlines","13":"tag-latest-news","14":"tag-latestnews","15":"tag-news","16":"tag-no","17":"tag-norge","18":"tag-norway","19":"tag-nyheter","20":"tag-overskrifter","21":"tag-top-stories","22":"tag-topstories"},"share_on_mastodon":{"url":"https:\/\/pubeurope.com\/@no\/115810723627362057","error":""},"_links":{"self":[{"href":"https:\/\/www.europesays.com\/no\/wp-json\/wp\/v2\/posts\/125115","targetHints":{"allow":["GET"]}}],"collection":[{"href":"https:\/\/www.europesays.com\/no\/wp-json\/wp\/v2\/posts"}],"about":[{"href":"https:\/\/www.europesays.com\/no\/wp-json\/wp\/v2\/types\/post"}],"author":[{"embeddable":true,"href":"https:\/\/www.europesays.com\/no\/wp-json\/wp\/v2\/users\/2"}],"replies":[{"embeddable":true,"href":"https:\/\/www.europesays.com\/no\/wp-json\/wp\/v2\/comments?post=125115"}],"version-history":[{"count":0,"href":"https:\/\/www.europesays.com\/no\/wp-json\/wp\/v2\/posts\/125115\/revisions"}],"wp:featuredmedia":[{"embeddable":true,"href":"https:\/\/www.europesays.com\/no\/wp-json\/wp\/v2\/media\/125116"}],"wp:attachment":[{"href":"https:\/\/www.europesays.com\/no\/wp-json\/wp\/v2\/media?parent=125115"}],"wp:term":[{"taxonomy":"category","embeddable":true,"href":"https:\/\/www.europesays.com\/no\/wp-json\/wp\/v2\/categories?post=125115"},{"taxonomy":"post_tag","embeddable":true,"href":"https:\/\/www.europesays.com\/no\/wp-json\/wp\/v2\/tags?post=125115"}],"curies":[{"name":"wp","href":"https:\/\/api.w.org\/{rel}","templated":true}]}}