{"id":125117,"date":"2025-12-30T21:50:19","date_gmt":"2025-12-30T21:50:19","guid":{"rendered":"https:\/\/www.europesays.com\/no\/125117\/"},"modified":"2025-12-30T21:50:19","modified_gmt":"2025-12-30T21:50:19","slug":"sport-fotball-pa-bomlo-gnir-de-seg-i-hendene-etter-brann-rivalens-kjopefest","status":"publish","type":"post","link":"https:\/\/www.europesays.com\/no\/125117\/","title":{"rendered":"Sport, Fotball | P\u00e5 B\u00f8mlo gnir de seg i hendene etter Brann-rivalens kj\u00f8pefest"},"content":{"rendered":"\n<p>Brann m\u00e5tte se seg sl\u00e5tt av Troms\u00f8 i kampen om 3.-plassen i eliteserien og n\u00e5 er nordlendingene ogs\u00e5 i r\u00f8dtr\u00f8yenes egen bakg\u00e5rd og henter forsterkninger.<\/p>\n<p>Mandag <a rel=\"Follow nofollow noopener\" href=\"https:\/\/www.til.no\/nyheter\/nyhammer-klar-for-til\" target=\"_blank\">bekreftet<\/a> Troms\u00f8 signeringen av b\u00f8mlingen Troy Nyhammer. Han hentes fra nedrykkslaget Haugesund for en pakke som rapporteres \u00e5 v\u00e6re p\u00e5 rundt 14 millioner kroner, der ti av millionene skal v\u00e6re sikre penger.<\/p>\n<p>Det igjen sender penger tilbake til breddefotballen i Sunnhordland.<\/p>\n<p>Kan bli mer<\/p>\n<p>Nyhammers moderklubb, Bremnes, sikret seg videresalgsprosenter som en del av avtalen da de slapp den driblesterke midtbanespilleren til Haugesund. I tillegg f\u00e5r de en del av .<\/p>\n<p>Rundt \u00e9n million av Troms\u00f8s bronepenger skal derfor etter hvert tikke inn p\u00e5 kontoen til Bremnes. <\/p>\n<p>\u2013 Jeg er ikke helt sikker p\u00e5 tallene enn\u00e5, men hvis vi tar utgangspunkt i de tallene jeg har lest i avisen, s\u00e5 er vi rundt der. Og s\u00e5 kan det vel bli mer om klausulene utl\u00f8ses, sier daglig leder i Bremnes IL, Torbj\u00f8rn Agdestein, til BA.<\/p>\n<p>   <img decoding=\"async\" width=\"2560\" height=\"1712\" fetchpriority=\"low\"  loading=\"lazy\"  src=\"https:\/\/www.europesays.com\/no\/wp-content\/uploads\/2025\/12\/DSC_5263.jpg\" alt=\"Brann - Haugesund p\u00e5 Brann stadion&#10;Eliteserien 2025\" class=\"brick-c-cFOWSL\" style=\"--brick-image-ratio: 2560 \/ 1712;\"\/><\/p>\n<p>      Troy Nyhammer og Joachim Soltvedt i duell da Brann og Haugesund m\u00f8ttes p\u00e5 Stadion tidligere i \u00e5r.<br \/>\n      Foto: ANDERS KJ\u00d8LEN\n    <\/p>\n<p>Det h\u00f8rer ogs\u00e5 med til historien at Troms\u00f8 i sommer kj\u00f8pte en annen b\u00f8mling, Sander Innv\u00e6r. Ogs\u00e5 han ble kj\u00f8pt fra Haugesund, etter at 21-\u00e5ringen hadde tatt steget videre fra Bremnes. Den avtalen sikret moderklubben rundt en halv million kroner.<\/p>\n<p>\u2013 For en klubb som Bremnes er det mye penger som kan utgj\u00f8re en forskjell, men f\u00f8rst og fremst er vi veldig glade p\u00e5 vegne av Troy og Sander (Innv\u00e6r), sier Agdestein.<\/p>\n<p>Nykammerset og Innv\u00e6relset<\/p>\n<p>Bremnes har ikke v\u00e6rt mye \u00e5 skryte av p\u00e5 seniorniv\u00e5 de siste sesongene. Laget rykket i h\u00f8st ned til 5. divisjon, men p\u00e5 breddeniv\u00e5 er Bremnes store med 50 aldersbestemte lag, if\u00f8lge oversikten til Norges fotballforbund. Og det gror \u00e5penbart godt i Sunnhordland.<\/p>\n<p>\u2013 Det er kjempefint at vi har ordninger som s\u00f8rger for at det kommer penger tilbake til bredden. Det skaper sunne og gode rammer og bidrar til mer aktivitet, sier Agdestein.<\/p>\n<p>   <img decoding=\"async\" width=\"480\" height=\"384\" fetchpriority=\"low\"  loading=\"lazy\"  src=\"https:\/\/www.europesays.com\/no\/wp-content\/uploads\/2025\/12\/IMG_60031_1.jpg\" alt=\"\" class=\"brick-c-cFOWSL\" style=\"--brick-image-ratio: 480 \/ 384;\"\/><\/p>\n<p>      Kanskje f\u00e5r man \u00abInnv\u00e6relset\u00bb eller \u00abNykammerset\u00bb i det nye klubbhuset til Bremnes.<br \/>\n      Foto: Frode Sortland\/Bremnes IL\n    <\/p>\n<p>Bremnes IL er et idrettslag best\u00e5ende av flere idretter. Den daglige lederen sier det er naturlig at fotballgruppen skal ha sin del av pengene som m\u00e5tte komme inn for Nyhammer og Innv\u00e6r. Samtidig bygger de i disse dager et nytt klubbhus.<\/p>\n<p>\u2013 Bygget er ferdig utvendig, men mangler innredning. Der kan kanskje pengene komme godt med. Det har allerede kommet forslag om at Sander og Troy i s\u00e5 fall m\u00e5 f\u00e5 et rom oppkalt etter seg, gliser Agdestein.<\/p>\n<p>Stadion neste?<\/p>\n<p>Det har v\u00e6rt en hektisk jul p\u00e5 Alfheim og Nyhammer var Troms\u00f8s tredje kj\u00f8p p\u00e5 bare noen f\u00e5 dager.<\/p>\n<p>F\u00f8rst gjorde det l\u00e5net av Lars Olden Larsen permanent, f\u00f8r de hentet Jesper Grundt fra Kongsvinger. Mandag ble s\u00e5 Troy Nyhammer bekreftet og det er ventet at KFUMs Mathias T\u00f8nnesen skal bli det samme innen kort tid.<\/p>\n<p>Totalt vil de fire overgangene koste Troms\u00f8 n\u00e6rmere 40 millioner kroner.<\/p>\n<p><b>P\u00e5 Stadion derimot har det v\u00e6rt stille som i graven etter at sesongen ble avsluttet i midten av desember. <\/b><\/p>\n","protected":false},"excerpt":{"rendered":"Brann m\u00e5tte se seg sl\u00e5tt av Troms\u00f8 i kampen om 3.-plassen i eliteserien og n\u00e5 er nordlendingene ogs\u00e5&hellip;\n","protected":false},"author":2,"featured_media":125118,"comment_status":"","ping_status":"","sticky":false,"template":"","format":"standard","meta":{"footnotes":""},"categories":[59],"tags":[36,1061,14763,92,30,28,29,83,82,1510],"class_list":{"0":"post-125117","1":"post","2":"type-post","3":"status-publish","4":"format-standard","5":"has-post-thumbnail","7":"category-sport","8":"tag-art","9":"tag-bomlo","10":"tag-bremnes","11":"tag-fotball","12":"tag-no","13":"tag-norge","14":"tag-norway","15":"tag-sport","16":"tag-sports","17":"tag-story"},"share_on_mastodon":{"url":"https:\/\/pubeurope.com\/@no\/115810731485577171","error":""},"_links":{"self":[{"href":"https:\/\/www.europesays.com\/no\/wp-json\/wp\/v2\/posts\/125117","targetHints":{"allow":["GET"]}}],"collection":[{"href":"https:\/\/www.europesays.com\/no\/wp-json\/wp\/v2\/posts"}],"about":[{"href":"https:\/\/www.europesays.com\/no\/wp-json\/wp\/v2\/types\/post"}],"author":[{"embeddable":true,"href":"https:\/\/www.europesays.com\/no\/wp-json\/wp\/v2\/users\/2"}],"replies":[{"embeddable":true,"href":"https:\/\/www.europesays.com\/no\/wp-json\/wp\/v2\/comments?post=125117"}],"version-history":[{"count":0,"href":"https:\/\/www.europesays.com\/no\/wp-json\/wp\/v2\/posts\/125117\/revisions"}],"wp:featuredmedia":[{"embeddable":true,"href":"https:\/\/www.europesays.com\/no\/wp-json\/wp\/v2\/media\/125118"}],"wp:attachment":[{"href":"https:\/\/www.europesays.com\/no\/wp-json\/wp\/v2\/media?parent=125117"}],"wp:term":[{"taxonomy":"category","embeddable":true,"href":"https:\/\/www.europesays.com\/no\/wp-json\/wp\/v2\/categories?post=125117"},{"taxonomy":"post_tag","embeddable":true,"href":"https:\/\/www.europesays.com\/no\/wp-json\/wp\/v2\/tags?post=125117"}],"curies":[{"name":"wp","href":"https:\/\/api.w.org\/{rel}","templated":true}]}}