{"id":125119,"date":"2025-12-30T21:55:13","date_gmt":"2025-12-30T21:55:13","guid":{"rendered":"https:\/\/www.europesays.com\/no\/125119\/"},"modified":"2025-12-30T21:55:13","modified_gmt":"2025-12-30T21:55:13","slug":"jeg-laerer-av-bestefar-norge","status":"publish","type":"post","link":"https:\/\/www.europesays.com\/no\/125119\/","title":{"rendered":"Jeg l\u00e6rer av bestefar \u2013 Norge"},"content":{"rendered":"<p>\u00abPlikt og \u00e6re. Alltid frem!\u00bb\n<\/p>\n<p><img decoding=\"async\"   src=\"data:image\/gif;base64,R0lGODlhAQABAIAAAAAAAP\/\/\/yH5BAEAAAAALAAAAAABAAEAAAIBRAA7\" loading=\"eager\" alt=\"Prinsesse Ingrid Alexandra dimitterer fra forsvaret\" title=\"Foto: Heiko Junge \/ NTB\"\/><\/p>\n<p class=\"\">Soldat Alexandra dimitterte i april.<\/p>\n<p>Foto: Heiko Junge \/ NTB<\/p>\n<p>Soldat Alexandra stemte i da mottoet til kompaniet i Ingeni\u00f8rbataljonen runget over den sn\u00f8dekte plassen i Skjold leir i M\u00e5lselv i Indre Troms.<\/p>\n<p>I surt regnv\u00e6r <a href=\"https:\/\/www.nrk.no\/norge\/prinsesse-ingrid-alexandra-ferdig-i-militaeret_-_-har-laert-mye-om-meg-selv-1.17358167\" ec-id=\"pp:article:1.17358167\" ec-name=\"tr\u00e5dte hun av etter 15 m\u00e5neders f\u00f8rstegangstjeneste\" rel=\"nofollow noopener\" target=\"_blank\">tr\u00e5dte hun av etter 15 m\u00e5neders f\u00f8rstegangstjeneste<\/a> med vernedyktighetsmedaljen p\u00e5 brystet.<\/p>\n<p>Dette ble \u00e5ret med store milep\u00e6ler \u2013 ikke bare for soldaten, men ogs\u00e5 for arveprinsessen Ingrid Alexandra (21).<\/p>\n<p>Hun hadde s\u00e5 vidt f\u00e5tt av seg uniformen og den bl\u00e5 bereten da hun virkelig entret den store rojale scenen.<\/p>\n<p><img decoding=\"async\"   src=\"data:image\/gif;base64,R0lGODlhAQABAIAAAAAAAP\/\/\/yH5BAEAAAAALAAAAAABAAEAAAIBRAA7\" loading=\"eager\" alt=\"Prinsesse Ingrid Alexandra hilser p\u00e5 Islands president Halla T\u00f3masd\u00f3ttir da hun og ektemann Bj\u00f6rn Sk\u00falason ankom Slottsplassen og innledet statsbes\u00f8ket til Norge.\" title=\"Foto: Javad Parsa \/ NTB\"\/><\/p>\n<p class=\"\">Prinsesse Ingrid Alexandras f\u00f8rste \u00aboffisielle utenlandsreise\u00bb gikk til Island i juni 2004, da hun var bare fem m\u00e5neder gammel. 21 \u00e5r senere var hun med p\u00e5 sitt f\u00f8rste statsbes\u00f8k og \u00f8nsket den islandske presidenten velkommen til Norge.<\/p>\n<p>Foto: Javad Parsa \/ NTB<\/p>\n<p>Kong Harald: \u2013 Veldig hyggelig<\/p>\n<p>Et par skritt bak besteforeldrene, ved mammas side, gikk hun ut p\u00e5 Slottsplassen i str\u00e5lende april-sol. Hun som er f\u00f8dt til en dag \u00e5 bli Norges dronning.<\/p>\n<p>Hun smilte og neiet da hun hilste p\u00e5 den islandske presidenten.<\/p>\n<p>Oppdraget var historisk. Det var prinsessens f\u00f8rste statsbes\u00f8k.\n<\/p>\n<p><img decoding=\"async\"   src=\"data:image\/gif;base64,R0lGODlhAQABAIAAAAAAAP\/\/\/yH5BAEAAAAALAAAAAABAAEAAAIBRAA7\" loading=\"eager\" alt=\"Kongeparet, kronprinsesse Mette-Marit og prinsesse Ingrid Alexandra g\u00e5r ned fra podiet p\u00e5 Slottsplassen etter velkomstseremonien for det islandske presidentparet\" title=\"Foto: Aurora Ytreberg Mel\u00f8e \/ NRK\"\/><\/p>\n<p class=\"\">Med kong Harald i spissen, deltok tre generasjoner i kongehuset under statsbes\u00f8ket fra Island.<\/p>\n<p>Foto: Aurora Ytreberg Mel\u00f8e \/ NRK<\/p>\n<p>Tre generasjoner i det norske kongehuset sammen om oppdraget.<\/p>\n<p>\u2013 Det er veldig hyggelig, sier kong Harald til NRKs \u00ab\u00c5ret med kongefamilien\u00bb.<\/p>\n<p>\u2013 Og s\u00e5 tror jeg det er nyttig for henne \u00e5 v\u00e6re med foreldrene sine p\u00e5 s\u00e5nne oppdrag. Hun kan se og l\u00e6re og beh\u00f8ver ikke \u00e5 sp\u00f8rre hele tiden: \u00abHva gj\u00f8r jeg n\u00e5?\u00bb. Hun kan f\u00f8lge med og se hvordan dette foreg\u00e5r, sier han.<\/p>\n<p>\u2013 Og s\u00e5 f\u00f8ler man at fremtiden er sikret, som er veldig hyggelig, legger dronning Sonja til, mens kongen nikker.<\/p>\n<p><img decoding=\"async\"   src=\"data:image\/gif;base64,R0lGODlhAQABAIAAAAAAAP\/\/\/yH5BAEAAAAALAAAAAABAAEAAAIBRAA7\" loading=\"eager\" alt=\"Kronprins Haakon st\u00e5r bak mens prinsesse Ingrid Alexandra snakker med skolebarn utenfor Slottet under statsbes\u00f8ket fra Island\" title=\"Foto: Aurora Ytreberg Mel\u00f8e \/ NRK\"\/><\/p>\n<p class=\"\">Prinsessen og kronprinsen p\u00e5 jobb sammen, her under statsbes\u00f8ket fra Island.<\/p>\n<p>Foto: Aurora Ytreberg Mel\u00f8e \/ NRK<\/p>\n<p>Det finnes ingen dronningskole, blir det sagt.<\/p>\n<p>Men skoleringen er godt i gang. De n\u00e6rmeste l\u00e6rer opp prinsesse Ingrid Alexandra gradvis.<\/p>\n<p><img decoding=\"async\"   src=\"data:image\/gif;base64,R0lGODlhAQABAIAAAAAAAP\/\/\/yH5BAEAAAAALAAAAAABAAEAAAIBRAA7\" loading=\"eager\" alt=\"Kronprinsesse Mette-Marit holder en blomsterbukett og snakker med barn utenfor Slottet i anledning det islandske presidentparets statsbes\u00f8k i Norge\" title=\"Foto: Aurora Ytreberg Mel\u00f8e \/ NRK\"\/><\/p>\n<p class=\"\">\u2013 Mamma er utrolig flink til \u00e5 snakke med mennesker, sier prinsessen om hva hun l\u00e6rer av moren.<\/p>\n<p>Foto: Aurora Ytreberg Mel\u00f8e \/ NRK<\/p>\n<p>\u2013 Jeg l\u00e6rer utrolig mye av \u00e5 se b\u00e5de p\u00e5 hvordan mamma og pappa gj\u00f8r ting, og hvordan bestemor og bestefar gj\u00f8r ting. Hvordan de h\u00e5ndterer situasjoner, sier prinsesse Ingrid Alexandra. <\/p>\n<p>\u2013 Mamma er for eksempel utrolig flink til \u00e5 snakke med mennesker. Og pappa er utrolig flink til \u00e5 forberede seg og sette seg veldig godt inn i det han gj\u00f8r. Det jeg l\u00e6rer mest av dem alle sammen, er jo at de er s\u00e5 utrolig engasjert i det de driver med.<\/p>\n<p><img decoding=\"async\"   src=\"data:image\/gif;base64,R0lGODlhAQABAIAAAAAAAP\/\/\/yH5BAEAAAAALAAAAAABAAEAAAIBRAA7\" loading=\"eager\" alt=\"Statsbes\u00f8k fra Island utenfor slottet. \" title=\"Foto: Aurora Ytreberg Mel\u00f8e \/ NRK\"\/><\/p>\n<p class=\"\">Foreldrene beskriver prinsessen som en som bidrar med masse hum\u00f8r og interesse. Her er 21-\u00e5ringen i samtale med skolebarn under statsbes\u00f8ket fra Island.<\/p>\n<p>Foto: Aurora Ytreberg Mel\u00f8e \/ NRK<\/p>\n<p>Roser bestefar: \u2013 Han er flink til \u00e5 m\u00f8te folk<\/p>\n<p>Et par m\u00e5neder etter statsbes\u00f8ket fra Island, holdt prinsesse Ingrid Alexandra sin f\u00f8rste audiens alene.<\/p>\n<p>En spent prinsesse sto klar for \u00e5 ta imot milj\u00f8agenter fra Barnas klimapanel p\u00e5 kontoret sitt p\u00e5 Slottet.<\/p>\n<p>Hun sjekket h\u00e5ret i messingen p\u00e5 kakkelovnen og rettet p\u00e5 jakken.<\/p>\n<p>    \u2190<\/p>\n<ul data-scroll-container=\"\" role=\"list\" aria-label=\"Bildegalleri\">\n<li><img alt=\"Prinsesse Ingrid Alexandra st\u00e5r p\u00e5 kontoret sitt p\u00e5 Slottet og venter p\u00e5 at hun skal ta imot Barnas klimapanel i audiens.\"  width=\"3840\" height=\"2160\" loading=\"lazy\"\/>\n<p>Innenfor d\u00f8rene p\u00e5 prinsessens kontor p\u00e5 Slottet st\u00e5r hun klar og venter p\u00e5 gjestene.<\/p>\n<p> Foto: Terje Pedersen \/ NTB <\/li>\n<li><img alt=\"Prinsesse Ingrid Alexandra st\u00e5r p\u00e5 kontoret sitt p\u00e5 Slottet og venter p\u00e5 at hun skal ta imot Barnas klimapanel i audiens.\"  width=\"3840\" height=\"2160\" loading=\"lazy\"\/>\n<p>Prinsesse Ingrid Alexandra gj\u00f8r seg klar til sin f\u00f8rste audiens.<\/p>\n<p> Foto: Terje Pedersen \/ NTB <\/li>\n<li><img alt=\"Prinsesse Ingrid Alexandra st\u00e5r p\u00e5 kontoret sitt p\u00e5 Slottet og hilser p\u00e5 Barnas Klimapanel som kommer i audiens hos henne.\"  width=\"3840\" height=\"2160\" loading=\"lazy\"\/>\n<p>Klokken 14 g\u00e5r d\u00f8rene opp, og Barnas klimapanel blir de f\u00f8rste i audiens hos prinsessen.<\/p>\n<p> Foto: Terje Pedersen \/ NTB <\/li>\n<li><img alt=\"Prinsesse Ingrid Alexandra sitter sammen med Barnas klimapanel rundt et bord p\u00e5 prinsessens kontor p\u00e5 Slottet. P\u00e5 bordet er det pyntet med rosa blomster, og det er boller p\u00e5 et fat.\"  width=\"3840\" height=\"2160\" loading=\"lazy\"\/>\n<p>Audiensen ble holdt p\u00e5 prinsessens kontor p\u00e5 Slottet.<\/p>\n<p> Foto: Terje Pedersen \/ NTB <\/li>\n<li><img alt=\"Prinsesse Ingrid Alexandra tar imot Barnas klimapanel i audiens p\u00e5 Slottet. De sitter rundt et bord p\u00e5 prinsessens kontor.\"  width=\"3840\" height=\"2160\" loading=\"lazy\"\/>\n<p>\u2013 Jeg hadde et veldig hyggelig m\u00f8te med Barnas klimapanel. De imponerte meg med sin kunnskap og innsats, sa prinsessen etter m\u00f8tet.<\/p>\n<p> Foto: Terje Pedersen \/ NTB <\/li>\n<\/ul>\n<p>\u2192<\/p>\n<p>\u2013 Skal jeg si kom inn, lurte prinsesse Ingrid Alexandra da hun ventet p\u00e5 at det skulle banke p\u00e5 d\u00f8ra.<\/p>\n<p>F\u00e5 dager senere var det Frankrikes president Emmanuel Macron og den franske f\u00f8rstedamen som gjestet Slottet.<\/p>\n<p>If\u00f8rt tiaraen hun fikk til 18-\u00e5rsdagen, fulgte hun like bak kongen og dronningen for \u00e5 ta imot presidentparet.<\/p>\n<p><img decoding=\"async\"   src=\"data:image\/gif;base64,R0lGODlhAQABAIAAAAAAAP\/\/\/yH5BAEAAAAALAAAAAABAAEAAAIBRAA7\" loading=\"eager\" alt=\"Kong Harald ler mens han tar imot Frankrikes president Emmanuel Macron p\u00e5 Slottet.\" title=\"Foto: Javad Parsa \/ NTB\"\/><\/p>\n<p class=\"\">\u2013 Jeg f\u00e5r sett og l\u00e6rt av hvordan han gj\u00f8r ting, sier prinsessen om \u00e5 representere sammen med bestefar kongen. Her tar de imot Frankrikes president Emmanuel Macron p\u00e5 Slottet i juni.<\/p>\n<p>Foto: Javad Parsa \/ NTB<\/p>\n<p>Prinsessen satt ved bestefars side under gallamiddagen i Slottets ballsal.<\/p>\n<p>I l\u00f8pet av de fire rettene var det flere anledninger til \u00e5 observere monark-ut\u00f8velse i praksis.\n<\/p>\n<p><img decoding=\"async\"   src=\"data:image\/gif;base64,R0lGODlhAQABAIAAAAAAAP\/\/\/yH5BAEAAAAALAAAAAABAAEAAAIBRAA7\" loading=\"eager\" alt=\"IKKE BRUK! Prinsesse Ingrid Alexandra ser mot kong Harald i Speilsalen p\u00e5 Slottet i forbindelse med statsbes\u00f8ket fra Island.\" title=\"Foto: Christian Breidlid \/ NRK\"\/><\/p>\n<p class=\"\">Arveprinsessen og monarken.<\/p>\n<p>Foto: Christian Breidlid \/ NRK<\/p>\n<p>\u2013 Hva gir det prinsessen for den veien du g\u00e5r, \u00e5 kunne st\u00e5 side om side med bestefar?<\/p>\n<p>\u2013 Jeg tror b\u00e5de det kommer til \u00e5 gi meg veldig mye i fremtiden, og det gir meg mye n\u00e5. Jeg f\u00e5r sett og l\u00e6rt av hvordan han gj\u00f8r ting, sier prinsesse Ingrid Alexandra.<\/p>\n<p>\u2013 Han er veldig empatisk og flink til \u00e5 m\u00f8te folk. Og s\u00e5 er det jo ogs\u00e5 veldig hyggelig for meg personlig \u00e5 f\u00e5 gjort de tingene sammen med ham.<\/p>\n<p><img decoding=\"async\"   src=\"data:image\/gif;base64,R0lGODlhAQABAIAAAAAAAP\/\/\/yH5BAEAAAAALAAAAAABAAEAAAIBRAA7\" loading=\"eager\" alt=\"IKKE BRUK! Kong Harald og prinsesse Ingrid Alexandra st\u00e5r ved siden av hverandre. Bildet er tatt i forbindelse med gaveoverrekkelsen under statsbes\u00f8ket fra Island.\" title=\"Foto: Christian Breidlid \/ NRK\"\/><\/p>\n<p>Foto: Christian Breidlid \/ NRK<\/p>\n<p>\u2013 Kommer definitivt til \u00e5 trenge Magnus<\/p>\n<p>Vi var p\u00e5 vei inn i sommerferien da prinsessen var p\u00e5 sitt f\u00f8rste offisielle oppdrag alene med lillebror prins Sverre Magnus.\n<\/p>\n<p><img decoding=\"async\"   src=\"data:image\/gif;base64,R0lGODlhAQABAIAAAAAAAP\/\/\/yH5BAEAAAAALAAAAAABAAEAAAIBRAA7\" loading=\"eager\" alt=\"Prinsesse Ingrid Alexandra og Prins Sverre Magnus \u00e5pner sommerberedskapen til R\u00f8de Kors p\u00e5 Kadettangen i B\u00e6rum. Her som dronepiloter.\" title=\"Foto: Terje Pedersen \/ NTB\"\/><\/p>\n<p class=\"\">Prinsesse Ingrid Alexandra og lillebror Prins Sverre Magnus \u00e5pnet sommerberedskapen til R\u00f8de Kors.<\/p>\n<p>Foto: Terje Pedersen \/ NTB<\/p>\n<p>\u2013 Det er veldig hyggelig. Jeg synes Magnus er veldig flink p\u00e5 jobb, og at vi jobber veldig godt sammen, sier prinsessen til NRK.<\/p>\n<p>\u2013 Jeg tenker fortsatt p\u00e5 ham som veldig liten, men han har jo faktisk blitt ganske voksen. Jeg synes jo det er hyggelig \u00e5 se ham i s\u00e5nne settinger ogs\u00e5, da.<\/p>\n<p>\u2013 Ser prinsessen for seg at han er en som hun kan trenge ved sin side i den offisielle rollen i fremtiden?<\/p>\n<p>\u2013 Jeg tenker definitivt at jeg kommer til \u00e5 trenge Magnus. Men han m\u00e5 ogs\u00e5 f\u00e5 lov til \u00e5 finne sin egen vei, og finne ut av hva han har lyst til \u00e5 drive med, sier hun.<\/p>\n<p>\u2013 S\u00e5 tror jeg det er en samtale som vi kommer til \u00e5 ta i fremtiden og finne ut av hva som vil fungere bra for oss.<\/p>\n<p><img decoding=\"async\"   src=\"data:image\/gif;base64,R0lGODlhAQABAIAAAAAAAP\/\/\/yH5BAEAAAAALAAAAAABAAEAAAIBRAA7\" loading=\"eager\" alt=\"Prinsesse Ingrid Alexandra og prins Sverre Magnus bes\u00f8ker Sentrum brannstasjon\" title=\"Foto: Ole Berg-Rusten \/ NTB\"\/><\/p>\n<p class=\"\">I desember bes\u00f8kte s\u00f8skenparet Sentrum brannstasjon.<\/p>\n<p>Foto: Ole Berg-Rusten \/ NTB<\/p>\n<p>Kronprinsparet: \u2013 Hun skal f\u00e5 skape sin egen rolle<\/p>\n<p>Ogs\u00e5 da \u00e5ret gikk mot slutten, ble nye milep\u00e6ler n\u00e5dd.\n<\/p>\n<p><img decoding=\"async\"   src=\"data:image\/gif;base64,R0lGODlhAQABAIAAAAAAAP\/\/\/yH5BAEAAAAALAAAAAABAAEAAAIBRAA7\" loading=\"eager\" alt=\"Kronprins Haakon, prinsesse Ingrid Alexandra og kronprinsesse Mette-Marit i Oslo r\u00e5dhus under fredsprisutdelingen.\" title=\"Foto: Ole Berg-Rusten \/ NTB\"\/><\/p>\n<p class=\"\">Kongehuset er til stede ved fredsprisutdelingen hvert \u00e5r. I \u00e5r var prinsesse Ingrid Alexandra med for f\u00f8rste gang.<\/p>\n<p>Foto: Ole Berg-Rusten \/ NTB<\/p>\n<p>I desember var prinsessen til stede under den h\u00f8ytidelige fredsprisutdelingen i Oslo r\u00e5dhus for f\u00f8rste gang, sammen med foreldrene og besteforeldrene.<\/p>\n<p>\u2013 Hva betyr det for kronprinsparet at dere n\u00e5 er tre generasjoner som representerer kongehuset side om side?<\/p>\n<p>\u2013 Det er bra, det. Vi har jo hatt en ganske lang periode n\u00e5 hvor kongen og dronningen har gjort mye. Og vi har hatt fullt program. Og det har vi v\u00e6rt heldige og hatt i ganske mange \u00e5r, egentlig, sier kronprins Haakon.<\/p>\n<p>\u2013 Og s\u00e5 g\u00e5r jo disse tingene litt opp og ned, naturlig nok. I en familien og i et kongehus. Det ligger jo litt i institusjonens natur. S\u00e5 det er veldig hyggelig, det med \u00e5 ha de tre generasjonene. For det viser jo litt av det lange perspektivet som ligger som grunnmuren i kongehuset og institusjonen.<\/p>\n<p><img decoding=\"async\"   src=\"data:image\/gif;base64,R0lGODlhAQABAIAAAAAAAP\/\/\/yH5BAEAAAAALAAAAAABAAEAAAIBRAA7\" loading=\"eager\" alt=\"Kongefamilien st\u00e5r ved siden av hverandre og vinker utenfor domkirken i Stavanger, der de var for \u00e5 delta p\u00e5 markeringen av det norske utvandringsjubileet.\" title=\"Foto: \u00d8ystein Otterdal \/ NRK\"\/><\/p>\n<p class=\"\">Tre generasjoner i det norske kongehuset var samlet i Stavanger i juli for \u00e5 markere det norske utvandringsjubileet.<\/p>\n<p>Foto: \u00d8ystein Otterdal \/ NRK<\/p>\n<p>Det viktige er at hun er med p\u00e5 \u00e5 selv bestemme hva hun skal gj\u00f8re, p\u00e5peker foreldrene.\n<\/p>\n<p><img decoding=\"async\"   src=\"data:image\/gif;base64,R0lGODlhAQABAIAAAAAAAP\/\/\/yH5BAEAAAAALAAAAAABAAEAAAIBRAA7\" loading=\"eager\" alt=\"Prinsesse Ingrid Alexandra sitter p\u00e5 en benk med en laptop i fanget\" title=\"Foto: Frode Fjerdingstad \/ NRK\"\/><\/p>\n<p class=\"\">Siden august har prinsessen v\u00e6rt student ved Universitetet i Sydney, men kom tilbake til Norge p\u00e5 juleferie f\u00f8r jul.<\/p>\n<p>Foto: Frode Fjerdingstad \/ NRK<\/p>\n<p>\u2013 Det er viktig for oss \u00e5 legge til rette for at hun skal f\u00e5 skape sin egen rolle. Vi kan komme med r\u00e5d, men det er mye viktigere for oss at hun har en god prosess med dem som jobber p\u00e5 Slottet, sier kronprinsesse Mette-Marit til \u00ab\u00c5ret med kongefamilien\u00bb.<\/p>\n<p>\u2013 Jeg synes det er viktig for at hun skal ha eierskap til og ikke minst motivasjon for det hun driver med, sier hun.<\/p>\n<p>\u2013 S\u00e5 det er fint at hun har valgt \u00e5 gj\u00f8re litt forskjellige ting. Og s\u00e5 er jo hovedoppgaven hennes n\u00e5 \u00e5 v\u00e6re student, sier kronprins Haakon.<\/p>\n<p><img decoding=\"async\"   src=\"data:image\/gif;base64,R0lGODlhAQABAIAAAAAAAP\/\/\/yH5BAEAAAAALAAAAAABAAEAAAIBRAA7\" loading=\"eager\" alt=\"Kronprinsfamilien holder hverandre i hendene og synger under et julebes\u00f8k p\u00e5 Langerudhjemmet i Oslo.\" title=\"Foto: Ismail Burak Akkan \/ NRK\"\/><\/p>\n<p class=\"\">F\u00e5 dager f\u00f8r jul bes\u00f8kte kronprinsfamilien Langerudhjemmet i Oslo.<\/p>\n<p>Foto: Ismail Burak Akkan \/ NRK<\/p>\n<p>\u2013 Tar med meg mye fra dagliglivet inn i jobben<\/p>\n<p>P\u00e5 campus p\u00e5 andre siden av jorden er hun bare Ingrid. Med Alexandra som etternavn.<\/p>\n<p>\u00c9n av 70.000 studenter fra totalt 140 nasjoner ved Universitetet i Sydney.<\/p>\n<p><img decoding=\"async\"   src=\"data:image\/gif;base64,R0lGODlhAQABAIAAAAAAAP\/\/\/yH5BAEAAAAALAAAAAABAAEAAAIBRAA7\" loading=\"eager\" alt=\"Prinsesse Ingrid Alexandra st\u00e5r foran operahuset i Sydney, hun justerer litt p\u00e5 hestehalen og smiler mot kamera.\" title=\"Foto: Frode Fjerdingstad \/ NRK\"\/><\/p>\n<p class=\"\">Prinsessen foran det verdenskjente landemerket i sin nye hjemby, Operahuset i Sydney.<\/p>\n<p>Foto: Frode Fjerdingstad \/ NRK<\/p>\n<p>N\u00e5r hun n\u00e5 er hjemme p\u00e5 juleferie, er det med f\u00f8rste halv\u00e5r av en bachelor i samfunnsfag, med fordypning i politisk \u00f8konomi og internasjonale relasjoner, lagt bak seg.<\/p>\n<p>\u2013 Er du mest prinsesse eller mest frie og unge Ingrid som er student og lever sitt liv?<\/p>\n<p>\u2013 Jeg tror jeg tar med meg mye som jeg l\u00e6rer fra jobb inn i dagliglivet mitt, og jeg tar med meg utrolig mye fra dagliglivet mitt inn i jobb, sier prinsesse Ingrid Alexandra.<\/p>\n<p>\u2013 Jeg f\u00f8ler jo ikke at det er to forskjellige personer, det er jo bare meg.<\/p>\n<p><img decoding=\"async\"   src=\"data:image\/gif;base64,R0lGODlhAQABAIAAAAAAAP\/\/\/yH5BAEAAAAALAAAAAABAAEAAAIBRAA7\" loading=\"eager\" alt=\"IKKE BRUK! Prinsesse Ingrid Alexandra st\u00e5r ved siden av kronprins Haakon og ser p\u00e5 noe. Bildet er tatt i forbindelse med gaveoverrekkelsen under statsbes\u00f8ket fra Island.\" title=\"Foto: Christian Breidlid \/ NRK\"\/><\/p>\n<p>Foto: Christian Breidlid \/ NRK<\/p>\n","protected":false},"excerpt":{"rendered":"\u00abPlikt og \u00e6re. Alltid frem!\u00bb Soldat Alexandra dimitterte i april. Foto: Heiko Junge \/ NTB Soldat Alexandra stemte&hellip;\n","protected":false},"author":2,"featured_media":125120,"comment_status":"","ping_status":"","sticky":false,"template":"","format":"standard","meta":{"footnotes":""},"categories":[10],"tags":[20,21,24,25,15,22,23,13,30,28,29,14,16,26,27],"class_list":{"0":"post-125119","1":"post","2":"type-post","3":"status-publish","4":"format-standard","5":"has-post-thumbnail","7":"category-norge","8":"tag-breaking-news","9":"tag-breakingnews","10":"tag-featured-news","11":"tag-featurednews","12":"tag-headlines","13":"tag-latest-news","14":"tag-latestnews","15":"tag-news","16":"tag-no","17":"tag-norge","18":"tag-norway","19":"tag-nyheter","20":"tag-overskrifter","21":"tag-top-stories","22":"tag-topstories"},"share_on_mastodon":{"url":"https:\/\/pubeurope.com\/@no\/115810751273003527","error":""},"_links":{"self":[{"href":"https:\/\/www.europesays.com\/no\/wp-json\/wp\/v2\/posts\/125119","targetHints":{"allow":["GET"]}}],"collection":[{"href":"https:\/\/www.europesays.com\/no\/wp-json\/wp\/v2\/posts"}],"about":[{"href":"https:\/\/www.europesays.com\/no\/wp-json\/wp\/v2\/types\/post"}],"author":[{"embeddable":true,"href":"https:\/\/www.europesays.com\/no\/wp-json\/wp\/v2\/users\/2"}],"replies":[{"embeddable":true,"href":"https:\/\/www.europesays.com\/no\/wp-json\/wp\/v2\/comments?post=125119"}],"version-history":[{"count":0,"href":"https:\/\/www.europesays.com\/no\/wp-json\/wp\/v2\/posts\/125119\/revisions"}],"wp:featuredmedia":[{"embeddable":true,"href":"https:\/\/www.europesays.com\/no\/wp-json\/wp\/v2\/media\/125120"}],"wp:attachment":[{"href":"https:\/\/www.europesays.com\/no\/wp-json\/wp\/v2\/media?parent=125119"}],"wp:term":[{"taxonomy":"category","embeddable":true,"href":"https:\/\/www.europesays.com\/no\/wp-json\/wp\/v2\/categories?post=125119"},{"taxonomy":"post_tag","embeddable":true,"href":"https:\/\/www.europesays.com\/no\/wp-json\/wp\/v2\/tags?post=125119"}],"curies":[{"name":"wp","href":"https:\/\/api.w.org\/{rel}","templated":true}]}}