{"id":125121,"date":"2025-12-30T21:56:10","date_gmt":"2025-12-30T21:56:10","guid":{"rendered":"https:\/\/www.europesays.com\/no\/125121\/"},"modified":"2025-12-30T21:56:10","modified_gmt":"2025-12-30T21:56:10","slug":"norges-vm-motstander-videre-i-afrikamesterskapet-med-storseier","status":"publish","type":"post","link":"https:\/\/www.europesays.com\/no\/125121\/","title":{"rendered":"Norges VM-motstander videre i Afrikamesterskapet med storseier"},"content":{"rendered":"\n<p class=\"_lead_o9xde_2 _lead_xtcu6_50 layout-component text-serif-m layout-normal text-serif-l layout-component layout-wide layout-padded _wide_17hqh_1 layout-padded\">Senegal vant sin gruppe i Afrikamesterskapet med 3-0-seier over Benin. Om 176 er Norge motstander i VM. <\/p>\n<p> <img class=\"_image_qp4xg_65 layout-component layout-wide\" data-fullscreen- data-track-element-type=\"Article image fullscreen\" data-track-name=\"ImageFullscreen\" fetchpriority=\"high\" decoding=\"sync\" loading=\"eager\" height=\"57\" itemprop=\"image\"  src=\"https:\/\/www.europesays.com\/no\/wp-content\/uploads\/2025\/12\/022a27fa42d2f962e50ed55d0962ed12.jpg\"  style=\"object-position:50% 50%;aspect-ratio:1.75;height:auto;object-fit:cover;width:100%\" width=\"102\"\/>  <\/p>\n<ul aria-hidden=\"true\" class=\"_images_ntbth_112\">\n<li><a class=\"_link_ntbth_117\" href=\"https:\/\/www.vg.no\/forfatter\/camilla-vesteng\" style=\"z-index:2\" title=\"Camilla Vesteng\" rel=\"nofollow noopener\" target=\"_blank\"><img alt=\"Bilde av Camilla Vesteng\" class=\"_image_ntbth_93\" fetchpriority=\"low\" loading=\"lazy\" decoding=\"async\" itemprop=\"image\"  src=\"https:\/\/www.europesays.com\/no\/wp-content\/uploads\/2025\/12\/1767131769_529_ab49df32-fc16-44e1-a56a-ce5ad5bd90d2.jpeg\"  width=\"480\"\/><\/a><\/li>\n<li><a class=\"_link_ntbth_117\" href=\"https:\/\/www.vg.no\/forfatter\/ntb\" style=\"z-index:1\" title=\"NTB\" rel=\"nofollow noopener\" target=\"_blank\"><img alt=\"Bilde av NTB\" class=\"_image_ntbth_93\" fetchpriority=\"low\" loading=\"lazy\" decoding=\"async\" itemprop=\"image\"  src=\"https:\/\/www.europesays.com\/no\/wp-content\/uploads\/2025\/12\/1767131770_48_c33980b0-5d07-4027-84a1-813f90a7c8d6.png\"  width=\"480\"\/><\/a><\/li>\n<\/ul>\n<p> Oppdatert tirsdag 30. desember kl. 22:33    <\/p>\n<ul class=\"_list_o9xde_3 _list_64s2r_85 _unordered_o9xde_106 text-sans-m\">\n<li class=\"_item_o9xde_30\">Senegal vant 3-0 mot Benin og topper n\u00e5 sin gruppe i Afrikamesterskapet.<\/li>\n<li class=\"_item_o9xde_30\">Kaptein Kalidou Koulibaly fikk r\u00f8dt kort etter en t\u00f8ff takling.<\/li>\n<li class=\"_item_o9xde_30\">Norge m\u00f8ter Senegal i VM 23. juni, og landslagssjef St\u00e5le Solbakken vurderer \u00e5 f\u00f8lge Senegals kamper fra stadion senere i mesterskapet.<\/li>\n<\/ul>\n<p>Vis mer <\/p>\n<p class=\"_paragraph_o9xde_4 _paragraph_xtcu6_10 layout-component text-serif-m layout-normal text-serif-m layout-padded\">For Norge m\u00f8ter Senegal i VM i 23. juni. Landslagssjef St\u00e5le Solbakken og hans team fulgte nok kampen tirsdag p\u00e5 VGTV med v\u00e5kne blikk. Landslagssjefen har opplyst til NTB at det kan bli en tur til Marokko for \u00e5 f\u00f8lge Senegals kamper i sluttspillet.<\/p>\n<p class=\"_paragraph_o9xde_4 _paragraph_xtcu6_10 layout-component text-serif-m layout-normal text-serif-m layout-padded\">Det var tidligere Sandefjord-midtstopper Abdoulaye Seck og Habib Diallo som scoret Senegals to f\u00f8rste m\u00e5l i Tanger i Marokko. Den f\u00f8rste scoringen ble assistert av tidligere Sarpsborg-spiller Kr\u00e9pin Diatta.<\/p>\n<p><img alt=\"SCORET IGJEN: Habib Diallo (t.v.) scoret mot Elfenbenskysten, og tirsdag plasserte han ballen i m\u00e5l igjen.   Foto: Themba Hadebe \/ AP \/ NTB\" class=\"_image_qp4xg_65 layout-component layout-normal\" data-fullscreen- data-track-element-type=\"Article image fullscreen\" data-track-name=\"ImageFullscreen\" decoding=\"async\" loading=\"lazy\" height=\"3931\" itemprop=\"image\"  src=\"https:\/\/www.europesays.com\/no\/wp-content\/uploads\/2025\/12\/34f222fd-63bc-4830-8fc1-7a3b5a0d93da.jpeg\"  style=\"object-position:0% 0%\" width=\"5896\"\/>SCORET IGJEN: Habib Diallo (t.v.) scoret mot Elfenbenskysten, og tirsdag plasserte han ballen i m\u00e5l igjen.   Foto: Themba Hadebe \/ AP \/ NTB<\/p>\n<p class=\"_paragraph_o9xde_4 _paragraph_xtcu6_10 layout-component text-serif-m layout-normal text-serif-m layout-padded\"><strong class=\"_strong_o9xde_25\">Senegals kaptein Kalidou Koulibaly ble sendt i dusjen etter en stempling 20 minutter f\u00f8r slutt. Likevel \u00f8kte de gr\u00f8nnkledde ledelsen p\u00e5 straffespark fem minutter p\u00e5 overtid.<\/strong><\/p>\n<p class=\"_paragraph_o9xde_4 _paragraph_xtcu6_10 layout-component text-serif-m layout-normal text-serif-m layout-padded\">Cherif Ndiaye satte kontrollert inn 3-0 fra krittmerket.<\/p>\n<p class=\"_paragraph_o9xde_4 _paragraph_xtcu6_10 layout-component text-serif-m layout-normal text-serif-m layout-padded\">Senegal \u00e5pnet mesterskapet med 3-0-seier over Botswana. Deretter ble det 1-1 mot Kongo. Mot Benin var Senegal store favoritter og innfridde. N\u00e5 venter \u00e5ttedelsfinale mot Sudan.<\/p>\n<p class=\"_paragraph_o9xde_4 _paragraph_xtcu6_10 layout-component text-serif-m layout-normal text-serif-m layout-padded\">S\u00e5 du denne kunstscoringen i Afrikamesterskapet?<\/p>\n","protected":false},"excerpt":{"rendered":"Senegal vant sin gruppe i Afrikamesterskapet med 3-0-seier over Benin. Om 176 er Norge motstander i VM. Oppdatert&hellip;\n","protected":false},"author":2,"featured_media":125122,"comment_status":"","ping_status":"","sticky":false,"template":"","format":"standard","meta":{"footnotes":""},"categories":[5],"tags":[20,21,24,25,15,19,22,23,17,18,13,30,28,29,14,16,26,27],"class_list":{"0":"post-125121","1":"post","2":"type-post","3":"status-publish","4":"format-standard","5":"has-post-thumbnail","7":"category-overskrifter","8":"tag-breaking-news","9":"tag-breakingnews","10":"tag-featured-news","11":"tag-featurednews","12":"tag-headlines","13":"tag-hovedoppslag","14":"tag-latest-news","15":"tag-latestnews","16":"tag-main-news","17":"tag-mainnews","18":"tag-news","19":"tag-no","20":"tag-norge","21":"tag-norway","22":"tag-nyheter","23":"tag-overskrifter","24":"tag-top-stories","25":"tag-topstories"},"share_on_mastodon":{"url":"https:\/\/pubeurope.com\/@no\/115810755165483953","error":""},"_links":{"self":[{"href":"https:\/\/www.europesays.com\/no\/wp-json\/wp\/v2\/posts\/125121","targetHints":{"allow":["GET"]}}],"collection":[{"href":"https:\/\/www.europesays.com\/no\/wp-json\/wp\/v2\/posts"}],"about":[{"href":"https:\/\/www.europesays.com\/no\/wp-json\/wp\/v2\/types\/post"}],"author":[{"embeddable":true,"href":"https:\/\/www.europesays.com\/no\/wp-json\/wp\/v2\/users\/2"}],"replies":[{"embeddable":true,"href":"https:\/\/www.europesays.com\/no\/wp-json\/wp\/v2\/comments?post=125121"}],"version-history":[{"count":0,"href":"https:\/\/www.europesays.com\/no\/wp-json\/wp\/v2\/posts\/125121\/revisions"}],"wp:featuredmedia":[{"embeddable":true,"href":"https:\/\/www.europesays.com\/no\/wp-json\/wp\/v2\/media\/125122"}],"wp:attachment":[{"href":"https:\/\/www.europesays.com\/no\/wp-json\/wp\/v2\/media?parent=125121"}],"wp:term":[{"taxonomy":"category","embeddable":true,"href":"https:\/\/www.europesays.com\/no\/wp-json\/wp\/v2\/categories?post=125121"},{"taxonomy":"post_tag","embeddable":true,"href":"https:\/\/www.europesays.com\/no\/wp-json\/wp\/v2\/tags?post=125121"}],"curies":[{"name":"wp","href":"https:\/\/api.w.org\/{rel}","templated":true}]}}