{"id":125138,"date":"2025-12-30T22:25:07","date_gmt":"2025-12-30T22:25:07","guid":{"rendered":"https:\/\/www.europesays.com\/no\/125138\/"},"modified":"2025-12-30T22:25:07","modified_gmt":"2025-12-30T22:25:07","slug":"forsterker-teamet-rundt-skiskytterne-etter-dodsfallet-til-sivert-guttorm-bakken-nrk-sport-sportsnyheter-resultater-og-sendeplan","status":"publish","type":"post","link":"https:\/\/www.europesays.com\/no\/125138\/","title":{"rendered":"Forsterker teamet rundt skiskytterne etter d\u00f8dsfallet til Sivert Guttorm Bakken \u2013 NRK Sport \u2013 Sportsnyheter, resultater og sendeplan"},"content":{"rendered":"<p>Saken oppsummert<\/p>\n<ul>\n<li>Norges Skiskytterforbund oppbemanner f\u00f8r verdenscupen i Oberhof etter Sivert Guttorm Bakkens d\u00f8dsfall, med egen medieh\u00e5ndterer og psykologberedskap.<\/li>\n<li>Rettsmedisinsk rapport i Italia har frist til 7. mars; svar p\u00e5 d\u00f8ds\u00e5rsaken kommer f\u00f8rst etter dette.<\/li>\n<li>NRKs ekspert Ola Lunde kaller situasjonen en av skiskytterfamiliens st\u00f8rste kriser og advarer om at noen ut\u00f8vere kan v\u00e6re ute av stand til \u00e5 konkurrere.<\/li>\n<\/ul>\n<p>Oppsummeringen er laget av en KI-tjeneste fra OpenAI. Innholdet er kvalitetssikret av NRKs journalister f\u00f8r publisering.<\/p>\n<p>Kun 16 dager etter Sivert Guttorm Bakkens d\u00f8dsfall, skal Norges beste skiskyttere igjen st\u00e5 p\u00e5 startstreken. Denne gangen venter verdenscupen i Oberhof \u2013 og det kommer til \u00e5 bli noen ekstra spesielle konkurransedager.<\/p>\n<p>\u2013 Vi skal pr\u00f8ve \u00e5 gj\u00f8re det s\u00e5 normalt vi kan.<\/p>\n<p>Det sier sportssjef Per Arne Botnan til NRK.<\/p>\n<p>Selv om de skal pr\u00f8ve \u00e5 gj\u00f8re ting s\u00e5 normalt som mulig, har denne julen v\u00e6rt spesiell p\u00e5 mange m\u00e5ter. 23. desember kom beskjeden om at <a href=\"https:\/\/www.nrk.no\/sport\/sivert-guttorm-bakken-er-dod-_-skiskytterfamilien-i-sorg-1.17704338\" ec-id=\"pp:article:1.17704338\" ec-name=\"Bakken var d\u00f8d\" rel=\"nofollow noopener\" target=\"_blank\">Bakken var d\u00f8d<\/a>, n\u00e5 rigger de seg for krevende dager i Tyskland.<\/p>\n<p><strong>\u2013 Vi vet det blir mer trykk p\u00e5 mediebiten, s\u00e5 vi har med \u00e9n person for det. Og vi har back up med psykolog for den mentale biten, hvis vi trenger det. Vi er litt mer forberedt og har mer folk enn vanlig, sier Botnan.<\/strong><\/p>\n<p><img decoding=\"async\"   src=\"data:image\/gif;base64,R0lGODlhAQABAIAAAAAAAP\/\/\/yH5BAEAAAAALAAAAAABAAEAAAIBRAA7\" loading=\"eager\" alt=\"Landslagssjef Per Arne Botnan i intervju med NRK under VM i Nove Mesto\" title=\"Foto: Anders Boine Verstad\"\/><\/p>\n<p class=\"\">KREVENDE DAGER: Slik beskriver sportssjef Per Arne Botnan de siste dagene. Bildet er fra VM i Nove Mesto i 2024.<\/p>\n<p>Foto: Anders Boine Verstad<\/p>\n<p>\u2013 Ikke opplevd noe s\u00e5 inngripende som dette<\/p>\n<p>For Bakkens bortgang kommer til \u00e5 p\u00e5virke Skiskytter-Norge gjennom store deler av vinteren. Tirsdag kom beskjeden om at p\u00e5talemyndigheten i Italia har gitt rettsmedisinerne en frist til 7. mars med \u00e5 <a href=\"https:\/\/www.nrk.no\/sport\/fortsatt-ikke-klart-hvorfor-skiskytter-sivert-guttorm-bakken-dode-1.17706926\" ec-id=\"pp:article:1.17706926\" ec-name=\"ferdigstille sine unders\u00f8kelser og avgi sin rapport\" rel=\"nofollow noopener\" target=\"_blank\">ferdigstille sine unders\u00f8kelser og avgi sin rapport<\/a>.<\/p>\n<p>F\u00f8rst etter dette f\u00e5r familien og resten av skiskytterfamilien et svar p\u00e5 d\u00f8dsfallet.<\/p>\n<p><strong>\u2013 Det er vanskelig \u00e5 si hvordan det blir, men vi skal ha folk til \u00e5 ta oss av folk p\u00e5 ulike m\u00e5ter. Det kan dukke opp ting underveis og da er det greit \u00e5 ha folk der for \u00e5 ta det med en gang, sier Botnan om konkurransene i Oberhof.<\/strong><\/p>\n<p>De styrker ogs\u00e5 teamet rundt ut\u00f8verne som er tatt ut til IBU-Cupen, dette er niv\u00e5et under verdenscupen. Det er tatt ut seks kvinner og seks herrer til konkurransene som skal foreg\u00e5 i tyske Arber.<\/p>\n<p><strong>\u2013 Jeg har ikke opplevd noe s\u00e5 inngripende for et lag som dette, selv etter mange \u00e5r i skiskytingen. Det er en enorm utfordring for norsk skiskyting og de som skal prestere fremover, b\u00e5de i verdenscupen, men ogs\u00e5 i OL i februar, sier Ola Lunde, som er NRKs skiskytterekspert.<\/strong><\/p>\n<p>Han st\u00f8tter media- og psykologvalget til forbundet, og mener samtale blir n\u00f8kkelen i tiden som kommer.<\/p>\n<p><strong>\u2013 Ut\u00f8verne m\u00e5 f\u00e5 snakke med de personene de har behov for \u00e5 snakke med. Det kan v\u00e6re s\u00e5pass ille og p\u00e5virke de i s\u00e5 stor grad at de ikke er klar til \u00e5 g\u00e5 de l\u00f8pene, rett og slett, sier Ola Lunde, og fortsetter:<\/strong><\/p>\n<p>\u2013 Konkurransene blir veldig sm\u00e5 i forhold til \u00e5 miste en god venn og konkurrent, som d\u00f8r under s\u00e5 tragiske og overraskende omstendigheter, sier Lunde.<\/p>\n<p><img decoding=\"async\"   src=\"data:image\/gif;base64,R0lGODlhAQABAIAAAAAAAP\/\/\/yH5BAEAAAAALAAAAAABAAEAAAIBRAA7\" loading=\"eager\" alt=\"Ola Lunde NRK-ekspert skiskyting\" title=\"Foto: Anders Boine Verstad \/ NRK\"\/><\/p>\n<p class=\"\">\u2013 FORFERDELIG TRAGISK: Det sier Ola Lunde, som er NRKs skiskytterekspert, om d\u00f8dsfallet til Sivert Guttorm Bakken som har rystet en hel skiskytterverden.<\/p>\n<p>Foto: Anders Boine Verstad \/ NRK<\/p>\n<p>\u2013 Det gruer jeg meg helt j\u00e6vlig til<\/p>\n<p>To av ut\u00f8verne p\u00e5 elitelandslaget, Vetle Sj\u00e5stad Christiansen og Johannes Dale-Skjevdal, har overfor NRK beskrevet dagene etter d\u00f8dsfallet som \u00abforferdelig\u00bb og \u00abden j\u00e6vligste jula\u00bb.<\/p>\n<p>\u2013 Hvordan skal dere takle den tiden som kommer?<\/p>\n<p><strong>\u2013 Det gruer jeg meg helt j\u00e6vlig til, egentlig. Jeg tror det kommer til \u00e5 bli veldig spesielt \u00e5 dra til Oberhof og sette seg p\u00e5 det flyet uten Sivert. Vi skulle m\u00f8ttes p\u00e5 Gardermoen, tatt en kaffe og bolle f\u00f8r avreise, s\u00e5 det blir helt sykt rart, sa Dale-Skjevdal til NRK mandag.<\/strong><\/p>\n<p>\u2013 Jeg tror uavhengig av ventetiden at dette er en tragisk situasjon for skiskyttermilj\u00f8et, b\u00e5de i Norge og internasjonalt. Det at det tar lengre tid \u00e5 f\u00e5 svar, er vi n\u00f8dt til \u00e5 forholde oss til, og i mellomtiden skal vi fors\u00f8ke \u00e5 hedre Sivert p\u00e5 best mulig m\u00e5te.<\/p>\n<p>Det sier Emilie Nordskar, som er konstituert generalsekret\u00e6r i Norges Skiskytterforbund, til NRK. Hun forteller at de daglig har hatt kontakt med b\u00e5de familien og ut\u00f8verne.<\/p>\n<p>\u2013 Hva slags tiltak gj\u00f8r dere for \u00e5 tilrettelegge for ut\u00f8verne fremover?<\/p>\n<p><strong>\u2013 Aller viktigst s\u00e5 snakker vi sammen. Og s\u00e5 er vi i dialog om praktiske detaljer, med hvem som kjenner p\u00e5 at det er riktig eller galt \u00e5 g\u00e5 renn, sier Nordskar.<\/strong><\/p>\n<p>\u2013 Jeg tror vi skal v\u00e6re forberedt p\u00e5 at dette kan prege oss i en lang stund fremover og det er vi opptatt av \u00e5 snakke mye om internt. Reaksjoner kan komme b\u00e5de n\u00e5, men ogs\u00e5 senere, fortsetter hun.<\/p>\n<ul>\n<li>Verdenscupen i Oberhof starter 8. januar. Rennene kan du f\u00f8lge i appen NRK Radio.<\/li>\n<\/ul>\n<p>Publisert<\/p>\n<p>30.12.2025, kl. 22.35<\/p>\n","protected":false},"excerpt":{"rendered":"Saken oppsummert Norges Skiskytterforbund oppbemanner f\u00f8r verdenscupen i Oberhof etter Sivert Guttorm Bakkens d\u00f8dsfall, med egen medieh\u00e5ndterer og&hellip;\n","protected":false},"author":2,"featured_media":125139,"comment_status":"","ping_status":"","sticky":false,"template":"","format":"standard","meta":{"footnotes":""},"categories":[59],"tags":[30,28,29,83,82],"class_list":{"0":"post-125138","1":"post","2":"type-post","3":"status-publish","4":"format-standard","5":"has-post-thumbnail","7":"category-sport","8":"tag-no","9":"tag-norge","10":"tag-norway","11":"tag-sport","12":"tag-sports"},"share_on_mastodon":{"url":"https:\/\/pubeurope.com\/@no\/115810869325371751","error":""},"_links":{"self":[{"href":"https:\/\/www.europesays.com\/no\/wp-json\/wp\/v2\/posts\/125138","targetHints":{"allow":["GET"]}}],"collection":[{"href":"https:\/\/www.europesays.com\/no\/wp-json\/wp\/v2\/posts"}],"about":[{"href":"https:\/\/www.europesays.com\/no\/wp-json\/wp\/v2\/types\/post"}],"author":[{"embeddable":true,"href":"https:\/\/www.europesays.com\/no\/wp-json\/wp\/v2\/users\/2"}],"replies":[{"embeddable":true,"href":"https:\/\/www.europesays.com\/no\/wp-json\/wp\/v2\/comments?post=125138"}],"version-history":[{"count":0,"href":"https:\/\/www.europesays.com\/no\/wp-json\/wp\/v2\/posts\/125138\/revisions"}],"wp:featuredmedia":[{"embeddable":true,"href":"https:\/\/www.europesays.com\/no\/wp-json\/wp\/v2\/media\/125139"}],"wp:attachment":[{"href":"https:\/\/www.europesays.com\/no\/wp-json\/wp\/v2\/media?parent=125138"}],"wp:term":[{"taxonomy":"category","embeddable":true,"href":"https:\/\/www.europesays.com\/no\/wp-json\/wp\/v2\/categories?post=125138"},{"taxonomy":"post_tag","embeddable":true,"href":"https:\/\/www.europesays.com\/no\/wp-json\/wp\/v2\/tags?post=125138"}],"curies":[{"name":"wp","href":"https:\/\/api.w.org\/{rel}","templated":true}]}}