{"id":125140,"date":"2025-12-30T22:26:12","date_gmt":"2025-12-30T22:26:12","guid":{"rendered":"https:\/\/www.europesays.com\/no\/125140\/"},"modified":"2025-12-30T22:26:12","modified_gmt":"2025-12-30T22:26:12","slug":"britney-spears-raser-mot-familien-i-sarkastisk-instagram-innlegg","status":"publish","type":"post","link":"https:\/\/www.europesays.com\/no\/125140\/","title":{"rendered":"Britney Spears raser mot familien i sarkastisk Instagram-innlegg"},"content":{"rendered":"<p class=\"kicker \" style=\"\">Britney Spears:<\/p>\n<p>  Popstjernen gikk sarkastisk til angrep p\u00e5 familien i et bitende Instagram-innlegg etter \u00e5 ha feiret jul med s\u00f8nnen Jayden.\u00a0<\/p>\n<p>\n    RASER: Popstjernen Britney Spears g\u00e5r hardt ut mot familien i et Instagram-innlegg kun dager etter julaften. Foto: Jordan Strauss \/ AP\n  <\/p>\n<p>Britney Spears (44) gikk hardt ut mot familien sin i et sarkastik innlegg p\u00e5 Instagram s\u00f8ndag, bare dager etter jul.\u00a0<\/p>\n<p>Deb 44 \u00e5r gamle popstjernen delte et bilde av et pyntet juletre og la til en bitende kommentar rettet mot familien.\u00a0<\/p>\n<p>    <a itemprop=\"url\" href=\"https:\/\/www.seher.no\/kjendis\/frykter-for-livet-hennes\/83774165\" rel=\"nofollow noopener\" target=\"_blank\"><\/p>\n<p>        <img loading=\"lazy\" decoding=\"async\" src=\"https:\/\/www.europesays.com\/no\/wp-content\/uploads\/2025\/12\/83759676.webp.webp\" width=\"980\" height=\"441\" title=\"Frykter for livet\" alt=\"\" class=\"lazyload\" style=\"--aspect-ratio-image: 2.22; \"\/><\/p>\n<p>        Frykter for livet<\/p>\n<p>    <\/a><\/p>\n<p class=\"font-weight-bold m-font-weight-bold\" data-lab-font_weight=\"font-weight-bold\">&#8211; God forsinket jul til min vakre familie som aldri har behandlet meg respektl\u00f8st, skadet meg, gjort noe helt uakseptabelt eller for\u00e5rsaket ufattelig traume, en slik som ikke kan repareres, skrev hun.\u00a0<\/p>\n<p>&#8211; Til min kj\u00e6re s\u00f8te uskyldige familie&#8230; s\u00e5 s\u00e5 lei for at jeg var opptatt denne julen, men jeg kommer definitivt til \u00e5 dukke opp og overraske dere snart&#8230; jeg kan ikke vente, fortsatte hun sarkastisk.\u00a0<\/p>\n<p>Britney har to s\u00f8nner, Sean Preston (20) og Jayden James Ferderline (19), fra hennes tidligere ekteskap med Kevin Federline (47).\u00a0 Hun tilbragte julen med yngste s\u00f8nnen.<\/p>\n<p>        <img loading=\"lazy\" decoding=\"async\" src=\"https:\/\/www.europesays.com\/no\/wp-content\/uploads\/2025\/12\/84035683.webp.webp\" width=\"686\" height=\"748\" title=\"SLUTT: Britney Spears og Kevin Federline var gift fra 2004 til 2007, og de har to s\u00f8nner sammen. Her fra Billboard Music Awards i 2004. Foto: Eric Jamison \/ AP\" alt=\"\" class=\"\" style=\"--aspect-ratio-image: 0.92; \"\/><\/p>\n<p>\n        SLUTT: Britney Spears og Kevin Federline var gift fra 2004 til 2007, og de har to s\u00f8nner sammen. Her fra Billboard Music Awards i 2004. Foto: Eric Jamison \/ AP\n    <\/p>\n<p>En kilde fortalte <a href=\"https:\/\/people.com\/britney-spears-celebrates-christmas-with-son-jayden-exclusive-source-11876510\" rel=\"nofollow noopener\" target=\"_blank\">People<\/a> at Britney hadde det g\u00f8y med \u00e5 feire jul sammen med s\u00f8nnen, etter \u00e5 nylig blitt gjenforent.\u00a0<\/p>\n<p>    <a itemprop=\"url\" href=\"https:\/\/www.seher.no\/kjendis\/bekrefter-sjokkryktene\/83759183\" rel=\"nofollow noopener\" target=\"_blank\"><\/p>\n<p>        <img loading=\"lazy\" decoding=\"async\" src=\"https:\/\/www.europesays.com\/no\/wp-content\/uploads\/2025\/12\/83759851.webp.webp\" width=\"980\" height=\"441\" title=\"Bekrefter sjokkryktene\" alt=\"\" class=\"lazyload\" style=\"--aspect-ratio-image: 2.22; \"\/><\/p>\n<p>        Bekrefter sjokkryktene<\/p>\n<p>    <\/a><\/p>\n<p>&#8211; Det har v\u00e6rt en s\u00e5 spesiell h\u00f8ytid, fortalte kilden til People.\u00a0<\/p>\n<p>Spears har hatt et anstrengt forhold til familiemedlemmene sine i \u00e5revis etter den 13 \u00e5r lange vergem\u00e5lsordningen som tok slutt i november 2021.<\/p>\n<p>    <a itemprop=\"url\" href=\"https:\/\/www.seher.no\/kjendis\/mener-han-reddet-henne\/78093386\" rel=\"nofollow noopener\" target=\"_blank\"><\/p>\n<p>        <img loading=\"lazy\" decoding=\"async\" src=\"https:\/\/www.europesays.com\/no\/wp-content\/uploads\/2025\/12\/78093089.webp.webp\" width=\"980\" height=\"441\" title=\"Mener han reddet henne\" alt=\"\" class=\"lazyload\" style=\"--aspect-ratio-image: 2.22; \"\/><\/p>\n<p>        Mener han reddet henne<\/p>\n<p>    <\/a><\/p>\n<p>44-\u00e5ringen ble satt under vergem\u00e5l i 2008 p\u00e5 grunn av hennes psyksike tilstand og rusmisbruk. Vergem\u00e5let ga faren, Jamie Spears, kontroll over boet hennes og andre aspekter av hennes personlige liv.\u00a0<\/p>\n<p>Hennes eldste s\u00f8nn tilbragte julen i Louisiana p\u00e5 grunn av arbeidsforpliktelser.\u00a0<\/p>\n","protected":false},"excerpt":{"rendered":"Britney Spears: Popstjernen gikk sarkastisk til angrep p\u00e5 familien i et bitende Instagram-innlegg etter \u00e5 ha feiret jul&hellip;\n","protected":false},"author":2,"featured_media":125141,"comment_status":"","ping_status":"","sticky":false,"template":"","format":"standard","meta":{"footnotes":""},"categories":[58],"tags":[4942,71,4943,479,30,28,29,72],"class_list":{"0":"post-125140","1":"post","2":"type-post","3":"status-publish","4":"format-standard","5":"has-post-thumbnail","7":"category-underholdning","8":"tag-britney-spears","9":"tag-entertainment","10":"tag-kevin-federline","11":"tag-kjendis","12":"tag-no","13":"tag-norge","14":"tag-norway","15":"tag-underholdning"},"share_on_mastodon":{"url":"https:\/\/pubeurope.com\/@no\/115810873046886288","error":""},"_links":{"self":[{"href":"https:\/\/www.europesays.com\/no\/wp-json\/wp\/v2\/posts\/125140","targetHints":{"allow":["GET"]}}],"collection":[{"href":"https:\/\/www.europesays.com\/no\/wp-json\/wp\/v2\/posts"}],"about":[{"href":"https:\/\/www.europesays.com\/no\/wp-json\/wp\/v2\/types\/post"}],"author":[{"embeddable":true,"href":"https:\/\/www.europesays.com\/no\/wp-json\/wp\/v2\/users\/2"}],"replies":[{"embeddable":true,"href":"https:\/\/www.europesays.com\/no\/wp-json\/wp\/v2\/comments?post=125140"}],"version-history":[{"count":0,"href":"https:\/\/www.europesays.com\/no\/wp-json\/wp\/v2\/posts\/125140\/revisions"}],"wp:featuredmedia":[{"embeddable":true,"href":"https:\/\/www.europesays.com\/no\/wp-json\/wp\/v2\/media\/125141"}],"wp:attachment":[{"href":"https:\/\/www.europesays.com\/no\/wp-json\/wp\/v2\/media?parent=125140"}],"wp:term":[{"taxonomy":"category","embeddable":true,"href":"https:\/\/www.europesays.com\/no\/wp-json\/wp\/v2\/categories?post=125140"},{"taxonomy":"post_tag","embeddable":true,"href":"https:\/\/www.europesays.com\/no\/wp-json\/wp\/v2\/tags?post=125140"}],"curies":[{"name":"wp","href":"https:\/\/api.w.org\/{rel}","templated":true}]}}