{"id":125146,"date":"2025-12-30T22:33:09","date_gmt":"2025-12-30T22:33:09","guid":{"rendered":"https:\/\/www.europesays.com\/no\/125146\/"},"modified":"2025-12-30T22:33:09","modified_gmt":"2025-12-30T22:33:09","slug":"godt-nytt-for-norge-dagbladet","status":"publish","type":"post","link":"https:\/\/www.europesays.com\/no\/125146\/","title":{"rendered":"Godt nytt for Norge &#8211; Dagbladet"},"content":{"rendered":"<ol>\n<li><a href=\"https:\/\/news.google.com\/rss\/articles\/CBMia0FVX3lxTE5pNVZLMUVya0VmTUR1azVWZC1hT0VoamU4RC1LaHE2M1hIOWVXQ1J5NWo5M3ZPWHFuU1FpYVpKa3MwaExmaktaUzZBYndpLVZYdEJRNW1qWm9IQkI4cFJmcVg3dWVMTEd6MV9V?oc=5\" target=\"_blank\" rel=\"nofollow noopener\">Godt nytt for Norge<\/a>&nbsp;&nbsp;Dagbladet<\/li>\n<li><a href=\"https:\/\/news.google.com\/rss\/articles\/CBMihAFBVV95cUxNNXFodW1WVUZvTjRiN3BtREF2c0lmX1FwNDFTcmNKRnZETFVTd1RnQVR1RW44MEt4SUlqQV8ycUhiSkh2cE9FQkNMR0hvSjY1X0kzNDMzYVRJY0E3TVFVU2tNTVk3bmVEVzhxNHU1a0VfQmlSbFo2b0FScTlpOXlnSW41QmY?oc=5\" target=\"_blank\" rel=\"nofollow noopener\">\u00d8degaard-assist i toppkampen mot Aston Villa<\/a>&nbsp;&nbsp;VG<\/li>\n<li><a href=\"https:\/\/news.google.com\/rss\/articles\/CBMikwFBVV95cUxOdk1kOVNzQW9CV28wUlVCbzJVbVVTczFaZGxnQ3hQRmVwU183bU5hTUl4VkVtVV9CZWRZU2FxSlM5ei13ZXFTWVdpNmNhdXpCMXNyYzJadzVnZEJpZzh0YndSWEdSMjFpZEhHS3owTlRXd0N3TWE5Z1htLTBVRGMtdkRsaE52VVpTS0xkdW9YckRuOG8?oc=5\" target=\"_blank\" rel=\"nofollow noopener\">TV-profil med v\u00e5gal sp\u00e5dom: \u2013 Da vinner de Premier League<\/a>&nbsp;&nbsp;TV2.no<\/li>\n<li><a href=\"https:\/\/news.google.com\/rss\/articles\/CBMiowFBVV95cUxNY3NxWGZfMUtDY0lnOVdxQ2hMb0dfWnprQjA3VXdJbWItU1BHVnVuNGpFakQxTmFIOUxBcDF6V3BCSkVhcEo1V3VXc0FrVmNneHNaRE85NmlVc0xXaERBVEJsLVdvdnRvMmlXdkgyaWVlLUt1Y2UwWldRVHlKWGI2UXhYZmYybG9ncEpQaHc2d3c4aGQ3NjRTMHdYdHhYRUZHSFZN?oc=5\" target=\"_blank\" rel=\"nofollow noopener\">Arsenal ydmyket Aston Villa i toppkampen \u2013 \u00d8degaard med prakt-assist<\/a>&nbsp;&nbsp;fvn.no<\/li>\n<li><a href=\"https:\/\/news.google.com\/rss\/articles\/CBMiZkFVX3lxTE4xRU1mVzhDeTZNSi1uQzFNQm82STRRM3JBOTZMR1F0eTQ5OTBIeE1sUzhqeVhGTUROOFdzWlQ0Wko1WDJrZTlobzVQSWVfQUJFeXV6RkJETmVjOVhENGZtWWVwU1Vqdw?oc=5\" target=\"_blank\" rel=\"nofollow noopener\">Sportsstudio &#8211; Arsenal ydmyket Aston Villa i toppkampen \u2013 \u00d8degaard med prakt-assist<\/a>&nbsp;&nbsp;Stavanger Aftenblad<\/li>\n<\/ol>\n","protected":false},"excerpt":{"rendered":"Godt nytt for Norge&nbsp;&nbsp;Dagbladet \u00d8degaard-assist i toppkampen mot Aston Villa&nbsp;&nbsp;VG TV-profil med v\u00e5gal sp\u00e5dom: \u2013 Da vinner de&hellip;\n","protected":false},"author":2,"featured_media":125147,"comment_status":"","ping_status":"","sticky":false,"template":"","format":"standard","meta":{"footnotes":""},"categories":[59],"tags":[92,181,30,28,29,83,82],"class_list":{"0":"post-125146","1":"post","2":"type-post","3":"status-publish","4":"format-standard","5":"has-post-thumbnail","7":"category-sport","8":"tag-fotball","9":"tag-martin-odegaard","10":"tag-no","11":"tag-norge","12":"tag-norway","13":"tag-sport","14":"tag-sports"},"share_on_mastodon":{"url":"https:\/\/pubeurope.com\/@no\/115810900734355370","error":""},"_links":{"self":[{"href":"https:\/\/www.europesays.com\/no\/wp-json\/wp\/v2\/posts\/125146","targetHints":{"allow":["GET"]}}],"collection":[{"href":"https:\/\/www.europesays.com\/no\/wp-json\/wp\/v2\/posts"}],"about":[{"href":"https:\/\/www.europesays.com\/no\/wp-json\/wp\/v2\/types\/post"}],"author":[{"embeddable":true,"href":"https:\/\/www.europesays.com\/no\/wp-json\/wp\/v2\/users\/2"}],"replies":[{"embeddable":true,"href":"https:\/\/www.europesays.com\/no\/wp-json\/wp\/v2\/comments?post=125146"}],"version-history":[{"count":0,"href":"https:\/\/www.europesays.com\/no\/wp-json\/wp\/v2\/posts\/125146\/revisions"}],"wp:featuredmedia":[{"embeddable":true,"href":"https:\/\/www.europesays.com\/no\/wp-json\/wp\/v2\/media\/125147"}],"wp:attachment":[{"href":"https:\/\/www.europesays.com\/no\/wp-json\/wp\/v2\/media?parent=125146"}],"wp:term":[{"taxonomy":"category","embeddable":true,"href":"https:\/\/www.europesays.com\/no\/wp-json\/wp\/v2\/categories?post=125146"},{"taxonomy":"post_tag","embeddable":true,"href":"https:\/\/www.europesays.com\/no\/wp-json\/wp\/v2\/tags?post=125146"}],"curies":[{"name":"wp","href":"https:\/\/api.w.org\/{rel}","templated":true}]}}