{"id":125148,"date":"2025-12-30T22:34:30","date_gmt":"2025-12-30T22:34:30","guid":{"rendered":"https:\/\/www.europesays.com\/no\/125148\/"},"modified":"2025-12-30T22:34:30","modified_gmt":"2025-12-30T22:34:30","slug":"marka-nordmarka-hit-pleier-anders-baasmo-a-dra-pa-tur-i-oslo-omradet","status":"publish","type":"post","link":"https:\/\/www.europesays.com\/no\/125148\/","title":{"rendered":"Marka, Nordmarka | Hit pleier Anders Baasmo \u00e5 dra p\u00e5 tur i Oslo-omr\u00e5det"},"content":{"rendered":"\n<p>49-\u00e5ringen er utdannet ved Statens teaterh\u00f8gskole og har gjort en betydelig karriere b\u00e5de p\u00e5 teaterscenen og i film- og TV-produksjoner. Han har blant annet f\u00e5tt Amandaprisen for beste mannlige skuespiller.<\/p>\n<p>I 2024 <a href=\"https:\/\/www.nab.no\/kjendispar-har-kjopt-ny-bolig\/s\/5-143-478903\" rel=\"Follow nofollow noopener\" target=\"_blank\">kj\u00f8pte han en halv tomannsbolig p\u00e5 Ullev\u00e5l<\/a> med partneren Marie Blokhus (43). Ogs\u00e5 hun er en kjent skuespiller.<\/p>\n<p>   <img decoding=\"async\" width=\"5395\" height=\"3597\" fetchpriority=\"low\"  loading=\"lazy\"  src=\"https:\/\/www.europesays.com\/no\/wp-content\/uploads\/2025\/12\/cueres_scp-mangler_navn_5CinD0SAiDo.jpg\" alt=\"Oslo, Norway 20250825. &#10;Anders Baasmo Christiansen og Marie Blohus p\u00e5 r\u00f8d l\u00f8per f\u00f8r visningen av Affeksjonsverdi som er \u00e5pningsfilmen p\u00e5 Oslo Pix.&#10;Foto: Jonas F\u00e6ste Laksekj\u00f8n \/ NTB\" class=\"brick-c-cFOWSL\" style=\"--brick-image-ratio: 5395 \/ 3597;\"\/><\/p>\n<p>      Anders Baasmo Christiansen og Marie Blohus p\u00e5 r\u00f8d l\u00f8per i august.<br \/>\n      Foto: Jonas F\u00e6ste Laksekj\u00f8n \/ NTB\n    <\/p>\n<p><b>I et intervju med <a href=\"https:\/\/www.aftenposten.no\/amagasinet\/i\/lwp61M\/skuespiller-anders-baasmo-skulle-ta-fri-for-aa-vaere-sammen-med-familien-i-stedet-dro-han-paa-fotballtur-til-afrika\" rel=\"Follow nofollow noopener\" target=\"_blank\">A-magasinet<\/a> kommer det frem at skuespilleren bruker naturen mye. Blant turm\u00e5lene er Skjennungstua, Kobberhaughytta og Grefsenkollen.<\/b><\/p>\n<p>N\u00e5r han g\u00e5r, pugger han gjerne tekster. Og da har folk ofte sett rart p\u00e5 ham, if\u00f8lge A-magasinet.<\/p>\n<p>\u2013 Jeg har g\u00e5tt og snakket med meg selv. Det er blitt noen blikk n\u00e5r jeg har sittet p\u00e5 markahyttene og mumlet. Men ikke n\u00e5 lenger, forteller han.<\/p>\n<p>\u00c5rsaken er, if\u00f8lge Baasmo selv, at han g\u00e5r med Airpods.<\/p>\n<p>\u2013 Og det ser ut som jeg snakker i telefonen. I dag g\u00e5r alle med Airpods, s\u00e5 jeg skiller meg ikke ut lenger.<\/p>\n<p>  <a href=\"https:\/\/www.nab.no\/5-143-615226\" class=\"related-teaser has-image default-story-teaser article--c-eRUmMG article--c-eRUmMG-jKCPdD-design-default\" wp_automatic_readability=\"1\" rel=\"nofollow noopener\" target=\"_blank\"><\/p>\n<p>    For abonnenter<\/p>\n<p>    <img decoding=\"async\" loading=\"lazy\"  src=\"https:\/\/www.europesays.com\/no\/wp-content\/uploads\/2025\/12\/collage+kjendiser.jpg\" alt=\"\" class=\"brick-c-cFOWSL\" style=\"\"\/><\/p>\n<p>\n            Les ogs\u00e5<\/p>\n<p>  Se hva kjendisene i Nordre Aker tjente i 2024<\/p>\n<p>  <\/a><\/p>\n<p>  <a href=\"https:\/\/www.nab.no\/5-143-478903\" class=\"related-teaser has-image default-story-teaser article--c-eRUmMG article--c-eRUmMG-jKCPdD-design-default\" wp_automatic_readability=\"1\" rel=\"nofollow noopener\" target=\"_blank\"><\/p>\n<p>    For abonnenter<\/p>\n<p>    <img decoding=\"async\" loading=\"lazy\"  src=\"https:\/\/www.europesays.com\/no\/wp-content\/uploads\/2025\/12\/God+Nok-festivalen+2020.jpg\" alt=\"\" class=\"brick-c-cFOWSL\" style=\"\"\/><\/p>\n<p>\n            Les ogs\u00e5<\/p>\n<p>  Kjendispar bladde opp for ny bolig: \u2013 Sjelden perle<\/p>\n<p>  <\/a><\/p>\n<p>  <a href=\"https:\/\/www.nab.no\/5-143-614860\" class=\"related-teaser has-image default-story-teaser article--c-eRUmMG article--c-eRUmMG-jKCPdD-design-default\" wp_automatic_readability=\"1\" rel=\"nofollow noopener\" target=\"_blank\"><\/p>\n<p>    For abonnenter<\/p>\n<p>    <img decoding=\"async\" loading=\"lazy\"  src=\"https:\/\/www.europesays.com\/no\/wp-content\/uploads\/2025\/12\/1767134070_532_5_143_379161+IMG_4286.JPG\" alt=\"\" class=\"brick-c-cFOWSL\" style=\"\"\/><\/p>\n<p>\n            Les ogs\u00e5<\/p>\n<p>  Artisten avsl\u00f8rer flytteplaner til bydelen: \u2013 N\u00e5 kan jeg si det!<\/p>\n<p>  <\/a><\/p>\n<p>  <a href=\"https:\/\/www.nab.no\/5-143-493829\" class=\"related-teaser has-image default-story-teaser article--c-eRUmMG article--c-eRUmMG-jKCPdD-design-default\" wp_automatic_readability=\"1\" rel=\"nofollow noopener\" target=\"_blank\"><\/p>\n<p>    For abonnenter<\/p>\n<p>    <img decoding=\"async\" loading=\"lazy\"  src=\"https:\/\/www.europesays.com\/no\/wp-content\/uploads\/2025\/12\/6b3f1e61-ba06-4be7-8aa2-8af80ed71120.jpg\" alt=\"\" class=\"brick-c-cFOWSL\" style=\"\"\/><\/p>\n<p>\n            Les ogs\u00e5<\/p>\n<p>  Komiker punget ut for bolig<\/p>\n<p>  <\/a><\/p>\n","protected":false},"excerpt":{"rendered":"49-\u00e5ringen er utdannet ved Statens teaterh\u00f8gskole og har gjort en betydelig karriere b\u00e5de p\u00e5 teaterscenen og i film-&hellip;\n","protected":false},"author":2,"featured_media":125149,"comment_status":"","ping_status":"","sticky":false,"template":"","format":"standard","meta":{"footnotes":""},"categories":[58],"tags":[1652,36,71,14764,4482,30,12119,28,29,1510,3065,72],"class_list":{"0":"post-125148","1":"post","2":"type-post","3":"status-publish","4":"format-standard","5":"has-post-thumbnail","7":"category-underholdning","8":"tag-anders-baasmo","9":"tag-art","10":"tag-entertainment","11":"tag-grefsenkollen","12":"tag-marka","13":"tag-no","14":"tag-nordmarka","15":"tag-norge","16":"tag-norway","17":"tag-story","18":"tag-ulleval","19":"tag-underholdning"},"share_on_mastodon":{"url":"https:\/\/pubeurope.com\/@no\/115810904544399369","error":""},"_links":{"self":[{"href":"https:\/\/www.europesays.com\/no\/wp-json\/wp\/v2\/posts\/125148","targetHints":{"allow":["GET"]}}],"collection":[{"href":"https:\/\/www.europesays.com\/no\/wp-json\/wp\/v2\/posts"}],"about":[{"href":"https:\/\/www.europesays.com\/no\/wp-json\/wp\/v2\/types\/post"}],"author":[{"embeddable":true,"href":"https:\/\/www.europesays.com\/no\/wp-json\/wp\/v2\/users\/2"}],"replies":[{"embeddable":true,"href":"https:\/\/www.europesays.com\/no\/wp-json\/wp\/v2\/comments?post=125148"}],"version-history":[{"count":0,"href":"https:\/\/www.europesays.com\/no\/wp-json\/wp\/v2\/posts\/125148\/revisions"}],"wp:featuredmedia":[{"embeddable":true,"href":"https:\/\/www.europesays.com\/no\/wp-json\/wp\/v2\/media\/125149"}],"wp:attachment":[{"href":"https:\/\/www.europesays.com\/no\/wp-json\/wp\/v2\/media?parent=125148"}],"wp:term":[{"taxonomy":"category","embeddable":true,"href":"https:\/\/www.europesays.com\/no\/wp-json\/wp\/v2\/categories?post=125148"},{"taxonomy":"post_tag","embeddable":true,"href":"https:\/\/www.europesays.com\/no\/wp-json\/wp\/v2\/tags?post=125148"}],"curies":[{"name":"wp","href":"https:\/\/api.w.org\/{rel}","templated":true}]}}