{"id":125153,"date":"2025-12-30T22:39:08","date_gmt":"2025-12-30T22:39:08","guid":{"rendered":"https:\/\/www.europesays.com\/no\/125153\/"},"modified":"2025-12-30T22:39:08","modified_gmt":"2025-12-30T22:39:08","slug":"odegaard-med-assist-i-arsenals-seier-over-aston-villa","status":"publish","type":"post","link":"https:\/\/www.europesays.com\/no\/125153\/","title":{"rendered":"\u00d8degaard med assist i Arsenals seier over Aston Villa"},"content":{"rendered":"\n<p class=\"_lead_o9xde_2 _lead_xtcu6_50 layout-component text-serif-m layout-normal text-serif-l layout-component layout-wide layout-padded _wide_17hqh_1 layout-padded\">Martin \u00d8degaard med nok et m\u00e5lpoeng da Arsenal fikk en liten luke til jagende Manchester City, etter en maktdemonstrasjon mot ligatreeren.<\/p>\n<p><img alt=\"Martin \u00d8degaard kunne strekke armene i v\u00e6ret etter en meget sterkt seier hjemme mot Aston Villa. Foto: NTB\" class=\"_image_qp4xg_65 layout-component layout-wide\" data-fullscreen- data-track-element-type=\"Article image fullscreen\" data-track-name=\"ImageFullscreen\" fetchpriority=\"high\" decoding=\"sync\" loading=\"eager\" height=\"607\" itemprop=\"image\"  src=\"https:\/\/www.europesays.com\/no\/wp-content\/uploads\/2025\/12\/e6010ae8-7dc9-4be9-a276-b7748abb2abc.png\"  style=\"object-position:0% 0%\" width=\"1024\"\/>Martin \u00d8degaard kunne strekke armene i v\u00e6ret etter en meget sterkt seier hjemme mot Aston Villa. Foto: NTB<\/p>\n<ul aria-hidden=\"true\" class=\"_images_ntbth_112\">\n<li><a class=\"_link_ntbth_117\" href=\"https:\/\/www.vg.no\/forfatter\/mads-thygesen\" style=\"z-index:1\" title=\"Mads Thygesen\" rel=\"nofollow noopener\" target=\"_blank\"><img alt=\"Bilde av Mads Thygesen\" class=\"_image_ntbth_93\" fetchpriority=\"low\" loading=\"lazy\" decoding=\"async\" itemprop=\"image\"  src=\"https:\/\/www.europesays.com\/no\/wp-content\/uploads\/2025\/12\/1767134348_607_d82576b6-c31c-43fc-a223-28ce8745295c.jpeg\"  width=\"480\"\/><\/a><\/li>\n<\/ul>\n<p> Oppdatert tirsdag 30. desember kl. 23:37    <\/p>\n<ul class=\"_list_o9xde_3 _list_64s2r_85 _unordered_o9xde_106 text-sans-m\">\n<li class=\"_item_o9xde_30\">Martin \u00d8degaard leverte nok et m\u00e5lpoeng da Arsenal vant 4-1 over Aston Villa.<\/li>\n<li class=\"_item_o9xde_30\">Gabriel og Zubimendi scoret hver sin gang tidlig i andre omgang.<\/li>\n<li class=\"_item_o9xde_30\">Arsenal \u00f8kte sin ledelse til Manchester City med fem poeng p\u00e5 toppen av Premier League-tabellen.<\/li>\n<\/ul>\n<p>Vis mer <\/p>\n<p class=\"_paragraph_o9xde_4 _paragraph_xtcu6_10 layout-component text-serif-m layout-normal text-serif-m layout-padded\">P\u00e5 Emirates Stadium er det ingen som har klar \u00e5 overvinne \u00abThe Gunners\u00bb hittil denne sesongen. Og den statistikken er fortsatt gjeldende etter tirsdagens kamp. <\/p>\n<p class=\"_paragraph_o9xde_4 _paragraph_xtcu6_10 layout-component text-serif-m layout-normal text-serif-m layout-padded\">Selv ikke et Aston Villa som er ubeseiret p\u00e5 sine elleve siste kamper i <a href=\"https:\/\/www.vg.no\/tag\/premier-league?utm_source=vg-article&amp;utm_medium=auto-tagger&amp;utm_campaign=9pvelE\" class=\"_link_o9xde_39\" rel=\"nofollow noopener\" target=\"_blank\">Premier League<\/a> klarte \u00e5 innta fortet Mikel Arteta og hans mannskap har bygd p\u00e5 Emirates.<\/p>\n<p class=\"_paragraph_o9xde_4 _paragraph_xtcu6_10 layout-component text-serif-m layout-normal text-serif-m layout-padded\">\u2013 Et enormt resultat for dem p\u00e5 mange m\u00e5ter. Det er f\u00f8rste gang Arsenal har sl\u00e5tt en ekte rival. De fullstendig knuste Aston Villa, sier Jamie Carragher i Sky Sports-studioet etter kampen.<\/p>\n<p class=\"_paragraph_o9xde_4 _paragraph_xtcu6_10 layout-component text-serif-m layout-normal text-serif-m layout-padded\">\u2013 Psykologisk sett f\u00f8ltes det som mer enn tre poeng, fortsetter \u00abpunditen\u00bb.<\/p>\n<p class=\"_paragraph_o9xde_4 _paragraph_xtcu6_10 layout-component text-serif-m layout-normal text-serif-m layout-padded\">Etter en sjansefattig f\u00f8rste omgang kom hjemmelaget ut som en kanonkule etter hvilen.<\/p>\n<p class=\"_paragraph_o9xde_4 _paragraph_xtcu6_10 layout-component text-serif-m layout-normal text-serif-m layout-padded\">Ti minutter ut i de siste 45 minuttene hadde Gabriel og Zubimendi puttet to baller i nettet bak tidligere Arsenal-m\u00e5lvakt Emiliano Mart\u00ednez.<\/p>\n<p class=\"_paragraph_o9xde_4 _paragraph_xtcu6_10 layout-component text-serif-m layout-normal text-serif-m layout-padded\">Nest sist p\u00e5 2\u20130-scoringen var Martin \u00d8degaard, da han serverte navnebror Mart\u00edn Zubimendi. Det er kapteinens andre m\u00e5lpoeng p\u00e5 like mange kamper.<\/p>\n<p class=\"_paragraph_o9xde_4 _paragraph_xtcu6_10 layout-component text-serif-m layout-normal text-serif-m layout-padded\">\u2013 Det er en veldig, veldig viktig m\u00e5lgivende pasning, kommenterte Sky Sports-ekspert og tidligere Arsenal-stjerne Alan Smith.<\/p>\n<p class=\"_paragraph_o9xde_4 _paragraph_xtcu6_10 layout-component text-serif-m layout-normal text-serif-m layout-padded\">\u2013 M\u00e5let til Zubimendi, med assisten til Martin \u00d8degaard \u2013 det er kampens \u00f8yeblikk, sier Viaplay-kommentator Eivind Bisgaard Sundet.<\/p>\n<p class=\"_paragraph_o9xde_4 _paragraph_xtcu6_10 layout-component text-serif-m layout-normal text-serif-m layout-padded\">Mot Brighton i forrige serierunde sendte han laget sitt i f\u00f8ringen, i en kamp Arsenal vant 2\u20131. \u00d8degaard fortsatte \u00e5 str\u00f8 om seg med flotte pasninger og h\u00f8stet Smit gjennom kampen.<\/p>\n<p class=\"_paragraph_o9xde_4 _paragraph_xtcu6_10 layout-component text-serif-m layout-normal text-serif-m layout-padded\">\u2013 Det var et vakkert innlegg fra \u00d8degaard som skapte store problemer, kommenterte han etter at nordmannen fant Leandro Trossard med et str\u00f8kent innlegg.<\/p>\n<p class=\"_paragraph_o9xde_4 _paragraph_xtcu6_10 layout-component text-serif-m layout-normal text-serif-m layout-padded\">Under og etter kampen er \u00d8degaard spilleren som hylles i sosiale medier og av fotballeksperter. Inn mot \u00e5rets siste dag i morgen mener Bisgaard Sundet at drammenseren fortjener litt ekstra feiring.<\/p>\n<p class=\"_paragraph_o9xde_4 _paragraph_xtcu6_10 layout-component text-serif-m layout-normal text-serif-m layout-padded\">\u2013 De trenger ikke spare p\u00e5 rakettene i Drammen i morgen, for Martin \u00d8degaard fortjener litt ekstra fyrverkeri i morgen, sier han etter kampslutt.<\/p>\n<p><img alt=\"Foto: John Walton \/ Pa Photos \/ NTB\" class=\"_image_qp4xg_65 layout-component layout-normal\" data-fullscreen- data-track-element-type=\"Article image fullscreen\" data-track-name=\"ImageFullscreen\" decoding=\"async\" loading=\"lazy\" height=\"2510\" itemprop=\"image\"  src=\"https:\/\/www.europesays.com\/no\/wp-content\/uploads\/2025\/12\/e3fb7f12-8d09-4576-a555-41188e903126.png\"  style=\"object-position:0% 0%\" width=\"3825\"\/>Foto: John Walton \/ Pa Photos \/ NTB<\/p>\n<p class=\"_paragraph_o9xde_4 _paragraph_xtcu6_10 layout-component text-serif-m layout-normal text-serif-m layout-padded\">M\u00e5lene fortsatte \u00e5 renne inn bak verdensmesteren bak hos gjestene. I sluttminuttene fikk Villa og Ollie Watkins en tr\u00f8stescoring. Sluttresultatet ble 4\u20131 til hjemmelaget.<\/p>\n<p class=\"_paragraph_o9xde_4 _paragraph_xtcu6_10 layout-component text-serif-m layout-normal text-serif-m layout-padded\">\u2013 Det f\u00f8les som en skikkelig signalseier for Arsenal. De har slitt med \u00e5 ta vare p\u00e5 sjansene sine i de siste kampene, men ikke i kveld. De var fullstendig n\u00e5del\u00f8se i andre omgang, sier Sky Sportskommentator Nick Wright etter kampen.<\/p>\n<p class=\"_paragraph_o9xde_4 _paragraph_xtcu6_10 layout-component text-serif-m layout-normal text-serif-m layout-padded\">Med seier over Aston Villa tirsdag kveld ville Arsenal f\u00e5 litt pusterom fra godstoget Manchester City, som virkelig har f\u00e5tt opp dampen og puster ligalederen i nakken.<\/p>\n<p class=\"_paragraph_o9xde_4 _paragraph_xtcu6_10 layout-component text-serif-m layout-normal text-serif-m layout-padded\">Seier til Arsenal ville gi dem en luke p\u00e5 fem poeng ned til de lysebl\u00e5, men med en kamp mer spilt.<\/p>\n<p><img alt=\"Gabriel Jesus scoret p\u00e5 sin f\u00f8rste ber\u00f8ring p\u00e5 ballen. Det feiret han med en hyllest.  Foto: Alastair Grant \/ AP \/ NTB\" class=\"_image_qp4xg_65 layout-component layout-normal\" data-fullscreen- data-track-element-type=\"Article image fullscreen\" data-track-name=\"ImageFullscreen\" decoding=\"async\" loading=\"lazy\" height=\"1293\" itemprop=\"image\"  src=\"https:\/\/www.europesays.com\/no\/wp-content\/uploads\/2025\/12\/9460344c-a6d8-479e-8234-6b1cb5b4929d.jpeg\"  style=\"object-position:0% 0%\" width=\"1940\"\/>Gabriel Jesus scoret p\u00e5 sin f\u00f8rste ber\u00f8ring p\u00e5 ballen. Det feiret han med en hyllest.  Foto: Alastair Grant \/ AP \/ NTB<\/p>\n<p class=\"_paragraph_o9xde_4 _paragraph_xtcu6_10 layout-component text-serif-m layout-normal text-serif-m layout-padded\">Gabriel var igjen \u00e5 se i midtforsvaret til Arsenal i samme kamp. Brasilianeren fikk spille de siste 20 minuttene etter \u00e5 ha v\u00e6rt ute lenge med skade.<\/p>\n<p class=\"_paragraph_o9xde_4 _paragraph_xtcu6_10 layout-component text-serif-m layout-normal text-serif-m layout-padded\">Han har tilbake i midtforsvaret sammen med sin vante partner William Saliba. Men med dr\u00f8ye femten minutter igjen av oppgj\u00f8ret m\u00e5tte han forlate banen med smerter i beinet.<\/p>\n<p class=\"_paragraph_o9xde_4 _paragraph_xtcu6_10 layout-component text-serif-m layout-normal text-serif-m layout-padded\">\u2013 Det har noen vanskelig dager for meg. Jeg er veldig glad for \u00e5 v\u00e6re tilbake. Vi er glade n\u00e5 for dette var en bra kamp fra v\u00e5r side, sier Gabriel til Sky Sports etter kampen.<\/p>\n<p class=\"_paragraph_o9xde_4 _paragraph_xtcu6_10 layout-component text-serif-m layout-normal text-serif-m layout-padded\">Brasilianerens forsvars-kollegaer Jurri\u00ebn Timber, Ben White, Piero Hincapi\u00e9, Cristhian Mosquera og Riccardo Calafiori har alle hatt sine skadeproblemer.<\/p>\n<p class=\"_paragraph_o9xde_4 _paragraph_xtcu6_10 layout-component text-serif-m layout-normal text-serif-m layout-padded\">Timber og Hincapi\u00e9 var begge i startoppstillingen til Mikel Arteta.<\/p>\n<p class=\"_paragraph_o9xde_4 _paragraph_xtcu6_10 layout-component text-serif-m layout-normal text-serif-m layout-padded\">Gjestene fra Birmingham kom til London med elleve strake seire, sist borte mot Chelsea.<\/p>\n<p class=\"_paragraph_o9xde_4 _paragraph_xtcu6_10 layout-component text-serif-m layout-normal text-serif-m layout-padded\">Arsenal har ett tap p\u00e5 sine ti siste kamper i alle konkurranser. Sist tap kom borte mot Aston Villa 6. desember, men gjestene klarte ikke \u00e5 gjenta suksessen fra hjemmebane.<\/p>\n","protected":false},"excerpt":{"rendered":"Martin \u00d8degaard med nok et m\u00e5lpoeng da Arsenal fikk en liten luke til jagende Manchester City, etter en&hellip;\n","protected":false},"author":2,"featured_media":125154,"comment_status":"","ping_status":"","sticky":false,"template":"","format":"standard","meta":{"footnotes":""},"categories":[5],"tags":[328,8372,20,21,24,25,92,15,19,22,23,17,18,181,13,30,28,29,14,16,161,26,27],"class_list":{"0":"post-125153","1":"post","2":"type-post","3":"status-publish","4":"format-standard","5":"has-post-thumbnail","7":"category-overskrifter","8":"tag-arsenal","9":"tag-aston-villa","10":"tag-breaking-news","11":"tag-breakingnews","12":"tag-featured-news","13":"tag-featurednews","14":"tag-fotball","15":"tag-headlines","16":"tag-hovedoppslag","17":"tag-latest-news","18":"tag-latestnews","19":"tag-main-news","20":"tag-mainnews","21":"tag-martin-odegaard","22":"tag-news","23":"tag-no","24":"tag-norge","25":"tag-norway","26":"tag-nyheter","27":"tag-overskrifter","28":"tag-premier-league","29":"tag-top-stories","30":"tag-topstories"},"share_on_mastodon":{"url":"https:\/\/pubeurope.com\/@no\/115810924206363046","error":""},"_links":{"self":[{"href":"https:\/\/www.europesays.com\/no\/wp-json\/wp\/v2\/posts\/125153","targetHints":{"allow":["GET"]}}],"collection":[{"href":"https:\/\/www.europesays.com\/no\/wp-json\/wp\/v2\/posts"}],"about":[{"href":"https:\/\/www.europesays.com\/no\/wp-json\/wp\/v2\/types\/post"}],"author":[{"embeddable":true,"href":"https:\/\/www.europesays.com\/no\/wp-json\/wp\/v2\/users\/2"}],"replies":[{"embeddable":true,"href":"https:\/\/www.europesays.com\/no\/wp-json\/wp\/v2\/comments?post=125153"}],"version-history":[{"count":0,"href":"https:\/\/www.europesays.com\/no\/wp-json\/wp\/v2\/posts\/125153\/revisions"}],"wp:featuredmedia":[{"embeddable":true,"href":"https:\/\/www.europesays.com\/no\/wp-json\/wp\/v2\/media\/125154"}],"wp:attachment":[{"href":"https:\/\/www.europesays.com\/no\/wp-json\/wp\/v2\/media?parent=125153"}],"wp:term":[{"taxonomy":"category","embeddable":true,"href":"https:\/\/www.europesays.com\/no\/wp-json\/wp\/v2\/categories?post=125153"},{"taxonomy":"post_tag","embeddable":true,"href":"https:\/\/www.europesays.com\/no\/wp-json\/wp\/v2\/tags?post=125153"}],"curies":[{"name":"wp","href":"https:\/\/api.w.org\/{rel}","templated":true}]}}