{"id":125157,"date":"2025-12-30T22:41:24","date_gmt":"2025-12-30T22:41:24","guid":{"rendered":"https:\/\/www.europesays.com\/no\/125157\/"},"modified":"2025-12-30T22:41:24","modified_gmt":"2025-12-30T22:41:24","slug":"it-vesken-fra-2000-tallet-gjor-comeback-i-2026","status":"publish","type":"post","link":"https:\/\/www.europesays.com\/no\/125157\/","title":{"rendered":"It-vesken fra 2000-tallet gj\u00f8r comeback i 2026"},"content":{"rendered":"<p class=\"kicker \" style=\"\">Vesker<\/p>\n<p>  Det var vesken du dr\u00f8mte om i 2006.\u00a0N\u00e5 vil alle ha den &#8211; igjen.<\/p>\n<p>\n    VESKE-TREND: Paris Hilton var en av de store it-jentene p\u00e5 2000-tallet. N\u00e5 vil alle ha vesken hun alltid hadde &#8211; igjen. FOTO: NTB\n  <\/p>\n<p>Moten er en lunefull st\u00f8rrelse. Med 10\u201320 \u00e5rs mellomrom vender trender ofte tilbake, trender vi i \u00e5revis har sverget p\u00e5 aldri \u00e5 r\u00f8re igjen, ikke engang med ildtang, men som vi plutselig ser p\u00e5 med fornyet begeistring og et snev av nostalgi.<\/p>\n<p>    <a itemprop=\"url\" href=\"https:\/\/www.kk.no\/mote\/spinnvilt\/83547043\" rel=\"nofollow noopener\" target=\"_blank\"><\/p>\n<p>        <img loading=\"lazy\" decoding=\"async\" src=\"https:\/\/www.europesays.com\/no\/wp-content\/uploads\/2025\/12\/83547059.webp.webp\" width=\"980\" height=\"441\" title=\"Koster nesten 90 000 kroner\" alt=\"\" class=\"lazyload\" style=\"--aspect-ratio-image: 2.22; \"\/><\/p>\n<p>        Koster nesten 90 000 kroner<\/p>\n<p>    <\/a><\/p>\n<p>Faktisk kan man g\u00e5 s\u00e5 langt som \u00e5 si at ting egentlig aldri g\u00e5r av moten, for alt kommer alltid tilbake. Fra trange jeans til lave liv, croptops, skulderputer, kunstl\u00e6r og batikk. Det er, og blir, en evig syklus.<\/p>\n<p>Er du en av dem som ogs\u00e5 tror p\u00e5 at alt alltid kommer igjen, er du kanskje ogs\u00e5 en av dem som aldri kvitter seg med noe. I s\u00e5 fall er du heldig, for da kan det hende at neste \u00e5rs st\u00f8rste vesketrend allerede ligger gjemt hjemme hos deg \u2013 som et glimt fra 2006.<\/p>\n<p>Vi snakker naturligvis om den legendariske \u00abSpeedy\u00bb-vesken fra Louis Vuitton, som hang over armen p\u00e5 2000-tallets it-girls \u2013 fra Lindsay Lohan og Paris Hilton til Tara Reid, Ashley Tisdale, Jessica Simpson og Kim Kardashian. Aller helst i graffiti-versjonen, som var resultatet av et samarbeid mellom Louis Vuitton og kunstneren Stephen Sprouse.<\/p>\n<p>    <a itemprop=\"url\" href=\"https:\/\/www.kk.no\/mote\/bedre-investering-enn-gull-1\/83290987\" rel=\"nofollow noopener\" target=\"_blank\"><\/p>\n<p>        <img loading=\"lazy\" decoding=\"async\" src=\"https:\/\/www.europesays.com\/no\/wp-content\/uploads\/2025\/12\/83297415.webp.webp\" width=\"980\" height=\"441\" title=\"- Bedre investering enn gull\" alt=\"\" class=\"lazyload\" style=\"--aspect-ratio-image: 2.22; \"\/><\/p>\n<p>        &#8211; Bedre investering enn gull<\/p>\n<p>    <\/a><\/p>\n<p>        <img loading=\"lazy\" decoding=\"async\" src=\"https:\/\/www.europesays.com\/no\/wp-content\/uploads\/2025\/12\/84034804.webp.webp\" width=\"667\" height=\"821\" title=\"FOTO: NTB\" alt=\"\" class=\"\" style=\"--aspect-ratio-image: 0.81; \"\/><\/p>\n<p>\n        FOTO: NTB\n    <\/p>\n<p>        <img loading=\"lazy\" decoding=\"async\" src=\"https:\/\/www.europesays.com\/no\/wp-content\/uploads\/2025\/12\/84034805.webp.webp\" width=\"667\" height=\"688\" title=\"FOTO: NTB\" alt=\"\" class=\"\" style=\"--aspect-ratio-image: 0.97; \"\/><\/p>\n<p>\n        FOTO: NTB\n    <\/p>\n<p>Og n\u00e5 er \u00abSpeedy\u00bb alts\u00e5 p\u00e5 vei tilbake i rekordfart. Det hele startet med et bilde av v\u00e5r tids it-girl Alexa Chung, som delte et bilde av seg selv med vesken over armen p\u00e5 sin Instagram Story i h\u00f8st. Og alle vet: N\u00e5r Alexa har godkjent en trend, da er det en trend.<\/p>\n<p>        MOTE: Se videoen for \u00e5 h\u00f8re KK sin moteekspert Ida Elise Eide Einarsd\u00f3ttir g\u00e5 gjennom alt om de nyeste trendene innen mote. Video: Aller media\/Oskar Brus\u00e9n<\/p>\n<p>    <a itemprop=\"url\" href=\"https:\/\/www.kk.no\/mote\/kjaeresten-min-lo-da-han-sa-hva-jeg-hadde-gjort\/82153589\" rel=\"nofollow noopener\" target=\"_blank\"><\/p>\n<p>        <img loading=\"lazy\" decoding=\"async\" src=\"https:\/\/www.europesays.com\/no\/wp-content\/uploads\/2025\/12\/82169396.webp.webp\" width=\"980\" height=\"441\" title=\"- Kj\u00e6resten min lo da han s\u00e5 hva jeg hadde gjort\" alt=\"\" class=\"lazyload\" style=\"--aspect-ratio-image: 2.22; \"\/><\/p>\n<p>        &#8211; Kj\u00e6resten min lo da han s\u00e5 hva jeg hadde gjort<\/p>\n<p>    <\/a><\/p>\n<p>Derfra begynte den nostalgiske vintage-vesken \u00e5 dukke opp overalt p\u00e5 Instagram \u2013 ofte pyntet med Labubu-bamser \u2013 og i tillegg har vesken f\u00e5tt et ansiktsl\u00f8ft hos Louis Vuitton i en helt ny og frisk 2026-utgave.<\/p>\n<p>    <a itemprop=\"url\" href=\"https:\/\/www.kk.no\/mote\/retro-vesken-alle-vil-ha\/82180742\" rel=\"nofollow noopener\" target=\"_blank\"><\/p>\n<p>        <img loading=\"lazy\" decoding=\"async\" src=\"https:\/\/www.europesays.com\/no\/wp-content\/uploads\/2025\/12\/82181313.webp.webp\" width=\"980\" height=\"441\" title=\"Retro-vesken alle vil ha\" alt=\"\" class=\"lazyload\" style=\"--aspect-ratio-image: 2.22; \"\/><\/p>\n<p>        Retro-vesken alle vil ha<\/p>\n<p>    <\/a><\/p>\n<p class=\"italic m-italic\" data-lab-italic=\"italic\">Denne saken ble f\u00f8rst publisert hos <a href=\"https:\/\/www.femina.dk\/popkultur\/stil\/mode\/denne-it-taske-fra-din-ungdom-goer-gigantisk-comeback-i-2026\" rel=\"nofollow noopener\" target=\"_blank\">Femina<\/a>, som ogs\u00e5 eies av Aller Media.<\/p>\n","protected":false},"excerpt":{"rendered":"Vesker Det var vesken du dr\u00f8mte om i 2006.\u00a0N\u00e5 vil alle ha den &#8211; igjen. VESKE-TREND: Paris Hilton&hellip;\n","protected":false},"author":2,"featured_media":125158,"comment_status":"","ping_status":"","sticky":false,"template":"","format":"standard","meta":{"footnotes":""},"categories":[58],"tags":[71,3964,4024,30,28,29,11879,72,7717],"class_list":{"0":"post-125157","1":"post","2":"type-post","3":"status-publish","4":"format-standard","5":"has-post-thumbnail","7":"category-underholdning","8":"tag-entertainment","9":"tag-louis-vuitton","10":"tag-mote","11":"tag-no","12":"tag-norge","13":"tag-norway","14":"tag-paris-hilton","15":"tag-underholdning","16":"tag-veske"},"share_on_mastodon":{"url":"https:\/\/pubeurope.com\/@no\/115810932096277416","error":""},"_links":{"self":[{"href":"https:\/\/www.europesays.com\/no\/wp-json\/wp\/v2\/posts\/125157","targetHints":{"allow":["GET"]}}],"collection":[{"href":"https:\/\/www.europesays.com\/no\/wp-json\/wp\/v2\/posts"}],"about":[{"href":"https:\/\/www.europesays.com\/no\/wp-json\/wp\/v2\/types\/post"}],"author":[{"embeddable":true,"href":"https:\/\/www.europesays.com\/no\/wp-json\/wp\/v2\/users\/2"}],"replies":[{"embeddable":true,"href":"https:\/\/www.europesays.com\/no\/wp-json\/wp\/v2\/comments?post=125157"}],"version-history":[{"count":0,"href":"https:\/\/www.europesays.com\/no\/wp-json\/wp\/v2\/posts\/125157\/revisions"}],"wp:featuredmedia":[{"embeddable":true,"href":"https:\/\/www.europesays.com\/no\/wp-json\/wp\/v2\/media\/125158"}],"wp:attachment":[{"href":"https:\/\/www.europesays.com\/no\/wp-json\/wp\/v2\/media?parent=125157"}],"wp:term":[{"taxonomy":"category","embeddable":true,"href":"https:\/\/www.europesays.com\/no\/wp-json\/wp\/v2\/categories?post=125157"},{"taxonomy":"post_tag","embeddable":true,"href":"https:\/\/www.europesays.com\/no\/wp-json\/wp\/v2\/tags?post=125157"}],"curies":[{"name":"wp","href":"https:\/\/api.w.org\/{rel}","templated":true}]}}