{"id":125161,"date":"2025-12-30T22:46:19","date_gmt":"2025-12-30T22:46:19","guid":{"rendered":"https:\/\/www.europesays.com\/no\/125161\/"},"modified":"2025-12-30T22:46:19","modified_gmt":"2025-12-30T22:46:19","slug":"fyrverkeri-kjaeledyr-hunden-max-funnet-dod-pa-buoya-i-arendal-skremt-av-fyrverkeri","status":"publish","type":"post","link":"https:\/\/www.europesays.com\/no\/125161\/","title":{"rendered":"Fyrverkeri, Kj\u00e6ledyr | Hunden Max funnet d\u00f8d p\u00e5 Bu\u00f8ya i Arendal \u2013 skremt av fyrverkeri"},"content":{"rendered":"\n<p>\u2013 Jeg har ikke f\u00e5tt sovet i natt. Det har aldri v\u00e6rt s\u00e5 stille i huset som n\u00e5. Jeg har det tungt n\u00e5 og er veldig lei meg, sier en sorgtynget Bakke til Nettavisen tirsdag ettermiddag.<\/p>\n<p>Hun og hunden Max var i friluftsomr\u00e5det p\u00e5 Bu\u00f8ya i Arendal mandag for \u00e5 g\u00e5 en tur. Da begynte noen \u00e5 skyte opp fyrverkeri, slik at Max ble redd og stakk av.<\/p>\n<p>\u2013 Det var en bil som lyste p\u00e5 oss da vi sto ved stranden, s\u00e5 smalt det fra et fyrverkeribatteri, forteller Bakke.<\/p>\n<p><a href=\"https:\/\/www.nrk.no\/sorlandet\/hund-blei-heilt-vill-etter-fyrverkerismell-og-funnen-dod-1.17708913\" rel=\"Follow nofollow noopener\" target=\"_blank\">NRK omtalte saken f\u00f8rst<\/a> etter at Bakke delte et Facebook-innlegg, hvor hun ba om hjelp for \u00e5 finne Max. Innlegget har vekket enormt engasjement med flere tusen reaksjoner og hundrevis av delinger.<\/p>\n<p>   <img decoding=\"async\" width=\"1428\" height=\"1526\" fetchpriority=\"low\"  loading=\"lazy\"  src=\"https:\/\/www.europesays.com\/no\/wp-content\/uploads\/2025\/12\/Randi+Bakke.jpg\" alt=\"KNUST: Randi Helene Dyngedal Bakke er i sorg etter at hunden Max (2) d\u00f8de.\" class=\"brick-c-cFOWSL\" style=\"--brick-image-ratio: 1428 \/ 1526;\"\/><\/p>\n<p>      KNUST: Randi Helene Dyngedal Bakke er i sorg etter at hunden Max (2) d\u00f8de.<br \/>\n      Foto: Privat\n    <\/p>\n<p>  \u2013 Max har l\u00f8pt seg i hjel<\/p>\n<p>Kort tid senere etter at Max sprang av g\u00e5rde fant hun hunden d\u00f8d i skogen. Bakke fant hunden med tunga ut av munnen og helt bl\u00e5, og fortalte til NRK at det kan v\u00e6re et tegn p\u00e5 hjertesvikt.<\/p>\n<p>\u2013 Jeg leverte ham til kremasjon i dag. Det er forel\u00f8pig ikke blitt foretatt en obduksjon, men Max har nok l\u00f8pt seg i hjel. Det kan ha v\u00e6rt noe underliggende, men det blir bare spekulasjoner. Max var alltid en sprudlende og leken hund, sier hun.<\/p>\n<p>Bakke snakket med politiet mandag kveld og ble oppfordret til \u00e5 anmelde saken.<\/p>\n<p>\u2013 Jeg kommer nok til \u00e5 politianmelde, men jeg har ikke mye informasjon. Jeg sto midt i leken med Max i g\u00e5r, s\u00e5 da var ikke skiltnummer p\u00e5 bilen noe jeg tenkte p\u00e5, opplyser Bakke ett d\u00f8gn senere.<\/p>\n<p><b>Les ogs\u00e5: <\/b><a class=\"simple-relation related-teaser article--c-eRUmMG article--c-eRUmMG-fZoQSp-design-nettavisen article--c-eRUmMG-gwthdJ-cv\" href=\"https:\/\/www.nettavisen.no\/halvparten-av-nordmenn-vil-forby-privat-fyrverkeri-av-hensyn-til-kjaledyr\/s\/5-95-2801359\" rel=\"nofollow noopener\" target=\"_blank\">Halvparten vil forby fyrverkeri: \u2013 De forst\u00e5r ingenting<\/a><\/p>\n<p>Vil ha totalforbud mot fyrverkeri<\/p>\n<p>Nytt\u00e5rsaften kommer til \u00e5 bli en fryktelig tung dag, forteller matmoren. Ikke bare fordi hun er uten Max, men ogs\u00e5 fordi hun igjen vil f\u00e5 assosiasjoner til fyrverkerier.<\/p>\n<p>\u2013 Det er p\u00e5 tide at vi forbyr hele dritten, n\u00e5r det ikke er bedre regulert enn det er n\u00e5. Mange hundeeiere gruer seg stort til nytt\u00e5rsaften, er Bakkes krystallklare beskjed.<\/p>\n<p><b>Les ogs\u00e5:<\/b> <a href=\"https:\/\/www.nettavisen.no\/nyheter\/hunden-bamse-er-funnet\/s\/5-95-2799148\" rel=\"Follow nofollow noopener\" target=\"_blank\">Hunden \u00abBamse\u00bb er funnet<\/a><\/p>\n<p>Hun forteller at mange har tatt kontakt med henne etter Facebook-innlegget, og at hun allerede har f\u00e5tt flere tilbud om en ny hund.<\/p>\n<p>\u2013 Det er veldig overveldende, men jeg klarer ikke \u00e5 tenke s\u00e5 langt n\u00e5, sier Bakke.<\/p>\n<p>Og hun legger til med en tydelig preget stemme:<\/p>\n<p>\u2013 Det er en 14-\u00e5ring som kommer hjem til et hus uten bestevennen sin. Han har avbrutt ferien, er knust og vil hjem til mamma.<\/p>\n<p>Halvparten vil forby fyrverkeri<\/p>\n<p>En fersk  viser at <a href=\"https:\/\/www.nettavisen.no\/nyheter\/halvparten-av-nordmenn-vil-forby-privat-fyrverkeri-av-hensyn-til-kjaledyr\/s\/5-95-2801359\" rel=\"Follow nofollow noopener\" target=\"_blank\">51 prosent av nordmenn \u00f8nsker \u00e5 forby privat fyrverkeri<\/a> av hensyn til kj\u00e6ledyr.<\/p>\n<p>\u2013 At over halvparten av de spurte \u00f8nsker et forbud, viser at dette er en problemstilling mange tar p\u00e5 alvor. Frykt kan gi b\u00e5de fysiske og psykiske belastninger for dyrene \u2013 de forst\u00e5r ingenting av det som skjer rundt seg, sier Espen Borge, kommunikasjonsr\u00e5dgiver i Tryg.<\/p>\n<p><b>Les ogs\u00e5: <\/b><a class=\"simple-relation related-teaser article--c-eRUmMG article--c-eRUmMG-fZoQSp-design-nettavisen article--c-eRUmMG-gwthdJ-cv\" href=\"https:\/\/www.nettavisen.no\/tok-livet-av-nell-og-vera\/s\/5-95-2214446\" rel=\"nofollow noopener\" target=\"_blank\">\u2013 Fyrverkeri tok livet av sauene Nell og Vera<\/a><\/p>\n<p>H\u00f8ye smell gj\u00f8r at mange dyr blir redde, r\u00f8mmer hjemmefra eller skader seg i panikk.<\/p>\n","protected":false},"excerpt":{"rendered":"\u2013 Jeg har ikke f\u00e5tt sovet i natt. Det har aldri v\u00e6rt s\u00e5 stille i huset som n\u00e5.&hellip;\n","protected":false},"author":2,"featured_media":125162,"comment_status":"","ping_status":"","sticky":false,"template":"","format":"standard","meta":{"footnotes":""},"categories":[10],"tags":[20,21,24,25,15,22,23,13,30,28,29,14,16,26,27],"class_list":{"0":"post-125161","1":"post","2":"type-post","3":"status-publish","4":"format-standard","5":"has-post-thumbnail","7":"category-norge","8":"tag-breaking-news","9":"tag-breakingnews","10":"tag-featured-news","11":"tag-featurednews","12":"tag-headlines","13":"tag-latest-news","14":"tag-latestnews","15":"tag-news","16":"tag-no","17":"tag-norge","18":"tag-norway","19":"tag-nyheter","20":"tag-overskrifter","21":"tag-top-stories","22":"tag-topstories"},"share_on_mastodon":{"url":"https:\/\/pubeurope.com\/@no\/115810951888049839","error":""},"_links":{"self":[{"href":"https:\/\/www.europesays.com\/no\/wp-json\/wp\/v2\/posts\/125161","targetHints":{"allow":["GET"]}}],"collection":[{"href":"https:\/\/www.europesays.com\/no\/wp-json\/wp\/v2\/posts"}],"about":[{"href":"https:\/\/www.europesays.com\/no\/wp-json\/wp\/v2\/types\/post"}],"author":[{"embeddable":true,"href":"https:\/\/www.europesays.com\/no\/wp-json\/wp\/v2\/users\/2"}],"replies":[{"embeddable":true,"href":"https:\/\/www.europesays.com\/no\/wp-json\/wp\/v2\/comments?post=125161"}],"version-history":[{"count":0,"href":"https:\/\/www.europesays.com\/no\/wp-json\/wp\/v2\/posts\/125161\/revisions"}],"wp:featuredmedia":[{"embeddable":true,"href":"https:\/\/www.europesays.com\/no\/wp-json\/wp\/v2\/media\/125162"}],"wp:attachment":[{"href":"https:\/\/www.europesays.com\/no\/wp-json\/wp\/v2\/media?parent=125161"}],"wp:term":[{"taxonomy":"category","embeddable":true,"href":"https:\/\/www.europesays.com\/no\/wp-json\/wp\/v2\/categories?post=125161"},{"taxonomy":"post_tag","embeddable":true,"href":"https:\/\/www.europesays.com\/no\/wp-json\/wp\/v2\/tags?post=125161"}],"curies":[{"name":"wp","href":"https:\/\/api.w.org\/{rel}","templated":true}]}}